{"id":42745,"date":"2015-12-30T17:07:21","date_gmt":"2015-12-30T23:07:21","guid":{"rendered":"http:\/\/elcronistadigital.com\/?p=42745"},"modified":"2015-12-30T17:07:21","modified_gmt":"2015-12-30T23:07:21","slug":"saga-del-general-sandino-contra-us-marines","status":"publish","type":"post","link":"https:\/\/elcronistadigital.com\/?p=42745","title":{"rendered":"Saga del general Sandino contra US Marines"},"content":{"rendered":"<p><span style=\"color: #993300;\"><em><strong><a href=\"https:\/\/elcronistadigital.com\/wp-content\/uploads\/2015\/12\/libro-Sandino.jpg\"><img loading=\"lazy\" decoding=\"async\" class=\"alignleft size-full wp-image-42746\" alt=\"libro Sandino\" src=\"https:\/\/elcronistadigital.com\/wp-content\/uploads\/2015\/12\/libro-Sandino.jpg\" width=\"275\" height=\"392\" srcset=\"https:\/\/elcronistadigital.com\/wp-content\/uploads\/2015\/12\/libro-Sandino.jpg 275w, https:\/\/elcronistadigital.com\/wp-content\/uploads\/2015\/12\/libro-Sandino-210x300.jpg 210w\" sizes=\"auto, (max-width: 275px) 100vw, 275px\" \/><\/a>* Una novela del puertorrique\u00f1o Diego de la Texera, quien recrea a un Sandino humano, mujeriego y valiente hasta el extremo, por lo que est\u00e1 salpicada de escenas er\u00f3ticas y picantes, siempre dentro del marco de la guerra, de los campamentos y fogatas de la \u00e9pica del General de Hombres Libres y su Peque\u00f1o Ej\u00e9rcito Loco, como lo llam\u00f3 Gabriela Mistral.<\/strong><\/em><\/span><\/p>\n<p>La \u00faltima guerra bananera es una saga al estilo de El se\u00f1or de los anillos. Narra en cuatro libros la guerra de liberaci\u00f3n nacional de Nicaragua contra la inva\u00adsi\u00f3n de los Marines estadounidenses entre 1926 y 1934. Est\u00e1 basada en una rigurosa investigaci\u00f3n de doce a\u00f1os que el autor realiz\u00f3, primero para un gui\u00f3n cinematogr\u00e1fico intitulado Cr\u00f3nicas de la primera guerra sandinista 1926-1934(cuatro pel\u00edculas en serie), ampliada a\u00fan m\u00e1s para la transformaci\u00f3n novel\u00edstica de ese contenido.<\/p>\n<p>Consta de cuatro libros: La guerra constitucionalista, 1926-27; La forja de las armas, 1928; La guerra de exterminio, 1929-32 y La nicaraguanizaci\u00f3n de la guerra, 1933-34.<\/p>\n<p>La novela es narrada por tres voces: la omnisciente, la de un ni\u00f1o de 12 a\u00f1os (el coronel Santos L\u00f3pez, personaje que va creciendo hasta los diecinueve hasta terminar la saga; y autor \u2013 en la realidad &#8212; del Relato del coronel Santos L\u00f3pez, una de las fuentes primarias de la investigaci\u00f3n) y una mujer, Teresa Villatoro, salvadore\u00f1a, la amante guerrillera de Sandino.<\/p>\n<p>La narraci\u00f3n teje con mucho humor e iron\u00eda dos mundos totalmente opuestos: la refinada Casa Blanca (y los tres presidentes estadounidenses que enfrentan a Sandino: Coolidge, Hoover y Roosevelt, sus esferas de poder, el c\u00edrculo interno de sus amistades) y la ruda y remota manigua nicarag\u00fcense por la cual Sandino, sus catorce generales, su tropa, sus mujeres y soldaderas se desplazan combatiendo a los \u201cmachos\u201d: as\u00ed eran llamados los gringos en Nicaragua en esa \u00e9poca.<\/p>\n<p>Es notorio que Sandino era un ladies\u2019 man, entonces la saga est\u00e1 salpicada de escenas er\u00f3ticas y picantes, siempre dentro del marco de la guerra, de los campamentos y fogatas de la \u00e9pica del general de hombres libres y su peque\u00f1o ej\u00e9rcito loco, como lo llam\u00f3 la Gabriela Mistral.<\/p>\n<p>Con ese mismo humor se mete dentro las clases high de Managua y sus promiscuas relaciones con los invasores donde se embosca la corrupci\u00f3n, acecha la traici\u00f3n, se agazapa el servilismo y se vende hasta la p\u2026 que los pari\u00f3. Especialmente el prostituto m\u00e1s notorio de esa clase sin patria se llamaba Tacho Somoza Garc\u00eda, a quien vemos ascender de gigol\u00f3 de Madame Hanna, la sexy esposa alemana del embajador gringo, hasta la direcci\u00f3n de la Guardia Nacional bajo la \u201casesor\u00eda\u201d de los Marines y convertirse en n\u00e9mesis de Sandino y genocida de su pueblo, quien obtiene su venganza hist\u00f3rica y po\u00e9tica en brazos del FSLN el 19 de julio de 1979, pero esa es otra historia&#8230;<\/p>\n<p>A pesar de su enfoque pol\u00edtico, La \u00faltima guerra bananera no deja de ser una saga de aventuras al estilo de Alejandro Dumas (Los tres mosqueteros, Veinte a\u00f1os despu\u00e9s y El Visconde de Braguelone), sexy, pol\u00edtica y aventurera con toda su riqueza de detalles, donde vuela la imaginaci\u00f3n firmemente anclada en el rigor hist\u00f3rico, pero sin coartar el despliegue de la lengua, la geograf\u00eda y la idiosincrasia de ese pueblo, de un pa\u00eds m\u00e1gico de lagos y volcanes que nada tiene que envidiarle a la Tierra Media de Tolkien, ni a sus h\u00e9roes m\u00edticos, ya que en la realidad hist\u00f3rica, Sandino, sus generales y su ej\u00e9rcito descalzo de hombres, mujeres y ni\u00f1os con su inventiva, astucia y conocimiento del terreno, vencieron militarmente al ej\u00e9rcito m\u00e1s poderoso del mundo en su \u00e9poca, convirti\u00e9ndose en uno de los mitos contempor\u00e1neos m\u00e1s fascinantes y a la vez menos conocidos en el mundo y especialmente en Iberoam\u00e9rica. Nuestra misi\u00f3n es enderezar ese entuerto.<\/p>\n<p>El primer libro de la saga: La guerra constitucionalista 1926-27, narra el regreso de Sandino de M\u00e9xico a Nicaragua, su incorporaci\u00f3n a la guerra civil entre liberales y conservadores del lado liberal; el reclutamiento y fogueo de su Contingente de las Segovias en la guerra, origen del n\u00facleo del famoso Ejercito Defensor de la Soberan\u00eda Nacional de Nicaragua (EDSN) que se va a la guerra contra los Marines a partir de la Traici\u00f3n del Espino Negro(Pacto Stimson\/Moncada) que pone fin a la guerra civil en mayo de 1927.<\/p>\n<p>La novela ser\u00e1 presentada el pr\u00f3ximo 9 de enero en Puerto Rico.<\/p>\n<p>Fuente: Claridad.<\/p>\n","protected":false},"excerpt":{"rendered":"<p>* Una novela del puertorrique\u00f1o Diego de la Texera, quien recrea a un Sandino humano, mujeriego y valiente hasta el extremo, por lo que est\u00e1 salpicada de escenas er\u00f3ticas y picantes, siempre dentro del marco de la guerra, de los campamentos y fogatas de la \u00e9pica del General de Hombres Libres y su Peque\u00f1o Ej\u00e9rcito [&hellip;]<\/p>\n","protected":false},"author":1,"featured_media":42746,"comment_status":"open","ping_status":"open","sticky":false,"template":"","format":"standard","meta":{"om_disable_all_campaigns":false,"_monsterinsights_skip_tracking":false,"_monsterinsights_sitenote_active":false,"_monsterinsights_sitenote_note":"","_monsterinsights_sitenote_category":0,"footnotes":""},"categories":[10,3524],"tags":[],"class_list":["post-42745","post","type-post","status-publish","format-standard","has-post-thumbnail","hentry","category-cultura","category-noticas"],"aioseo_notices":[],"_links":{"self":[{"href":"https:\/\/elcronistadigital.com\/index.php?rest_route=\/wp\/v2\/posts\/42745","targetHints":{"allow":["GET"]}}],"collection":[{"href":"https:\/\/elcronistadigital.com\/index.php?rest_route=\/wp\/v2\/posts"}],"about":[{"href":"https:\/\/elcronistadigital.com\/index.php?rest_route=\/wp\/v2\/types\/post"}],"author":[{"embeddable":true,"href":"https:\/\/elcronistadigital.com\/index.php?rest_route=\/wp\/v2\/users\/1"}],"replies":[{"embeddable":true,"href":"https:\/\/elcronistadigital.com\/index.php?rest_route=%2Fwp%2Fv2%2Fcomments&post=42745"}],"version-history":[{"count":1,"href":"https:\/\/elcronistadigital.com\/index.php?rest_route=\/wp\/v2\/posts\/42745\/revisions"}],"predecessor-version":[{"id":42747,"href":"https:\/\/elcronistadigital.com\/index.php?rest_route=\/wp\/v2\/posts\/42745\/revisions\/42747"}],"wp:featuredmedia":[{"embeddable":true,"href":"https:\/\/elcronistadigital.com\/index.php?rest_route=\/wp\/v2\/media\/42746"}],"wp:attachment":[{"href":"https:\/\/elcronistadigital.com\/index.php?rest_route=%2Fwp%2Fv2%2Fmedia&parent=42745"}],"wp:term":[{"taxonomy":"category","embeddable":true,"href":"https:\/\/elcronistadigital.com\/index.php?rest_route=%2Fwp%2Fv2%2Fcategories&post=42745"},{"taxonomy":"post_tag","embeddable":true,"href":"https:\/\/elcronistadigital.com\/index.php?rest_route=%2Fwp%2Fv2%2Ftags&post=42745"}],"curies":[{"name":"wp","href":"https:\/\/api.w.org\/{rel}","templated":true}]}}