{"id":42895,"date":"2016-01-13T07:24:24","date_gmt":"2016-01-13T13:24:24","guid":{"rendered":"http:\/\/elcronistadigital.com\/?p=42895"},"modified":"2016-01-13T07:24:24","modified_gmt":"2016-01-13T13:24:24","slug":"parlamento-condecorara-a-director-de-la-rae","status":"publish","type":"post","link":"https:\/\/elcronistadigital.com\/?p=42895","title":{"rendered":"Parlamento condecorar\u00e1 a director de la RAE"},"content":{"rendered":"<div id=\"attachment_42896\" style=\"width: 296px\" class=\"wp-caption alignleft\"><a href=\"https:\/\/elcronistadigital.com\/wp-content\/uploads\/2016\/01\/Dar\u00edo-Villanueva.jpg\"><img loading=\"lazy\" decoding=\"async\" aria-describedby=\"caption-attachment-42896\" class=\"size-full wp-image-42896\" alt=\"Dar\u00edo Villanueva, director de la Real Academia Espa\u00f1ola.\" src=\"https:\/\/elcronistadigital.com\/wp-content\/uploads\/2016\/01\/Dar\u00edo-Villanueva.jpg\" width=\"286\" height=\"176\" \/><\/a><p id=\"caption-attachment-42896\" class=\"wp-caption-text\">Dar\u00edo Villanueva, director de la Real Academia Espa\u00f1ola.<\/p><\/div>\n<p>El Parlamento de Nicaragua condecorar\u00e1 con la Medalla de Honor al director de la Real Academia Espa\u00f1ola (RAE), Dar\u00edo Villanueva, quien asistir\u00e1 aqu\u00ed a un encuentro en homenaje al poeta Rub\u00e9n Dar\u00edo, se inform\u00f3 el martes.<\/p>\n<p>La primera secretaria de la Asamblea Nacional, Alba Palacios, dijo a la prensa que el acuerdo fue tomado por la Junta Directiva y los representantes de las bancadas, en el contexto del centenario del fallecimiento del Pr\u00edncipe de las Letras Castellanas.<\/p>\n<p>Seg\u00fan se detall\u00f3, el Simposio Internacional con el nombre del Padre del Modernismo tendr\u00e1 lugar del 16 al 21 de enero en la noroccidental ciudad de Le\u00f3n, con la participaci\u00f3n de intelectuales for\u00e1neos y de la naci\u00f3n anfitriona.<\/p>\n<p>Como parte de las actividades para rendir tributo a Dar\u00edo, los diputados celebrar\u00e1n el 18 de enero, cuando se cumple el aniversario 149 de su natalicio, un acto cultural en el Parque hom\u00f3nimo en Managua, durante el cual depositar\u00e1n ofrendas florales.<\/p>\n<p>Asimismo, en el marco de una jornada en conmemoraci\u00f3n de los 100 a\u00f1os de su fallecimiento, el legislativo realizar\u00e1 una sesi\u00f3n solemne en la ciudad de Le\u00f3n (Occidente), donde descansan sus restos, y efectuar\u00e1 actividades para divulgar el legado del autor de Azul.<\/p>\n<p>El presidente de Nicaragua, Daniel Ortega, decret\u00f3 a principios de este mes dedicar toda la labor del Estado en 2016 a honrar al Padre del Modernismo -cuya obra marc\u00f3 un antes y un despu\u00e9s en la literatura hispanoamericana-, al conmemorarse el pr\u00f3ximo 6 de febrero los 100 a\u00f1os de su muerte.<\/p>\n<p>Fuente: Prensa Latina.<\/p>\n","protected":false},"excerpt":{"rendered":"<p>El Parlamento de Nicaragua condecorar\u00e1 con la Medalla de Honor al director de la Real Academia Espa\u00f1ola (RAE), Dar\u00edo Villanueva, quien asistir\u00e1 aqu\u00ed a un encuentro en homenaje al poeta Rub\u00e9n Dar\u00edo, se inform\u00f3 el martes. La primera secretaria de la Asamblea Nacional, Alba Palacios, dijo a la prensa que el acuerdo fue tomado por [&hellip;]<\/p>\n","protected":false},"author":1,"featured_media":42896,"comment_status":"open","ping_status":"open","sticky":false,"template":"","format":"standard","meta":{"om_disable_all_campaigns":false,"_monsterinsights_skip_tracking":false,"_monsterinsights_sitenote_active":false,"_monsterinsights_sitenote_note":"","_monsterinsights_sitenote_category":0,"footnotes":""},"categories":[10,3524],"tags":[],"class_list":["post-42895","post","type-post","status-publish","format-standard","has-post-thumbnail","hentry","category-cultura","category-noticas"],"aioseo_notices":[],"_links":{"self":[{"href":"https:\/\/elcronistadigital.com\/index.php?rest_route=\/wp\/v2\/posts\/42895","targetHints":{"allow":["GET"]}}],"collection":[{"href":"https:\/\/elcronistadigital.com\/index.php?rest_route=\/wp\/v2\/posts"}],"about":[{"href":"https:\/\/elcronistadigital.com\/index.php?rest_route=\/wp\/v2\/types\/post"}],"author":[{"embeddable":true,"href":"https:\/\/elcronistadigital.com\/index.php?rest_route=\/wp\/v2\/users\/1"}],"replies":[{"embeddable":true,"href":"https:\/\/elcronistadigital.com\/index.php?rest_route=%2Fwp%2Fv2%2Fcomments&post=42895"}],"version-history":[{"count":1,"href":"https:\/\/elcronistadigital.com\/index.php?rest_route=\/wp\/v2\/posts\/42895\/revisions"}],"predecessor-version":[{"id":42897,"href":"https:\/\/elcronistadigital.com\/index.php?rest_route=\/wp\/v2\/posts\/42895\/revisions\/42897"}],"wp:featuredmedia":[{"embeddable":true,"href":"https:\/\/elcronistadigital.com\/index.php?rest_route=\/wp\/v2\/media\/42896"}],"wp:attachment":[{"href":"https:\/\/elcronistadigital.com\/index.php?rest_route=%2Fwp%2Fv2%2Fmedia&parent=42895"}],"wp:term":[{"taxonomy":"category","embeddable":true,"href":"https:\/\/elcronistadigital.com\/index.php?rest_route=%2Fwp%2Fv2%2Fcategories&post=42895"},{"taxonomy":"post_tag","embeddable":true,"href":"https:\/\/elcronistadigital.com\/index.php?rest_route=%2Fwp%2Fv2%2Ftags&post=42895"}],"curies":[{"name":"wp","href":"https:\/\/api.w.org\/{rel}","templated":true}]}}