{"id":42962,"date":"2016-01-17T08:45:27","date_gmt":"2016-01-17T14:45:27","guid":{"rendered":"http:\/\/elcronistadigital.com\/?p=42962"},"modified":"2016-01-17T08:45:27","modified_gmt":"2016-01-17T14:45:27","slug":"homenaje-internacional-a-ruben-dario-en-nicaragua","status":"publish","type":"post","link":"https:\/\/elcronistadigital.com\/?p=42962","title":{"rendered":"Homenaje internacional a Rub\u00e9n Dar\u00edo en Nicaragua"},"content":{"rendered":"<p><a href=\"https:\/\/elcronistadigital.com\/wp-content\/uploads\/2016\/01\/Rub\u00e9n-Dar\u00edo-bardo.jpg\"><img loading=\"lazy\" decoding=\"async\" class=\"alignleft size-full wp-image-42963\" alt=\"Rub\u00e9n Dar\u00edo bardo\" src=\"https:\/\/elcronistadigital.com\/wp-content\/uploads\/2016\/01\/Rub\u00e9n-Dar\u00edo-bardo.jpg\" width=\"417\" height=\"310\" srcset=\"https:\/\/elcronistadigital.com\/wp-content\/uploads\/2016\/01\/Rub\u00e9n-Dar\u00edo-bardo.jpg 417w, https:\/\/elcronistadigital.com\/wp-content\/uploads\/2016\/01\/Rub\u00e9n-Dar\u00edo-bardo-300x223.jpg 300w, https:\/\/elcronistadigital.com\/wp-content\/uploads\/2016\/01\/Rub\u00e9n-Dar\u00edo-bardo-342x254.jpg 342w, https:\/\/elcronistadigital.com\/wp-content\/uploads\/2016\/01\/Rub\u00e9n-Dar\u00edo-bardo-60x45.jpg 60w, https:\/\/elcronistadigital.com\/wp-content\/uploads\/2016\/01\/Rub\u00e9n-Dar\u00edo-bardo-150x113.jpg 150w, https:\/\/elcronistadigital.com\/wp-content\/uploads\/2016\/01\/Rub\u00e9n-Dar\u00edo-bardo-269x201.jpg 269w\" sizes=\"auto, (max-width: 417px) 100vw, 417px\" \/><\/a>Directores y representantes de nueve de las veintid\u00f3s corporaciones que integran la Asociaci\u00f3n de Academias de la Lengua Espa\u00f1ola (ASALE), se unir\u00e1n desde este domingo, 17 de enero, al gran homenaje internacional que se tributar\u00e1 en Le\u00f3n, Nicaragua, al poeta Rub\u00e9n Dar\u00edo (1867-1916), coincidiendo con el primer centenario de su fallecimiento.<\/p>\n<p>La ASALE y la RAE publicar\u00e1n pr\u00f3ximamente una edici\u00f3n conmemorativa dedicada al autor de Azul&#8230; y Cantos de vida y esperanza. La obra aparecer\u00e1 con motivo del VII Congreso Internacional de la Lengua Espa\u00f1ola, que se celebrar\u00e1 en Puerto Rico del 15 al 18 de marzo de 2016.<\/p>\n<p>El director de la Real Academia Espa\u00f1ola (RAE) y presidente de la ASALE, Dar\u00edo Villanueva, viaj\u00f3 el s\u00e1bado a Nicaragua para participar, junto con representantes de otras ocho academias americanas, en el XIV Simposio Internacional Rub\u00e9n Dar\u00edo, dedicado a conmemorar el 149.\u00ba aniversario del nacimiento y el primer centenario de la muerte del escritor, que se celebrar\u00e1 en la ciudad de Le\u00f3n (Nicaragua) \u2014en donde reposan los restos del poeta\u2014 del 17 al 21 de enero.<\/p>\n<p>Previamente, el domingo 17 de enero, Dar\u00edo Villanueva ser\u00e1 recibido por el rector y los profesores de la Universidad Nacional Aut\u00f3noma de Nicaragua, con sede en Le\u00f3n, donde ser\u00e1 investido doctor honoris causa.<\/p>\n<p>Simposio internacional<\/p>\n<p>El lunes, 18 de enero, comenzar\u00e1 oficialmente la Semana Dariana del XIV Simposio con la lecci\u00f3n inaugural, que estar\u00e1 a cargo del director de la RAE.<\/p>\n<p>Dar\u00edo Villanueva ser\u00e1 presentado por Francisco Arellano Oviedo, director de la Academia Nicarag\u00fcense de la Lengua. Esa misma tarde, a las 16 h, la corporaci\u00f3n nicarag\u00fcense, junto con acad\u00e9micos de la ASALE, descubrir\u00e1 una placa conmemorativa del Centenario del Paso a la Inmortalidad de Rub\u00e9n Dar\u00edo en el parque de los Poetas de Le\u00f3n.<\/p>\n<p>Asimismo, Dar\u00edo Villanueva ser\u00e1 condecorado con la Medalla de Honor en Oro de la Asamblea Nacional, seg\u00fan ha informado la diputada Alba Palacios, primera secretaria de la Junta Directiva de la c\u00e1mara legislativa nicarag\u00fcense. La Asamblea Nacional de Nicaragua ha organizado numerosos actos relacionados con esta efem\u00e9ride, entre ellos una serie de emisiones especiales en su canal parlamentario.<\/p>\n<p>El 19 de enero se celebrar\u00e1 la primera mesa redonda del congreso, titulada \u00abEl legado de Rub\u00e9n Dar\u00edo en la poes\u00eda hispanoamericana\u00bb. Participar\u00e1n Jaime Labastida, director de la Academia Mexicana de la Lengua, con la conferencia \u00abRub\u00e9n Dar\u00edo Moderno\u00bb; Bruno Rosario Candelier, director de la Academia Dominicana de la Lengua, quien disertar\u00e1 sobre \u00abLa conciencia metaf\u00edsica en la l\u00edrica de Rub\u00e9n\u00bb; Ren\u00e9 Fort\u00edn Maga\u00f1a, director de la Academia Salvadore\u00f1a de la Lengua, que hablar\u00e1 de \u00abDar\u00edo a la conquista de Espa\u00f1a\u00bb, y Alejandro Serrano Caldera, subdirector de la Academia Nicarag\u00fcense de la Lengua, que abordar\u00e1 la \u00abIdentidad y universalidad en Rub\u00e9n Dar\u00edo\u00bb.<\/p>\n<p>A continuaci\u00f3n, la segunda mesa redonda estar\u00e1 dedicada a la \u00abActualidad de las cr\u00f3nicas rubendarianas en el siglo xxi\u00bb. Intervendr\u00e1n, entre otros participantes, Susana Cordero de Espinosa, directora de la Academia Ecuatoriana de la Lengua, y Erick Aguirre, vicesecretario de la Academia Nicarag\u00fcense de la Lengua, quienes hablar\u00e1n sobre \u00abJuan Montalvo en la mirada de Rub\u00e9n Dar\u00edo\u00bb y \u00abParadigma y pensamiento cr\u00edtico\u00bb, respectivamente.<\/p>\n<p>La tercera mesa redonda se centrar\u00e1 en la vida y la obra de Rub\u00e9n Dar\u00edo. En ella participar\u00e1n Alfredo Matus Olivier, director de la Academia Chilena de la Lengua, con la conferencia \u00ab\u201dSentido\u201d y \u201creferencia\u201d en el Canto \u00e9pico a las glorias de Chile\u00bb; V\u00edctor Manuel Ramos, miembro de n\u00famero de la Academia Hondure\u00f1a de la Lengua, que se ocupar\u00e1 de \u00abBol\u00edvar en Rub\u00e9n Dar\u00edo\u00bb; Gloria Elena Espinoza, tesorera de la Academia Nicarag\u00fcense de la Lengua, con la ponencia titulada \u00ab\u00a1Oh, miseria de toda lucha por lo finito!&#8230; \u00bb. Finalmente, Santiago Sylvester, miembro de n\u00famero de la Academia Argentina de Letras, intervendr\u00e1 con la comunicaci\u00f3n \u00abAnuncios del verso libre: Dar\u00edo y Lugones\u00bb.<\/p>\n","protected":false},"excerpt":{"rendered":"<p>Directores y representantes de nueve de las veintid\u00f3s corporaciones que integran la Asociaci\u00f3n de Academias de la Lengua Espa\u00f1ola (ASALE), se unir\u00e1n desde este domingo, 17 de enero, al gran homenaje internacional que se tributar\u00e1 en Le\u00f3n, Nicaragua, al poeta Rub\u00e9n Dar\u00edo (1867-1916), coincidiendo con el primer centenario de su fallecimiento. La ASALE y la [&hellip;]<\/p>\n","protected":false},"author":1,"featured_media":42963,"comment_status":"open","ping_status":"open","sticky":false,"template":"","format":"standard","meta":{"om_disable_all_campaigns":false,"_monsterinsights_skip_tracking":false,"_monsterinsights_sitenote_active":false,"_monsterinsights_sitenote_note":"","_monsterinsights_sitenote_category":0,"footnotes":""},"categories":[10,3524],"tags":[],"class_list":["post-42962","post","type-post","status-publish","format-standard","has-post-thumbnail","hentry","category-cultura","category-noticas"],"aioseo_notices":[],"_links":{"self":[{"href":"https:\/\/elcronistadigital.com\/index.php?rest_route=\/wp\/v2\/posts\/42962","targetHints":{"allow":["GET"]}}],"collection":[{"href":"https:\/\/elcronistadigital.com\/index.php?rest_route=\/wp\/v2\/posts"}],"about":[{"href":"https:\/\/elcronistadigital.com\/index.php?rest_route=\/wp\/v2\/types\/post"}],"author":[{"embeddable":true,"href":"https:\/\/elcronistadigital.com\/index.php?rest_route=\/wp\/v2\/users\/1"}],"replies":[{"embeddable":true,"href":"https:\/\/elcronistadigital.com\/index.php?rest_route=%2Fwp%2Fv2%2Fcomments&post=42962"}],"version-history":[{"count":1,"href":"https:\/\/elcronistadigital.com\/index.php?rest_route=\/wp\/v2\/posts\/42962\/revisions"}],"predecessor-version":[{"id":42964,"href":"https:\/\/elcronistadigital.com\/index.php?rest_route=\/wp\/v2\/posts\/42962\/revisions\/42964"}],"wp:featuredmedia":[{"embeddable":true,"href":"https:\/\/elcronistadigital.com\/index.php?rest_route=\/wp\/v2\/media\/42963"}],"wp:attachment":[{"href":"https:\/\/elcronistadigital.com\/index.php?rest_route=%2Fwp%2Fv2%2Fmedia&parent=42962"}],"wp:term":[{"taxonomy":"category","embeddable":true,"href":"https:\/\/elcronistadigital.com\/index.php?rest_route=%2Fwp%2Fv2%2Fcategories&post=42962"},{"taxonomy":"post_tag","embeddable":true,"href":"https:\/\/elcronistadigital.com\/index.php?rest_route=%2Fwp%2Fv2%2Ftags&post=42962"}],"curies":[{"name":"wp","href":"https:\/\/api.w.org\/{rel}","templated":true}]}}