{"id":42971,"date":"2016-01-18T08:25:40","date_gmt":"2016-01-18T14:25:40","guid":{"rendered":"http:\/\/elcronistadigital.com\/?p=42971"},"modified":"2016-01-18T08:25:40","modified_gmt":"2016-01-18T14:25:40","slug":"dario-trascendental-en-literatura-mundial","status":"publish","type":"post","link":"https:\/\/elcronistadigital.com\/?p=42971","title":{"rendered":"Dar\u00edo trascendental en literatura mundial"},"content":{"rendered":"<div id=\"attachment_42973\" style=\"width: 460px\" class=\"wp-caption alignleft\"><a href=\"https:\/\/elcronistadigital.com\/wp-content\/uploads\/2016\/01\/Rub\u00e9n-Dar\u00edo-autobiograf\u00eda.jpg\"><img loading=\"lazy\" decoding=\"async\" aria-describedby=\"caption-attachment-42973\" class=\"size-full wp-image-42973\" alt=\"Rub\u00e9n Dar\u00edo dictando su autobiograf\u00eda.\" src=\"https:\/\/elcronistadigital.com\/wp-content\/uploads\/2016\/01\/Rub\u00e9n-Dar\u00edo-autobiograf\u00eda.jpg\" width=\"450\" height=\"322\" srcset=\"https:\/\/elcronistadigital.com\/wp-content\/uploads\/2016\/01\/Rub\u00e9n-Dar\u00edo-autobiograf\u00eda.jpg 450w, https:\/\/elcronistadigital.com\/wp-content\/uploads\/2016\/01\/Rub\u00e9n-Dar\u00edo-autobiograf\u00eda-300x214.jpg 300w, https:\/\/elcronistadigital.com\/wp-content\/uploads\/2016\/01\/Rub\u00e9n-Dar\u00edo-autobiograf\u00eda-342x244.jpg 342w, https:\/\/elcronistadigital.com\/wp-content\/uploads\/2016\/01\/Rub\u00e9n-Dar\u00edo-autobiograf\u00eda-90x65.jpg 90w\" sizes=\"auto, (max-width: 450px) 100vw, 450px\" \/><\/a><p id=\"caption-attachment-42973\" class=\"wp-caption-text\">Rub\u00e9n Dar\u00edo dictando su autobiograf\u00eda.<\/p><\/div>\n<p>El pr\u00edncipe de las Letras Castellanas, el nicarag\u00fcense Rub\u00e9n Dar\u00edo, ha sido y es un escritor absolutamente trascendental para la historia de la literatura mundial, y se encuentra en la \u00abestela\u00bb del escritor espa\u00f1ol Miguel de Cervantes, dijo el domingo en Managua el director de la Real Academia Espa\u00f1ola (RAE), Francisco Villanueva.<\/p>\n<p>Villanueva brind\u00f3 declaraciones al portal presidencial El Pueblo Presidente (EPP), tras recibir el doctorado Honoris Causa en Humanidades de la estatal Universidad Aut\u00f3noma de Nicaragua (UNAN), de la provincia de Le\u00f3n, a 93 kil\u00f3metros al oeste de Managua, en un homenaje a Dar\u00edo.<\/p>\n<p>Afirm\u00f3 que admira profundamente a Dar\u00edo, y que el poeta est\u00e1 en la estela de Cervantes, en cuanto a ser un escritor \u00ababsolutamente\u00bb trascendental para la historia de la literatura mundial.<\/p>\n<p>Villanueva se\u00f1al\u00f3 que en Espa\u00f1a tambi\u00e9n celebran el legado de Dar\u00edo, al igual que lo hacen con su \u00abm\u00e1xima\u00bb figura literaria, Cervantes, quien cumple el cuarto centenario de su fallecimiento en 2016.<\/p>\n<p>Agreg\u00f3 que en Espa\u00f1a se realizar\u00e1n homenajes a Dar\u00edo, la publicaci\u00f3n de art\u00edculos y ensayos en los medios de comunicaci\u00f3n, adem\u00e1s de la participaci\u00f3n de acad\u00e9micos de la RAE en programas televisivos.<\/p>\n<p>El director de la RAE explic\u00f3 que preparan una edici\u00f3n de las obras selectas de Dar\u00edo en conjunto con otras academias de lengua espa\u00f1ola.<\/p>\n<p>\u00abEn Espa\u00f1a varias universidades tienen ya anunciados congresos hasta el final del a\u00f1o, coincidiendo con la v\u00edspera de los 150 a\u00f1os del natalicio de Dar\u00edo, quien tiene una estatura colosal en el mundo de la literatura de la lengua espa\u00f1ola\u00bb, explic\u00f3 Villanueva.<\/p>\n<p>Seg\u00fan director de la RAE, Dar\u00edo es la figura indiscutible en la transformaci\u00f3n de la poes\u00eda espa\u00f1ola, despu\u00e9s de los grandes poetas del Siglo de Oro, para dar paso a la modernidad.<\/p>\n<p>El gobierno de Nicaragua anunci\u00f3 una serie de actividades para conmemorar el centenario de la muerte de Dar\u00edo, con el objetivo de difundir su obra literaria, y su vida po\u00e9tica, pol\u00edtica y diplom\u00e1tica, en el pa\u00eds y a nivel mundial.<\/p>\n<p>A la ceremonia de investidura del doctorado Honoris Causa en Humanidades de Villanueva, asistieron el cuerpo colegiado de la UNAN de Le\u00f3n, acad\u00e9micos, poetas, periodistas y representantes del gobierno sandinista.<\/p>\n","protected":false},"excerpt":{"rendered":"<p>El pr\u00edncipe de las Letras Castellanas, el nicarag\u00fcense Rub\u00e9n Dar\u00edo, ha sido y es un escritor absolutamente trascendental para la historia de la literatura mundial, y se encuentra en la \u00abestela\u00bb del escritor espa\u00f1ol Miguel de Cervantes, dijo el domingo en Managua el director de la Real Academia Espa\u00f1ola (RAE), Francisco Villanueva. Villanueva brind\u00f3 declaraciones [&hellip;]<\/p>\n","protected":false},"author":1,"featured_media":42973,"comment_status":"open","ping_status":"open","sticky":false,"template":"","format":"standard","meta":{"om_disable_all_campaigns":false,"_monsterinsights_skip_tracking":false,"_monsterinsights_sitenote_active":false,"_monsterinsights_sitenote_note":"","_monsterinsights_sitenote_category":0,"footnotes":""},"categories":[10,3524],"tags":[],"class_list":["post-42971","post","type-post","status-publish","format-standard","has-post-thumbnail","hentry","category-cultura","category-noticas"],"aioseo_notices":[],"_links":{"self":[{"href":"https:\/\/elcronistadigital.com\/index.php?rest_route=\/wp\/v2\/posts\/42971","targetHints":{"allow":["GET"]}}],"collection":[{"href":"https:\/\/elcronistadigital.com\/index.php?rest_route=\/wp\/v2\/posts"}],"about":[{"href":"https:\/\/elcronistadigital.com\/index.php?rest_route=\/wp\/v2\/types\/post"}],"author":[{"embeddable":true,"href":"https:\/\/elcronistadigital.com\/index.php?rest_route=\/wp\/v2\/users\/1"}],"replies":[{"embeddable":true,"href":"https:\/\/elcronistadigital.com\/index.php?rest_route=%2Fwp%2Fv2%2Fcomments&post=42971"}],"version-history":[{"count":1,"href":"https:\/\/elcronistadigital.com\/index.php?rest_route=\/wp\/v2\/posts\/42971\/revisions"}],"predecessor-version":[{"id":42974,"href":"https:\/\/elcronistadigital.com\/index.php?rest_route=\/wp\/v2\/posts\/42971\/revisions\/42974"}],"wp:featuredmedia":[{"embeddable":true,"href":"https:\/\/elcronistadigital.com\/index.php?rest_route=\/wp\/v2\/media\/42973"}],"wp:attachment":[{"href":"https:\/\/elcronistadigital.com\/index.php?rest_route=%2Fwp%2Fv2%2Fmedia&parent=42971"}],"wp:term":[{"taxonomy":"category","embeddable":true,"href":"https:\/\/elcronistadigital.com\/index.php?rest_route=%2Fwp%2Fv2%2Fcategories&post=42971"},{"taxonomy":"post_tag","embeddable":true,"href":"https:\/\/elcronistadigital.com\/index.php?rest_route=%2Fwp%2Fv2%2Ftags&post=42971"}],"curies":[{"name":"wp","href":"https:\/\/api.w.org\/{rel}","templated":true}]}}