{"id":42990,"date":"2016-01-19T07:54:01","date_gmt":"2016-01-19T13:54:01","guid":{"rendered":"http:\/\/elcronistadigital.com\/?p=42990"},"modified":"2016-01-19T07:54:01","modified_gmt":"2016-01-19T13:54:01","slug":"dario-es-oraculo-de-identidad-hispanica","status":"publish","type":"post","link":"https:\/\/elcronistadigital.com\/?p=42990","title":{"rendered":"Dar\u00edo es \u201cor\u00e1culo de identidad hisp\u00e1nica\u00bb"},"content":{"rendered":"<div id=\"attachment_42991\" style=\"width: 240px\" class=\"wp-caption alignleft\"><a href=\"https:\/\/elcronistadigital.com\/wp-content\/uploads\/2016\/01\/Rub\u00e9n-Dar\u00edo-4.jpg\"><img loading=\"lazy\" decoding=\"async\" aria-describedby=\"caption-attachment-42991\" class=\"size-full wp-image-42991\" alt=\"Rub\u00e9n Dar\u00edom el gran bardo nicarag\u00fcense.\" src=\"https:\/\/elcronistadigital.com\/wp-content\/uploads\/2016\/01\/Rub\u00e9n-Dar\u00edo-4.jpg\" width=\"230\" height=\"219\" \/><\/a><p id=\"caption-attachment-42991\" class=\"wp-caption-text\">Rub\u00e9n Dar\u00edom el gran bardo nicarag\u00fcense.<\/p><\/div>\n<p><span style=\"color: #993300;\"><em><strong>* Director RAE: \u00abGeneraci\u00f3n espa\u00f1ola del 27, en la que se incluye Federico Garc\u00eda Lorca, no hubiese existido sin el ejemplo del autor de Azul. Tampoco hubiese existido Manuel Machado, no ser\u00eda el mismo, y otros tres premios Nobel, como Juan Ram\u00f3n Jim\u00e9nez, Pablo Neruda (Chile) y Gabriela Mistral (Chile), lo mismo cabe decir de C\u00e9sar Vallejo (Per\u00fa) o del propio Jorge Luis Borges (Argentina)\u00bb.<\/strong><\/em><\/span><\/p>\n<p>Los versos del poeta nicarag\u00fcense Rub\u00e9n Dar\u00edo, Padre del Modernismo, perviven por ser realmente palabras esenciales en el tiempo, afirm\u00f3 el lunes en Le\u00f3n el director de la Real Academia Espa\u00f1ola (RAE), Dar\u00edo Villanueva.<\/p>\n<p>En la lecci\u00f3n inaugural del XIV Simposio Internacional en homenaje al tambi\u00e9n conocido como Pr\u00edncipe de las Letras Castellanas, el catedr\u00e1tico espa\u00f1ol destac\u00f3, al cumplirse 149 a\u00f1os de su natalicio, la relevancia de la obra del bardo, seg\u00fan inform\u00f3 Prensa Latina.<\/p>\n<p>La importancia de Rub\u00e9n para el desarrollo creativo de la lengua espa\u00f1ola y de la poes\u00eda en ella escrita no fue menor, 300 a\u00f1os m\u00e1s tarde, que la del Manco de Lepanto (Miguel de Cervantes y Saavedra) para la prosa y para la narrativa, asever\u00f3.<\/p>\n<p>Al aludir a la renovaci\u00f3n y caracter\u00edsticas inherentes a su l\u00edrica, el director de la RAE consider\u00f3 que la Generaci\u00f3n espa\u00f1ola del 27 (en la que se incluye Federico Garc\u00eda Lorca) no hubiese existido sin el ejemplo del autor de Azul.<\/p>\n<p>Tampoco hubiese existido Manuel Machado, no ser\u00eda el mismo, y otros tres premios Nobel, como Juan Ram\u00f3n Jim\u00e9nez, Pablo Neruda (Chile) y Gabriela Mistral (Chile), lo mismo cabe decir de C\u00e9sar Vallejo (Per\u00fa) o del propio Jorge Luis Borges (Argentina), sostuvo.<\/p>\n<p>Calific\u00f3 a Dar\u00edo de viajero impenitente, y asegur\u00f3 que asombra c\u00f3mo a lo largo de una existencia truncada a los 49 a\u00f1os pudo vivir, escribir y a la vez viajar tanto, lo cual redund\u00f3 en que se convirtiera \u00abno solo en el pr\u00edncipe de nuestra poes\u00eda, sino tambi\u00e9n en un or\u00e1culo de nuestra identidad hisp\u00e1nica\u00bb.<\/p>\n<p>Rub\u00e9n vive, como Cervantes, es uno de nuestros primeros cl\u00e1sicos, subray\u00f3 el director de la RAE, al recordar que tambi\u00e9n este a\u00f1o se cumplen los cuatro siglos de la muerte de Cervantes y Saavedra, a quien la literatura en espa\u00f1ol le debe su obra maestra: El Quijote.<\/p>\n<p>\u00abNo importa que hayan pasado 100 o 400 a\u00f1os, el tiempo transcurrido nos hace recordar m\u00e1s las palabras esenciales de sus poemas\u00bb, enfatiz\u00f3.<\/p>\n<p>En la que constituye la tercera jornada del Simposio, que concluir\u00e1 el jueves, tambi\u00e9n hizo uso de la palabra Mar\u00eda Manuela Sacasa, fundadora de estos eventos y diputada a la Asamblea Nacional, quien resalt\u00f3 que la misi\u00f3n de Dar\u00edo fue dignificar las letras castellanas.<\/p>\n<p>A la cita en el teatro municipal Jos\u00e9 de la Cruz Mena asistieron representantes de las academias de la lengua de pa\u00edses como M\u00e9xico, Ecuador y Argentina, miembros del cuerpo diplom\u00e1tico acreditado en esta naci\u00f3n de Centroam\u00e9rica y autoridades de la Alcald\u00eda de Le\u00f3n.<\/p>\n<p>El Simposio, celebrado en Le\u00f3n, a unos 90 kil\u00f3metros de Managua, se inserta tambi\u00e9n en el programa por el centenario del fallecimiento de Dar\u00edo, a conmemorarse el pr\u00f3ximo 6 de febrero.<\/p>\n","protected":false},"excerpt":{"rendered":"<p>* Director RAE: \u00abGeneraci\u00f3n espa\u00f1ola del 27, en la que se incluye Federico Garc\u00eda Lorca, no hubiese existido sin el ejemplo del autor de Azul. Tampoco hubiese existido Manuel Machado, no ser\u00eda el mismo, y otros tres premios Nobel, como Juan Ram\u00f3n Jim\u00e9nez, Pablo Neruda (Chile) y Gabriela Mistral (Chile), lo mismo cabe decir de [&hellip;]<\/p>\n","protected":false},"author":1,"featured_media":42991,"comment_status":"open","ping_status":"open","sticky":false,"template":"","format":"standard","meta":{"om_disable_all_campaigns":false,"_monsterinsights_skip_tracking":false,"_monsterinsights_sitenote_active":false,"_monsterinsights_sitenote_note":"","_monsterinsights_sitenote_category":0,"footnotes":""},"categories":[10,3524],"tags":[],"class_list":["post-42990","post","type-post","status-publish","format-standard","has-post-thumbnail","hentry","category-cultura","category-noticas"],"aioseo_notices":[],"_links":{"self":[{"href":"https:\/\/elcronistadigital.com\/index.php?rest_route=\/wp\/v2\/posts\/42990","targetHints":{"allow":["GET"]}}],"collection":[{"href":"https:\/\/elcronistadigital.com\/index.php?rest_route=\/wp\/v2\/posts"}],"about":[{"href":"https:\/\/elcronistadigital.com\/index.php?rest_route=\/wp\/v2\/types\/post"}],"author":[{"embeddable":true,"href":"https:\/\/elcronistadigital.com\/index.php?rest_route=\/wp\/v2\/users\/1"}],"replies":[{"embeddable":true,"href":"https:\/\/elcronistadigital.com\/index.php?rest_route=%2Fwp%2Fv2%2Fcomments&post=42990"}],"version-history":[{"count":1,"href":"https:\/\/elcronistadigital.com\/index.php?rest_route=\/wp\/v2\/posts\/42990\/revisions"}],"predecessor-version":[{"id":42992,"href":"https:\/\/elcronistadigital.com\/index.php?rest_route=\/wp\/v2\/posts\/42990\/revisions\/42992"}],"wp:featuredmedia":[{"embeddable":true,"href":"https:\/\/elcronistadigital.com\/index.php?rest_route=\/wp\/v2\/media\/42991"}],"wp:attachment":[{"href":"https:\/\/elcronistadigital.com\/index.php?rest_route=%2Fwp%2Fv2%2Fmedia&parent=42990"}],"wp:term":[{"taxonomy":"category","embeddable":true,"href":"https:\/\/elcronistadigital.com\/index.php?rest_route=%2Fwp%2Fv2%2Fcategories&post=42990"},{"taxonomy":"post_tag","embeddable":true,"href":"https:\/\/elcronistadigital.com\/index.php?rest_route=%2Fwp%2Fv2%2Ftags&post=42990"}],"curies":[{"name":"wp","href":"https:\/\/api.w.org\/{rel}","templated":true}]}}