{"id":43003,"date":"2016-01-20T08:30:44","date_gmt":"2016-01-20T14:30:44","guid":{"rendered":"http:\/\/elcronistadigital.com\/?p=43003"},"modified":"2016-01-20T08:30:44","modified_gmt":"2016-01-20T14:30:44","slug":"nicaraguense-camila-selser-en-nueva-pelicula","status":"publish","type":"post","link":"https:\/\/elcronistadigital.com\/?p=43003","title":{"rendered":"Nicarag\u00fcense Camila Selser en nueva pel\u00edcula"},"content":{"rendered":"<div id=\"attachment_43004\" style=\"width: 310px\" class=\"wp-caption alignleft\"><a href=\"https:\/\/elcronistadigital.com\/wp-content\/uploads\/2016\/01\/Camila-Selser.jpg\"><img loading=\"lazy\" decoding=\"async\" aria-describedby=\"caption-attachment-43004\" class=\"size-medium wp-image-43004\" alt=\"Camila Selser, actriz nicarag\u00fcense radicada en M\u00e9xico.\" src=\"https:\/\/elcronistadigital.com\/wp-content\/uploads\/2016\/01\/Camila-Selser-300x198.jpg\" width=\"300\" height=\"198\" srcset=\"https:\/\/elcronistadigital.com\/wp-content\/uploads\/2016\/01\/Camila-Selser-300x198.jpg 300w, https:\/\/elcronistadigital.com\/wp-content\/uploads\/2016\/01\/Camila-Selser-342x226.jpg 342w, https:\/\/elcronistadigital.com\/wp-content\/uploads\/2016\/01\/Camila-Selser.jpg 820w\" sizes=\"auto, (max-width: 300px) 100vw, 300px\" \/><\/a><p id=\"caption-attachment-43004\" class=\"wp-caption-text\">Camila Selser, actriz nicarag\u00fcense radicada en M\u00e9xico.<\/p><\/div>\n<p>La \u201cnini\u201d en la serie Soy tu fan o la maquilladora de cad\u00e1veres en la producci\u00f3n del canal HBO, Sr. \u00c1vila, Camila Selser, se convierte ahora en una hippy que habita en San Miguel de Allende, Guanajuato.<\/p>\n<p>Esto como parte de la comedia f\u00edlmica El patriarca, cuyo rodaje arranc\u00f3 esta semana en la ciudad independentista y cuyo elenco es conformado, entre otros, por H\u00e9ctor Bonilla, Benny Ibarra y Jacqueline Bracamontes.<\/p>\n<p>\u201cEs una pel\u00edcula en donde el personaje de H\u00e9ctor llega a una casa y se enfrenta a la nueva din\u00e1mica de los j\u00f3venes, como que rompe muchos tab\u00fas y critica mucho la homosexualidad, el vivir en pareja sin estar casado y se toca el gran tema de moda de la marihuana\u201d, detalla Selser a EL UNIVERSAL.<\/p>\n<p>Agrega la actriz nicarag\u00fcense: \u201cSoy la hippy, vivo en esta enorme casa donde todos convivimos, tengo un hermano gemelo con una enfermedad que es bastante grave y por eso estamos como retirados del Distrito Federal\u201d.<\/p>\n<p>\u201cNo es una comuna donde todo mundo se mete con todo mundo, no va por ah\u00ed, es m\u00e1s un espacio tipo hostel donde todos nos convertimos en familia, no es el tema de la poligamia como en los a\u00f1os 60, m\u00e1s bien en lo que se centra es el gran choque que sucede entre las dos visiones del mundo\u201d.<\/p>\n<p>El patriarca es dirigida por Ra\u00fal Mart\u00ednez, con la producci\u00f3n de Panorama Films.<\/p>\n<p>Sergio Mayer Mori, hijo de los actores Sergio Mayer y B\u00e1rbara Mori, tambi\u00e9n integra el reparto.<\/p>\n<p>\u201cEs una historia bonita, conmovedora y muy simp\u00e1tica, que tambi\u00e9n est\u00e1 fuerte por lo que ocurre en ella; lleva tiempo prepar\u00e1ndose y precisamente fueron Benny y Jacqueline los primeros en subirse al barco\u201d, se\u00f1ala.<\/p>\n<p>La actriz se encuentra paralelamente impulsando su proyecto Cinema Regional, en donde a trav\u00e9s de algunos talleres en su pa\u00eds natal, se realizaron una serie de cortos documentales.<\/p>\n<p>Antes, ella misma dirigi\u00f3 otra peque\u00f1a historia para la cual busca recursos para la posproducci\u00f3n.<\/p>\n<p>\u201cLos cortos de Cinema ya fueron rodados, en febrero ir\u00e1 un \u00faltimo maestro de aqu\u00ed para all\u00e1 y los vamos a mandar a posproducci\u00f3n por el mundo, para ver qui\u00e9n apoya\u201d, anuncia Selser. El a\u00f1o pasado la actriz centroamericana particip\u00f3 en el rodaje de Los inquilinos, pel\u00edcula de terror dirigida por Chava Cartas, contando en los roles centrales con Dany Perea (Temporada de patos) y Erick El\u00edas, quienes llegan a un departamento en donde ocurren fen\u00f3menos sobrenaturales.<\/p>\n","protected":false},"excerpt":{"rendered":"<p>La \u201cnini\u201d en la serie Soy tu fan o la maquilladora de cad\u00e1veres en la producci\u00f3n del canal HBO, Sr. \u00c1vila, Camila Selser, se convierte ahora en una hippy que habita en San Miguel de Allende, Guanajuato. Esto como parte de la comedia f\u00edlmica El patriarca, cuyo rodaje arranc\u00f3 esta semana en la ciudad independentista [&hellip;]<\/p>\n","protected":false},"author":1,"featured_media":43004,"comment_status":"open","ping_status":"open","sticky":false,"template":"","format":"standard","meta":{"om_disable_all_campaigns":false,"_monsterinsights_skip_tracking":false,"_monsterinsights_sitenote_active":false,"_monsterinsights_sitenote_note":"","_monsterinsights_sitenote_category":0,"footnotes":""},"categories":[10,3524],"tags":[],"class_list":["post-43003","post","type-post","status-publish","format-standard","has-post-thumbnail","hentry","category-cultura","category-noticas"],"aioseo_notices":[],"_links":{"self":[{"href":"https:\/\/elcronistadigital.com\/index.php?rest_route=\/wp\/v2\/posts\/43003","targetHints":{"allow":["GET"]}}],"collection":[{"href":"https:\/\/elcronistadigital.com\/index.php?rest_route=\/wp\/v2\/posts"}],"about":[{"href":"https:\/\/elcronistadigital.com\/index.php?rest_route=\/wp\/v2\/types\/post"}],"author":[{"embeddable":true,"href":"https:\/\/elcronistadigital.com\/index.php?rest_route=\/wp\/v2\/users\/1"}],"replies":[{"embeddable":true,"href":"https:\/\/elcronistadigital.com\/index.php?rest_route=%2Fwp%2Fv2%2Fcomments&post=43003"}],"version-history":[{"count":1,"href":"https:\/\/elcronistadigital.com\/index.php?rest_route=\/wp\/v2\/posts\/43003\/revisions"}],"predecessor-version":[{"id":43005,"href":"https:\/\/elcronistadigital.com\/index.php?rest_route=\/wp\/v2\/posts\/43003\/revisions\/43005"}],"wp:featuredmedia":[{"embeddable":true,"href":"https:\/\/elcronistadigital.com\/index.php?rest_route=\/wp\/v2\/media\/43004"}],"wp:attachment":[{"href":"https:\/\/elcronistadigital.com\/index.php?rest_route=%2Fwp%2Fv2%2Fmedia&parent=43003"}],"wp:term":[{"taxonomy":"category","embeddable":true,"href":"https:\/\/elcronistadigital.com\/index.php?rest_route=%2Fwp%2Fv2%2Fcategories&post=43003"},{"taxonomy":"post_tag","embeddable":true,"href":"https:\/\/elcronistadigital.com\/index.php?rest_route=%2Fwp%2Fv2%2Ftags&post=43003"}],"curies":[{"name":"wp","href":"https:\/\/api.w.org\/{rel}","templated":true}]}}