{"id":43059,"date":"2016-01-25T08:39:58","date_gmt":"2016-01-25T14:39:58","guid":{"rendered":"http:\/\/elcronistadigital.com\/?p=43059"},"modified":"2016-01-25T08:39:58","modified_gmt":"2016-01-25T14:39:58","slug":"imprescindible-volver-a-ruben-dario","status":"publish","type":"post","link":"https:\/\/elcronistadigital.com\/?p=43059","title":{"rendered":"Imprescindible volver a Rub\u00e9n Dar\u00edo"},"content":{"rendered":"<p><a href=\"https:\/\/elcronistadigital.com\/wp-content\/uploads\/2016\/01\/Rub\u00e9n-Dar\u00edo-6.jpg\"><img loading=\"lazy\" decoding=\"async\" class=\"alignleft size-medium wp-image-43060\" alt=\"Rub\u00e9n Dar\u00edo 6\" src=\"https:\/\/elcronistadigital.com\/wp-content\/uploads\/2016\/01\/Rub\u00e9n-Dar\u00edo-6-300x192.jpg\" width=\"300\" height=\"192\" srcset=\"https:\/\/elcronistadigital.com\/wp-content\/uploads\/2016\/01\/Rub\u00e9n-Dar\u00edo-6-300x192.jpg 300w, https:\/\/elcronistadigital.com\/wp-content\/uploads\/2016\/01\/Rub\u00e9n-Dar\u00edo-6-342x219.jpg 342w, https:\/\/elcronistadigital.com\/wp-content\/uploads\/2016\/01\/Rub\u00e9n-Dar\u00edo-6.jpg 448w\" sizes=\"auto, (max-width: 300px) 100vw, 300px\" \/><\/a>Al conmemorar 100 a\u00f1os del nacimiento de uno de los m\u00e1s grandes poetas latinoamericanos: Rub\u00e9n Dar\u00edo, el escritor ecuatoriano Abd\u00f3n Ubidia dice que \u201ces imprescindible volver a Rub\u00e9n Dar\u00edo, y mirarlo en todo su esplendor, tanto como poeta y capit\u00e1n de un movimiento egregio de la poes\u00eda, como un intelectual que ten\u00eda muy en claro el papel de Am\u00e9rica Latina\u201d.<\/p>\n<p>\u201cYo he tenido unas relaciones tormentosas con Rub\u00e9n Dar\u00edo, cuando yo pertenec\u00eda a la Juventud Comunista y luego a los Tz\u00e1ntzicos (Movimiento cultural ecuatoriano de la d\u00e9cada de 1960) \u2013los unos por la pol\u00edtica y los otros por la est\u00e9tica- que, quiz\u00e1, no me prohib\u00edan sino m\u00e1s bien era de mal gusto leer a Rub\u00e9n Dar\u00edo\u201d, recuerda Ubidia.<\/p>\n<p>Raz\u00f3n por la cual, clandestinamente, Ubidia aprendi\u00f3 de memoria los poemas de Dar\u00edo, para luego enterarse que los dem\u00e1s tambi\u00e9n lo hac\u00edan; \u201ces decir, que los poemas \u201cAzul\u201d, \u201cProsas profanas\u201d, \u201cCantos de vida y esperanza\u201d&#8230;eran una lectura clandestina pero obligatoria de todos nosotros\u201d.<\/p>\n<p>Rub\u00e9n Dar\u00edo -el poeta nicarag\u00fcense- es tal vez el mejor poeta de Am\u00e9rica. Se lo conoce como el padre del Modernismo, \u201cpero no es tan as\u00ed, a criterio de Ubidia, porque \u201cdefinitivamente era todo el ambiente modernista el que se hab\u00eda instalado con la Secesi\u00f3n de Viena, por ejemplo, (&#8230;) todos habremos visto la obra de Gaud\u00ed en Barcelona: la catedral de la Sagrada Familia, eso es Modernismo, lo mismo pasa en las letras\u201d, manifiesta.<\/p>\n<p>Rub\u00e9n Dar\u00edo comand\u00f3 un grupo formidable de escritores \u2013poetas sobre todo- en el que se incluye la generaci\u00f3n del 98, de Espa\u00f1a.<\/p>\n<p>Rub\u00e9n Dar\u00edo es un poeta nuestro pero no se conoce muy bien la fase anti-imperialista que tuvo. \u201cEn cantos de vida y esperanza\u201d consta la famosa \u201cOda a Roosevelt\u201d, donde, claramente, muestra que los Estados Unidos de Norteam\u00e9rica ser\u00edan -en adelante- la amenaza para Am\u00e9rica Latina\u201d.<\/p>\n<p>La Revoluci\u00f3n Sandinista reivindic\u00f3 a Rub\u00e9n Dar\u00edo. \u201cEl hecho de que el mismo Sergio Ram\u00edrez (vicepresidente de Nicaragua) -en los a\u00f1os de la Revoluci\u00f3n Sandinista- haya escrito una novela formidable \u201cMargarita, est\u00e1 linda la mar\u201d es tambi\u00e9n un signo (&#8230;) algo consustancial con la historia de Nicaragua, con la historia de Am\u00e9rica Latina y del mundo porque la figura de Rub\u00e9n Dar\u00edo es mundial\u201d.<\/p>\n<p>Rub\u00e9n Dar\u00edo fue, adem\u00e1s, periodista y diplom\u00e1tico nicarag\u00fcense. Posiblemente, el poeta que ha tenido una mayor y m\u00e1s duradera influencia en la poes\u00eda del siglo XX en el \u00e1mbito hisp\u00e1nico. Es llamado pr\u00edncipe de las letras castellanas.<\/p>\n<p>Fragmento del poema \u201cEl motivo del lobo\u201d.<\/p>\n<p>El var\u00f3n que tiene coraz\u00f3n de lis,<br \/>\nalma de querube, lengua celestial,<br \/>\nel m\u00ednimo y dulce Francisco de As\u00eds,<br \/>\nest\u00e1 con un rudo y torvo animal,<br \/>\nbestia temerosa, de sangre y de robo,<br \/>\nlas fauces de furia, los ojos de mal:<br \/>\nel lobo de Gubbia, el terrible lobo,<br \/>\nrabioso, ha asolado los alrededores;<br \/>\ncruel ha deshecho todos los reba\u00f1os;<br \/>\ndevor\u00f3 corderos, devor\u00f3 pastores,<br \/>\ny son incontables sus muertes y da\u00f1os.<\/p>\n","protected":false},"excerpt":{"rendered":"<p>Al conmemorar 100 a\u00f1os del nacimiento de uno de los m\u00e1s grandes poetas latinoamericanos: Rub\u00e9n Dar\u00edo, el escritor ecuatoriano Abd\u00f3n Ubidia dice que \u201ces imprescindible volver a Rub\u00e9n Dar\u00edo, y mirarlo en todo su esplendor, tanto como poeta y capit\u00e1n de un movimiento egregio de la poes\u00eda, como un intelectual que ten\u00eda muy en claro [&hellip;]<\/p>\n","protected":false},"author":1,"featured_media":43060,"comment_status":"open","ping_status":"open","sticky":false,"template":"","format":"standard","meta":{"om_disable_all_campaigns":false,"_monsterinsights_skip_tracking":false,"_monsterinsights_sitenote_active":false,"_monsterinsights_sitenote_note":"","_monsterinsights_sitenote_category":0,"footnotes":""},"categories":[10,3524],"tags":[],"class_list":["post-43059","post","type-post","status-publish","format-standard","has-post-thumbnail","hentry","category-cultura","category-noticas"],"aioseo_notices":[],"_links":{"self":[{"href":"https:\/\/elcronistadigital.com\/index.php?rest_route=\/wp\/v2\/posts\/43059","targetHints":{"allow":["GET"]}}],"collection":[{"href":"https:\/\/elcronistadigital.com\/index.php?rest_route=\/wp\/v2\/posts"}],"about":[{"href":"https:\/\/elcronistadigital.com\/index.php?rest_route=\/wp\/v2\/types\/post"}],"author":[{"embeddable":true,"href":"https:\/\/elcronistadigital.com\/index.php?rest_route=\/wp\/v2\/users\/1"}],"replies":[{"embeddable":true,"href":"https:\/\/elcronistadigital.com\/index.php?rest_route=%2Fwp%2Fv2%2Fcomments&post=43059"}],"version-history":[{"count":1,"href":"https:\/\/elcronistadigital.com\/index.php?rest_route=\/wp\/v2\/posts\/43059\/revisions"}],"predecessor-version":[{"id":43061,"href":"https:\/\/elcronistadigital.com\/index.php?rest_route=\/wp\/v2\/posts\/43059\/revisions\/43061"}],"wp:featuredmedia":[{"embeddable":true,"href":"https:\/\/elcronistadigital.com\/index.php?rest_route=\/wp\/v2\/media\/43060"}],"wp:attachment":[{"href":"https:\/\/elcronistadigital.com\/index.php?rest_route=%2Fwp%2Fv2%2Fmedia&parent=43059"}],"wp:term":[{"taxonomy":"category","embeddable":true,"href":"https:\/\/elcronistadigital.com\/index.php?rest_route=%2Fwp%2Fv2%2Fcategories&post=43059"},{"taxonomy":"post_tag","embeddable":true,"href":"https:\/\/elcronistadigital.com\/index.php?rest_route=%2Fwp%2Fv2%2Ftags&post=43059"}],"curies":[{"name":"wp","href":"https:\/\/api.w.org\/{rel}","templated":true}]}}