{"id":43062,"date":"2016-01-25T08:49:50","date_gmt":"2016-01-25T14:49:50","guid":{"rendered":"http:\/\/elcronistadigital.com\/?p=43062"},"modified":"2016-01-25T08:49:50","modified_gmt":"2016-01-25T14:49:50","slug":"de-los-80-anos-del-fusilamiento-al-centenario-de-su-primer-texto-literario","status":"publish","type":"post","link":"https:\/\/elcronistadigital.com\/?p=43062","title":{"rendered":"De los 80 a\u00f1os del fusilamiento al centenario de su primer texto literario"},"content":{"rendered":"<p>G. Cappa | granadahoy.com<\/p>\n<div id=\"attachment_43063\" style=\"width: 223px\" class=\"wp-caption alignleft\"><a href=\"https:\/\/elcronistadigital.com\/wp-content\/uploads\/2016\/01\/Federico-Garc\u00eda-Lorca.jpg\"><img loading=\"lazy\" decoding=\"async\" aria-describedby=\"caption-attachment-43063\" class=\"size-medium wp-image-43063\" alt=\"Federico Garc\u00eda Lorca.\" src=\"https:\/\/elcronistadigital.com\/wp-content\/uploads\/2016\/01\/Federico-Garc\u00eda-Lorca-213x300.jpg\" width=\"213\" height=\"300\" srcset=\"https:\/\/elcronistadigital.com\/wp-content\/uploads\/2016\/01\/Federico-Garc\u00eda-Lorca-213x300.jpg 213w, https:\/\/elcronistadigital.com\/wp-content\/uploads\/2016\/01\/Federico-Garc\u00eda-Lorca.jpg 328w\" sizes=\"auto, (max-width: 213px) 100vw, 213px\" \/><\/a><p id=\"caption-attachment-43063\" class=\"wp-caption-text\">Federico Garc\u00eda Lorca.<\/p><\/div>\n<p>Federico Garc\u00eda Lorca se fascin\u00f3 por la poes\u00eda a trav\u00e9s de Rub\u00e9n Dar\u00edo. Tambi\u00e9n Ian Gibson sinti\u00f3 un flechazo con el autor nicarag\u00fcense, as\u00ed que era inevitable que se sintiera &#8216;atrapado&#8217; por el autor de Fuente Vaqueros cuando ley\u00f3 el Romancero gitano.<\/p>\n<p>En 2016 convergen dos centenarios que le tocan muy hondo; en febrero se cumplen 100 a\u00f1os de la muerte de Rub\u00e9n Dar\u00edo y del primer texto de Federico Garc\u00eda Lorca, Mi pueblo, prosa autobiogr\u00e1fica que escribi\u00f3 en marzo. \u00abCuando yo era ni\u00f1o viv\u00eda en un pueblecito muy callado y oloroso de la Vega de Granada. Todo lo que en \u00e9l ocurr\u00eda y todos sus sentires pasan hoy por m\u00ed, velados por la nostalgia de la ni\u00f1ez y el tiempo\u00bb, escribi\u00f3 Lorca en su primer escrito literario.<\/p>\n<p>As\u00ed que, aunque todas las celebraciones del a\u00f1o se centran en recordar el 80 aniversario de su fusilamiento, 2016 tambi\u00e9n tiene una fecha redonda para celebrar su primer texto como escritor.<\/p>\n<p>\u00abYo espero que sigan buscando los restos de Lorca, es mi opini\u00f3n personal, he escuchado muchas versiones de d\u00f3nde pueden estar, as\u00ed que he llegado a pensar que est\u00e1 en la luna, porque la luna es la mansi\u00f3n de los muertos y Lorca es un poeta lunar. Pero espero que podamos seguir buscando, a \u00e9l y a todos los muertos de la guerra, porque no es honesto que haya m\u00e1s de 100.000 fusilados en las cunetas, Espa\u00f1a tiene que resolver este problema y tengo muchas esperanzas puestas en la nueva situaci\u00f3n\u00bb, se\u00f1al\u00f3 Ian Gibson, haciendo un gui\u00f1o a la diputada de Cultura y Memoria Hist\u00f3rica, F\u00e1tima G\u00f3mez, que tambi\u00e9n particip\u00f3 en el acto.<\/p>\n<p>Adem\u00e1s, Gibson avanz\u00f3 que en abril llevar\u00e1 a Fuente Vaqueros los documentos que ha empleado en su revisi\u00f3n de la biograf\u00eda de Lorca que ver\u00e1 la luz tambi\u00e9n este a\u00f1o. \u00abNo conozco ning\u00fan caso parecido de una autor con la prehistoria que tiene Federico; toda su obra se hizo en 20 a\u00f1os y el primer texto del que tenemos constancia es Mi pueblo, lo escribi\u00f3 apenas un par de meses despu\u00e9s de la muerte de su gran maestro, Rub\u00e9n Dar\u00edo&#8230; Quiz\u00e1s s\u00f3lo sea comparable a John Keats, porque los genios lo son desde el feto, pero es incre\u00edble hacer esta obra en tan poco tiempo\u00bb.<\/p>\n","protected":false},"excerpt":{"rendered":"<p>G. Cappa | granadahoy.com Federico Garc\u00eda Lorca se fascin\u00f3 por la poes\u00eda a trav\u00e9s de Rub\u00e9n Dar\u00edo. Tambi\u00e9n Ian Gibson sinti\u00f3 un flechazo con el autor nicarag\u00fcense, as\u00ed que era inevitable que se sintiera &#8216;atrapado&#8217; por el autor de Fuente Vaqueros cuando ley\u00f3 el Romancero gitano. En 2016 convergen dos centenarios que le tocan muy [&hellip;]<\/p>\n","protected":false},"author":1,"featured_media":43063,"comment_status":"open","ping_status":"open","sticky":false,"template":"","format":"standard","meta":{"om_disable_all_campaigns":false,"_monsterinsights_skip_tracking":false,"_monsterinsights_sitenote_active":false,"_monsterinsights_sitenote_note":"","_monsterinsights_sitenote_category":0,"footnotes":""},"categories":[10],"tags":[],"class_list":["post-43062","post","type-post","status-publish","format-standard","has-post-thumbnail","hentry","category-cultura"],"aioseo_notices":[],"_links":{"self":[{"href":"https:\/\/elcronistadigital.com\/index.php?rest_route=\/wp\/v2\/posts\/43062","targetHints":{"allow":["GET"]}}],"collection":[{"href":"https:\/\/elcronistadigital.com\/index.php?rest_route=\/wp\/v2\/posts"}],"about":[{"href":"https:\/\/elcronistadigital.com\/index.php?rest_route=\/wp\/v2\/types\/post"}],"author":[{"embeddable":true,"href":"https:\/\/elcronistadigital.com\/index.php?rest_route=\/wp\/v2\/users\/1"}],"replies":[{"embeddable":true,"href":"https:\/\/elcronistadigital.com\/index.php?rest_route=%2Fwp%2Fv2%2Fcomments&post=43062"}],"version-history":[{"count":1,"href":"https:\/\/elcronistadigital.com\/index.php?rest_route=\/wp\/v2\/posts\/43062\/revisions"}],"predecessor-version":[{"id":43064,"href":"https:\/\/elcronistadigital.com\/index.php?rest_route=\/wp\/v2\/posts\/43062\/revisions\/43064"}],"wp:featuredmedia":[{"embeddable":true,"href":"https:\/\/elcronistadigital.com\/index.php?rest_route=\/wp\/v2\/media\/43063"}],"wp:attachment":[{"href":"https:\/\/elcronistadigital.com\/index.php?rest_route=%2Fwp%2Fv2%2Fmedia&parent=43062"}],"wp:term":[{"taxonomy":"category","embeddable":true,"href":"https:\/\/elcronistadigital.com\/index.php?rest_route=%2Fwp%2Fv2%2Fcategories&post=43062"},{"taxonomy":"post_tag","embeddable":true,"href":"https:\/\/elcronistadigital.com\/index.php?rest_route=%2Fwp%2Fv2%2Ftags&post=43062"}],"curies":[{"name":"wp","href":"https:\/\/api.w.org\/{rel}","templated":true}]}}