{"id":43087,"date":"2016-01-29T07:26:20","date_gmt":"2016-01-29T13:26:20","guid":{"rendered":"http:\/\/elcronistadigital.com\/?p=43087"},"modified":"2016-01-29T07:26:20","modified_gmt":"2016-01-29T13:26:20","slug":"encuentro-regional-de-proteccion-radiologica-en-nicaragua","status":"publish","type":"post","link":"https:\/\/elcronistadigital.com\/?p=43087","title":{"rendered":"Encuentro regional de protecci\u00f3n radiol\u00f3gica en Nicaragua"},"content":{"rendered":"<p><a href=\"https:\/\/elcronistadigital.com\/wp-content\/uploads\/2016\/01\/proteccion-radiologica.jpg\"><img loading=\"lazy\" decoding=\"async\" class=\"alignleft size-full wp-image-43088\" alt=\"proteccion radiologica\" src=\"https:\/\/elcronistadigital.com\/wp-content\/uploads\/2016\/01\/proteccion-radiologica.jpg\" width=\"433\" height=\"239\" srcset=\"https:\/\/elcronistadigital.com\/wp-content\/uploads\/2016\/01\/proteccion-radiologica.jpg 433w, https:\/\/elcronistadigital.com\/wp-content\/uploads\/2016\/01\/proteccion-radiologica-300x165.jpg 300w, https:\/\/elcronistadigital.com\/wp-content\/uploads\/2016\/01\/proteccion-radiologica-342x188.jpg 342w\" sizes=\"auto, (max-width: 433px) 100vw, 433px\" \/><\/a>Nicaragua acoger\u00e1 entre el 1 y el 5 de febrero pr\u00f3ximos un encuentro regional de protecci\u00f3n radiol\u00f3gica, al que est\u00e1 previsto acuda el director general del Organismo Internacional de Energ\u00eda At\u00f3mica (OIEA), el japon\u00e9s Yukiya Amano, inform\u00f3 el jueves una fuente oficial.<\/p>\n<p>Ese encuentro, que reunir\u00e1 a expertos de 17 pa\u00edses de Am\u00e9rica Latina, tiene como objetivo evaluar el progreso de los pa\u00edses participantes en protecci\u00f3n radiol\u00f3gica ocupacional, explic\u00f3 la coordinadora del Consejo de Comunicaci\u00f3n y Ciudadan\u00eda del Gobierno sandinista, Rosario Murillo.<\/p>\n<p>Por otro lado, la funcionaria, citada por Efe, indic\u00f3 que el alto cargo de la OIEA llegar\u00e1 a Nicaragua un d\u00eda antes del evento y durante su estad\u00eda en el pa\u00eds centroamericano cumplir\u00e1 \u00abun programa intensivo de reuniones con especialistas del Ministerio de Salud\u00bb, adem\u00e1s de participar en el encuentro regional.<\/p>\n<p>La actividad es organizada por la OIEA en coordinaci\u00f3n con el Gobierno nicarag\u00fcense.<\/p>\n","protected":false},"excerpt":{"rendered":"<p>Nicaragua acoger\u00e1 entre el 1 y el 5 de febrero pr\u00f3ximos un encuentro regional de protecci\u00f3n radiol\u00f3gica, al que est\u00e1 previsto acuda el director general del Organismo Internacional de Energ\u00eda At\u00f3mica (OIEA), el japon\u00e9s Yukiya Amano, inform\u00f3 el jueves una fuente oficial. Ese encuentro, que reunir\u00e1 a expertos de 17 pa\u00edses de Am\u00e9rica Latina, tiene [&hellip;]<\/p>\n","protected":false},"author":1,"featured_media":43088,"comment_status":"open","ping_status":"open","sticky":false,"template":"","format":"standard","meta":{"om_disable_all_campaigns":false,"_monsterinsights_skip_tracking":false,"_monsterinsights_sitenote_active":false,"_monsterinsights_sitenote_note":"","_monsterinsights_sitenote_category":0,"footnotes":""},"categories":[3524],"tags":[],"class_list":["post-43087","post","type-post","status-publish","format-standard","has-post-thumbnail","hentry","category-noticas"],"aioseo_notices":[],"_links":{"self":[{"href":"https:\/\/elcronistadigital.com\/index.php?rest_route=\/wp\/v2\/posts\/43087","targetHints":{"allow":["GET"]}}],"collection":[{"href":"https:\/\/elcronistadigital.com\/index.php?rest_route=\/wp\/v2\/posts"}],"about":[{"href":"https:\/\/elcronistadigital.com\/index.php?rest_route=\/wp\/v2\/types\/post"}],"author":[{"embeddable":true,"href":"https:\/\/elcronistadigital.com\/index.php?rest_route=\/wp\/v2\/users\/1"}],"replies":[{"embeddable":true,"href":"https:\/\/elcronistadigital.com\/index.php?rest_route=%2Fwp%2Fv2%2Fcomments&post=43087"}],"version-history":[{"count":1,"href":"https:\/\/elcronistadigital.com\/index.php?rest_route=\/wp\/v2\/posts\/43087\/revisions"}],"predecessor-version":[{"id":43089,"href":"https:\/\/elcronistadigital.com\/index.php?rest_route=\/wp\/v2\/posts\/43087\/revisions\/43089"}],"wp:featuredmedia":[{"embeddable":true,"href":"https:\/\/elcronistadigital.com\/index.php?rest_route=\/wp\/v2\/media\/43088"}],"wp:attachment":[{"href":"https:\/\/elcronistadigital.com\/index.php?rest_route=%2Fwp%2Fv2%2Fmedia&parent=43087"}],"wp:term":[{"taxonomy":"category","embeddable":true,"href":"https:\/\/elcronistadigital.com\/index.php?rest_route=%2Fwp%2Fv2%2Fcategories&post=43087"},{"taxonomy":"post_tag","embeddable":true,"href":"https:\/\/elcronistadigital.com\/index.php?rest_route=%2Fwp%2Fv2%2Ftags&post=43087"}],"curies":[{"name":"wp","href":"https:\/\/api.w.org\/{rel}","templated":true}]}}