{"id":43107,"date":"2016-01-29T10:14:02","date_gmt":"2016-01-29T16:14:02","guid":{"rendered":"http:\/\/elcronistadigital.com\/?p=43107"},"modified":"2016-01-29T10:14:02","modified_gmt":"2016-01-29T16:14:02","slug":"dias-de-amar-30-anos-del-canto-ecologico","status":"publish","type":"post","link":"https:\/\/elcronistadigital.com\/?p=43107","title":{"rendered":"\u201cD\u00edas de Amar\u201d, 30 a\u00f1os del Canto Ecol\u00f3gico"},"content":{"rendered":"<p><a href=\"https:\/\/elcronistadigital.com\/wp-content\/uploads\/2016\/01\/katia-concierto.jpg\"><img loading=\"lazy\" decoding=\"async\" class=\"alignleft size-full wp-image-43108\" alt=\"katia concierto\" src=\"https:\/\/elcronistadigital.com\/wp-content\/uploads\/2016\/01\/katia-concierto.jpg\" width=\"316\" height=\"488\" srcset=\"https:\/\/elcronistadigital.com\/wp-content\/uploads\/2016\/01\/katia-concierto.jpg 316w, https:\/\/elcronistadigital.com\/wp-content\/uploads\/2016\/01\/katia-concierto-194x300.jpg 194w, https:\/\/elcronistadigital.com\/wp-content\/uploads\/2016\/01\/katia-concierto-300x463.jpg 300w\" sizes=\"auto, (max-width: 316px) 100vw, 316px\" \/><\/a>\u00abVienen ya, d\u00edas de amar la casa que habit\u00e1s, d\u00edas de amar la tierra vegetal, flor y animal\u201d; as\u00ed dice la hermosa composici\u00f3n del D\u00fao Guardabarranco llamada \u00abD\u00edas de Amar\u00bb, y con un concierto que lleva el mismo nombre, Katia Cardenal recordar\u00e1 el primer tema ecol\u00f3gico compuesto por Salvador Cardenal, con quien form\u00f3 el legendario D\u00fao Guardabarranco.<\/p>\n<p>Han pasado 30 a\u00f1os desde que se compuso el tema que marc\u00f3 el inicio de bellas interpretaciones musicales que rend\u00edan tributo a la naturaleza, por lo que Katia Cardenal quiere celebrarlo a lo grande. Ser\u00e1 un homenaje no s\u00f3lo al canto ecol\u00f3gico, sino tambi\u00e9n al D\u00fao Guardabarranco y a Salvador Cardenal (q.e.p.d.)<\/p>\n<p>Como parte de la celebraci\u00f3n de los 30 a\u00f1os se grabar\u00e1 una nueva versi\u00f3n de la canci\u00f3n \u201cD\u00edas de amar\u201d, en la que participar\u00e1n m\u00e1s de 30 artistas invitados. La canci\u00f3n estar\u00e1 lista para presentarla en video el d\u00eda del concierto. En el concierto participar\u00e1n Nina &amp; Sebastian, adem\u00e1s de Augusto Mej\u00eda, Ervin Rayo y Omar Suazo.<\/p>\n<p>Para Katia, la gente tiene necesidad de alimentar la esperanza en tener un mundo mejor, tiene la necesidad de creer en lo bueno y tiene necesidad de alimentar la fe en creer que es posible hacer cosas que puedan cambiar nuestro entorno.<\/p>\n<p>Adem\u00e1s cree que las letras son atemporales, se mantienen vivas, cada vez que alguien las escucha por primera vez se puede sentir identificado, \u00abcreo que el lenguaje y las melod\u00edas son frescas y se prestan para tener una vida larga en el coraz\u00f3n de la gente\u00bb, comparti\u00f3 Katia en una entrevista con El Nuevo Diario.<\/p>\n<p>El concierto se realizar\u00e1 en la Sala Mayor del Teatro Nacional Rub\u00e9n Dar\u00edo, el d\u00eda 10 de febrero, a las 7:30 pm. Los boletos est\u00e1n a la venta en la taquilla del Teatro.<\/p>\n","protected":false},"excerpt":{"rendered":"<p>\u00abVienen ya, d\u00edas de amar la casa que habit\u00e1s, d\u00edas de amar la tierra vegetal, flor y animal\u201d; as\u00ed dice la hermosa composici\u00f3n del D\u00fao Guardabarranco llamada \u00abD\u00edas de Amar\u00bb, y con un concierto que lleva el mismo nombre, Katia Cardenal recordar\u00e1 el primer tema ecol\u00f3gico compuesto por Salvador Cardenal, con quien form\u00f3 el legendario [&hellip;]<\/p>\n","protected":false},"author":1,"featured_media":43108,"comment_status":"open","ping_status":"open","sticky":false,"template":"","format":"standard","meta":{"om_disable_all_campaigns":false,"_monsterinsights_skip_tracking":false,"_monsterinsights_sitenote_active":false,"_monsterinsights_sitenote_note":"","_monsterinsights_sitenote_category":0,"footnotes":""},"categories":[3,10],"tags":[],"class_list":["post-43107","post","type-post","status-publish","format-standard","has-post-thumbnail","hentry","category-nacionales","category-cultura"],"aioseo_notices":[],"_links":{"self":[{"href":"https:\/\/elcronistadigital.com\/index.php?rest_route=\/wp\/v2\/posts\/43107","targetHints":{"allow":["GET"]}}],"collection":[{"href":"https:\/\/elcronistadigital.com\/index.php?rest_route=\/wp\/v2\/posts"}],"about":[{"href":"https:\/\/elcronistadigital.com\/index.php?rest_route=\/wp\/v2\/types\/post"}],"author":[{"embeddable":true,"href":"https:\/\/elcronistadigital.com\/index.php?rest_route=\/wp\/v2\/users\/1"}],"replies":[{"embeddable":true,"href":"https:\/\/elcronistadigital.com\/index.php?rest_route=%2Fwp%2Fv2%2Fcomments&post=43107"}],"version-history":[{"count":1,"href":"https:\/\/elcronistadigital.com\/index.php?rest_route=\/wp\/v2\/posts\/43107\/revisions"}],"predecessor-version":[{"id":43109,"href":"https:\/\/elcronistadigital.com\/index.php?rest_route=\/wp\/v2\/posts\/43107\/revisions\/43109"}],"wp:featuredmedia":[{"embeddable":true,"href":"https:\/\/elcronistadigital.com\/index.php?rest_route=\/wp\/v2\/media\/43108"}],"wp:attachment":[{"href":"https:\/\/elcronistadigital.com\/index.php?rest_route=%2Fwp%2Fv2%2Fmedia&parent=43107"}],"wp:term":[{"taxonomy":"category","embeddable":true,"href":"https:\/\/elcronistadigital.com\/index.php?rest_route=%2Fwp%2Fv2%2Fcategories&post=43107"},{"taxonomy":"post_tag","embeddable":true,"href":"https:\/\/elcronistadigital.com\/index.php?rest_route=%2Fwp%2Fv2%2Ftags&post=43107"}],"curies":[{"name":"wp","href":"https:\/\/api.w.org\/{rel}","templated":true}]}}