{"id":43170,"date":"2016-02-03T07:38:27","date_gmt":"2016-02-03T13:38:27","guid":{"rendered":"http:\/\/elcronistadigital.com\/?p=43170"},"modified":"2016-02-03T07:38:27","modified_gmt":"2016-02-03T13:38:27","slug":"television-espanola-dedicara-programa-especial-a-ruben-dario","status":"publish","type":"post","link":"https:\/\/elcronistadigital.com\/?p=43170","title":{"rendered":"Televisi\u00f3n Espa\u00f1ola dedicar\u00e1 programa especial a Rub\u00e9n Dar\u00edo"},"content":{"rendered":"<p><a href=\"https:\/\/elcronistadigital.com\/wp-content\/uploads\/2016\/02\/rubendario.jpg\"><img loading=\"lazy\" decoding=\"async\" class=\"alignleft size-full wp-image-43171\" alt=\"rubendario\" src=\"https:\/\/elcronistadigital.com\/wp-content\/uploads\/2016\/02\/rubendario.jpg\" width=\"350\" height=\"196\" srcset=\"https:\/\/elcronistadigital.com\/wp-content\/uploads\/2016\/02\/rubendario.jpg 350w, https:\/\/elcronistadigital.com\/wp-content\/uploads\/2016\/02\/rubendario-300x168.jpg 300w, https:\/\/elcronistadigital.com\/wp-content\/uploads\/2016\/02\/rubendario-342x191.jpg 342w\" sizes=\"auto, (max-width: 350px) 100vw, 350px\" \/><\/a>Radio Televisi\u00f3n Espa\u00f1ola (RTVE) dedicar\u00e1 este viernes 5 de febrero un programa especial al gran poeta nicarag\u00fcense Rub\u00e9n Dar\u00edo, con motivo del centenario de su muerte, efem\u00e9ride que se cumple justo el d\u00eda 6 de febrero.<\/p>\n<p>La vida y los versos del m\u00e1ximo exponente del Modernismo literario espa\u00f1ol vertebrar\u00e1n el programa, empezando por la prueba Cada Sabio con su Tema, siguiendo por la Pregunta Doble de la presentadora Pilar.<\/p>\n<p>En el Duelo Especial profundizar\u00e1n en la biograf\u00eda y la obra del autor de Azul y Prosas profanas y en La \u00daltima Llamada tendr\u00e1n la ocasi\u00f3n de escuchar a Juanjo Cardenal declamar versos: ser\u00e1n algunas de las composiciones m\u00e1s destacadas con las que Rub\u00e9n Dar\u00edo revolucion\u00f3 la poes\u00eda espa\u00f1ola.<\/p>\n<p>Como las empresas de cable en Nicaragua suspendieron de sus listas a RTVE, habr\u00e1 que seguir el resultado del programa por internet, en la web de la televisora hispana.<\/p>\n","protected":false},"excerpt":{"rendered":"<p>Radio Televisi\u00f3n Espa\u00f1ola (RTVE) dedicar\u00e1 este viernes 5 de febrero un programa especial al gran poeta nicarag\u00fcense Rub\u00e9n Dar\u00edo, con motivo del centenario de su muerte, efem\u00e9ride que se cumple justo el d\u00eda 6 de febrero. La vida y los versos del m\u00e1ximo exponente del Modernismo literario espa\u00f1ol vertebrar\u00e1n el programa, empezando por la prueba [&hellip;]<\/p>\n","protected":false},"author":1,"featured_media":43171,"comment_status":"open","ping_status":"open","sticky":false,"template":"","format":"standard","meta":{"om_disable_all_campaigns":false,"_monsterinsights_skip_tracking":false,"_monsterinsights_sitenote_active":false,"_monsterinsights_sitenote_note":"","_monsterinsights_sitenote_category":0,"footnotes":""},"categories":[10,3524],"tags":[],"class_list":["post-43170","post","type-post","status-publish","format-standard","has-post-thumbnail","hentry","category-cultura","category-noticas"],"aioseo_notices":[],"_links":{"self":[{"href":"https:\/\/elcronistadigital.com\/index.php?rest_route=\/wp\/v2\/posts\/43170","targetHints":{"allow":["GET"]}}],"collection":[{"href":"https:\/\/elcronistadigital.com\/index.php?rest_route=\/wp\/v2\/posts"}],"about":[{"href":"https:\/\/elcronistadigital.com\/index.php?rest_route=\/wp\/v2\/types\/post"}],"author":[{"embeddable":true,"href":"https:\/\/elcronistadigital.com\/index.php?rest_route=\/wp\/v2\/users\/1"}],"replies":[{"embeddable":true,"href":"https:\/\/elcronistadigital.com\/index.php?rest_route=%2Fwp%2Fv2%2Fcomments&post=43170"}],"version-history":[{"count":1,"href":"https:\/\/elcronistadigital.com\/index.php?rest_route=\/wp\/v2\/posts\/43170\/revisions"}],"predecessor-version":[{"id":43172,"href":"https:\/\/elcronistadigital.com\/index.php?rest_route=\/wp\/v2\/posts\/43170\/revisions\/43172"}],"wp:featuredmedia":[{"embeddable":true,"href":"https:\/\/elcronistadigital.com\/index.php?rest_route=\/wp\/v2\/media\/43171"}],"wp:attachment":[{"href":"https:\/\/elcronistadigital.com\/index.php?rest_route=%2Fwp%2Fv2%2Fmedia&parent=43170"}],"wp:term":[{"taxonomy":"category","embeddable":true,"href":"https:\/\/elcronistadigital.com\/index.php?rest_route=%2Fwp%2Fv2%2Fcategories&post=43170"},{"taxonomy":"post_tag","embeddable":true,"href":"https:\/\/elcronistadigital.com\/index.php?rest_route=%2Fwp%2Fv2%2Ftags&post=43170"}],"curies":[{"name":"wp","href":"https:\/\/api.w.org\/{rel}","templated":true}]}}