{"id":43173,"date":"2016-02-03T08:04:54","date_gmt":"2016-02-03T14:04:54","guid":{"rendered":"http:\/\/elcronistadigital.com\/?p=43173"},"modified":"2016-02-03T08:04:54","modified_gmt":"2016-02-03T14:04:54","slug":"casa-de-america-de-madrid-se-tenira-de-azul-por-dario","status":"publish","type":"post","link":"https:\/\/elcronistadigital.com\/?p=43173","title":{"rendered":"Casa de Am\u00e9rica de Madrid se te\u00f1ir\u00e1 de azul por Dar\u00edo"},"content":{"rendered":"<p><a href=\"https:\/\/elcronistadigital.com\/wp-content\/uploads\/2016\/02\/casa-de-am\u00e9rica-madrid.jpg\"><img loading=\"lazy\" decoding=\"async\" class=\"alignleft size-full wp-image-43174\" alt=\"casa de am\u00e9rica madrid\" src=\"https:\/\/elcronistadigital.com\/wp-content\/uploads\/2016\/02\/casa-de-am\u00e9rica-madrid.jpg\" width=\"400\" height=\"266\" srcset=\"https:\/\/elcronistadigital.com\/wp-content\/uploads\/2016\/02\/casa-de-am\u00e9rica-madrid.jpg 400w, https:\/\/elcronistadigital.com\/wp-content\/uploads\/2016\/02\/casa-de-am\u00e9rica-madrid-300x199.jpg 300w, https:\/\/elcronistadigital.com\/wp-content\/uploads\/2016\/02\/casa-de-am\u00e9rica-madrid-342x227.jpg 342w\" sizes=\"auto, (max-width: 400px) 100vw, 400px\" \/><\/a>La Casa de Am\u00e9rica de Madrid se te\u00f1ir\u00e1 durante tres noches de azul en homenaje al poeta nicarag\u00fcense Rub\u00e9n Dar\u00edo, considerado el padre del modernismo en lengua espa\u00f1ola, y de cuya muerte se cumplen el 6 de febrero cien a\u00f1os.<\/p>\n<p>Con motivo de este aniversario, la fachada de Casa de Am\u00e9rica se te\u00f1ir\u00e1 del &#8216;Azul&#8217; que dio el t\u00edtulo a la obra m\u00e1s conocida de Dar\u00edo, nacido en Metapa (Nicaragua) el 18 de enero de 1867 y fallecido en Le\u00f3n, Nicaragua, el 6 de febrero de 1916.<\/p>\n<p>Adem\u00e1s, se colocar\u00e1 una gran lona en la que podr\u00e1 leerse uno de sus versos, del poema \u00abAl rey \u00d3scar\u00bb, inform\u00f3 este mi\u00e9rcoles Casa de Am\u00e9rica.<\/p>\n<p>Durante las noches del viernes, s\u00e1bado y domingo, en el balc\u00f3n principal, que da a la Plaza de Cibeles, los paseantes podr\u00e1n leer un verso que habla de la relaci\u00f3n entre Am\u00e9rica y Espa\u00f1a.<\/p>\n<p>\u00abMientras el mundo aliente, mientras la esfera gire\u00bb es el verso elegido de un poema que contin\u00faa as\u00ed:<\/p>\n<p>\u00abMientras la onda cordial alimente un ensue\u00f1o; Mientras haya una viva pasi\u00f3n, un noble empe\u00f1o; Un buscado imposible, una imposible haza\u00f1a; Una Am\u00e9rica oculta que hallar, vivir\u00e1 Espa\u00f1a!\u00bb.<\/p>\n<p>Casa de Am\u00e9rica desarrollar\u00e1 adem\u00e1s un programa de actividades que analizar\u00e1 las aportaciones del poeta a la literatura en espa\u00f1ol.<\/p>\n","protected":false},"excerpt":{"rendered":"<p>La Casa de Am\u00e9rica de Madrid se te\u00f1ir\u00e1 durante tres noches de azul en homenaje al poeta nicarag\u00fcense Rub\u00e9n Dar\u00edo, considerado el padre del modernismo en lengua espa\u00f1ola, y de cuya muerte se cumplen el 6 de febrero cien a\u00f1os. Con motivo de este aniversario, la fachada de Casa de Am\u00e9rica se te\u00f1ir\u00e1 del &#8216;Azul&#8217; [&hellip;]<\/p>\n","protected":false},"author":1,"featured_media":43174,"comment_status":"open","ping_status":"open","sticky":false,"template":"","format":"standard","meta":{"om_disable_all_campaigns":false,"_monsterinsights_skip_tracking":false,"_monsterinsights_sitenote_active":false,"_monsterinsights_sitenote_note":"","_monsterinsights_sitenote_category":0,"footnotes":""},"categories":[10,3524],"tags":[],"class_list":["post-43173","post","type-post","status-publish","format-standard","has-post-thumbnail","hentry","category-cultura","category-noticas"],"aioseo_notices":[],"_links":{"self":[{"href":"https:\/\/elcronistadigital.com\/index.php?rest_route=\/wp\/v2\/posts\/43173","targetHints":{"allow":["GET"]}}],"collection":[{"href":"https:\/\/elcronistadigital.com\/index.php?rest_route=\/wp\/v2\/posts"}],"about":[{"href":"https:\/\/elcronistadigital.com\/index.php?rest_route=\/wp\/v2\/types\/post"}],"author":[{"embeddable":true,"href":"https:\/\/elcronistadigital.com\/index.php?rest_route=\/wp\/v2\/users\/1"}],"replies":[{"embeddable":true,"href":"https:\/\/elcronistadigital.com\/index.php?rest_route=%2Fwp%2Fv2%2Fcomments&post=43173"}],"version-history":[{"count":1,"href":"https:\/\/elcronistadigital.com\/index.php?rest_route=\/wp\/v2\/posts\/43173\/revisions"}],"predecessor-version":[{"id":43175,"href":"https:\/\/elcronistadigital.com\/index.php?rest_route=\/wp\/v2\/posts\/43173\/revisions\/43175"}],"wp:featuredmedia":[{"embeddable":true,"href":"https:\/\/elcronistadigital.com\/index.php?rest_route=\/wp\/v2\/media\/43174"}],"wp:attachment":[{"href":"https:\/\/elcronistadigital.com\/index.php?rest_route=%2Fwp%2Fv2%2Fmedia&parent=43173"}],"wp:term":[{"taxonomy":"category","embeddable":true,"href":"https:\/\/elcronistadigital.com\/index.php?rest_route=%2Fwp%2Fv2%2Fcategories&post=43173"},{"taxonomy":"post_tag","embeddable":true,"href":"https:\/\/elcronistadigital.com\/index.php?rest_route=%2Fwp%2Fv2%2Ftags&post=43173"}],"curies":[{"name":"wp","href":"https:\/\/api.w.org\/{rel}","templated":true}]}}