{"id":43182,"date":"2016-02-03T14:46:45","date_gmt":"2016-02-03T20:46:45","guid":{"rendered":"http:\/\/elcronistadigital.com\/?p=43182"},"modified":"2016-02-05T11:58:03","modified_gmt":"2016-02-05T17:58:03","slug":"11-paises-en-iv-festival-internacional-del-bolero-en-nicaragua","status":"publish","type":"post","link":"https:\/\/elcronistadigital.com\/?p=43182","title":{"rendered":"11 pa\u00edses en IV Festival Internacional del Bolero en Nicaragua"},"content":{"rendered":"<p><a href=\"https:\/\/elcronistadigital.com\/wp-content\/uploads\/2016\/02\/bolero.jpg\"><img loading=\"lazy\" decoding=\"async\" class=\"alignleft size-full wp-image-43183\" alt=\"bolero\" src=\"https:\/\/elcronistadigital.com\/wp-content\/uploads\/2016\/02\/bolero.jpg\" width=\"322\" height=\"410\" srcset=\"https:\/\/elcronistadigital.com\/wp-content\/uploads\/2016\/02\/bolero.jpg 322w, https:\/\/elcronistadigital.com\/wp-content\/uploads\/2016\/02\/bolero-235x300.jpg 235w, https:\/\/elcronistadigital.com\/wp-content\/uploads\/2016\/02\/bolero-300x381.jpg 300w\" sizes=\"auto, (max-width: 322px) 100vw, 322px\" \/><\/a>Cantantes \u00abrom\u00e1nticos\u00bb de 11 pa\u00edses de Am\u00e9rica Latina participar\u00e1n en el IV Festival Internacional del Bolero, que se realizar\u00e1 del 10 al 14 de febrero en ocho ciudades de Nicaragua, anunci\u00f3 el Teatro Nacional Rub\u00e9n Dar\u00edo.<\/p>\n<p>Entre los artistas est\u00e1n Carla Maya y Flor Yvon, de M\u00e9xico; Antonio Guzm\u00e1n, de Cuba; y Williams de Le\u00f3n, de Guatemala, informaron los organizadores.<\/p>\n<p>Otros que estar\u00e1n presentes en el festival son Keyla Suazo, de Honduras; Halzen Aguilar, de Panam\u00e1; Cenelia Alc\u00e1zar, de Colombia; Beatriz Gil, de Ecuador; y Luis Espa\u00f1a, de Venezuela.<\/p>\n<p>De la misma manera participar\u00e1n cantantes de Costa Rica, El Salvador y Nicaragua.<\/p>\n<p>El IV Festival Internacional de Bolero se realizar\u00e1 este a\u00f1o en honor de los cantautores nicarag\u00fcenses Orlando Flores Ponce y R\u00f3ger Fischer, dio a conocer el director del teatro, Ram\u00f3n Rodr\u00edguez.<\/p>\n<p>El festival iniciar\u00e1 el 10 de febrero en las ciudades de Masaya y Granada (zona de Oriente), continuar\u00e1 el 11 en Matagalpa (Norte) y Le\u00f3n (Occidente), el 12 en el Teatro Nacional en Managua, el 13 en Juigalpa (Centro) y Diri\u00e1, y el 14 en Diriamba (Sur) y en la capital nicarag\u00fcense.<\/p>\n","protected":false},"excerpt":{"rendered":"<p>Cantantes \u00abrom\u00e1nticos\u00bb de 11 pa\u00edses de Am\u00e9rica Latina participar\u00e1n en el IV Festival Internacional del Bolero, que se realizar\u00e1 del 10 al 14 de febrero en ocho ciudades de Nicaragua, anunci\u00f3 el Teatro Nacional Rub\u00e9n Dar\u00edo. Entre los artistas est\u00e1n Carla Maya y Flor Yvon, de M\u00e9xico; Antonio Guzm\u00e1n, de Cuba; y Williams de Le\u00f3n, [&hellip;]<\/p>\n","protected":false},"author":1,"featured_media":43183,"comment_status":"open","ping_status":"open","sticky":false,"template":"","format":"standard","meta":{"om_disable_all_campaigns":false,"_monsterinsights_skip_tracking":false,"_monsterinsights_sitenote_active":false,"_monsterinsights_sitenote_note":"","_monsterinsights_sitenote_category":0,"footnotes":""},"categories":[3,10],"tags":[],"class_list":["post-43182","post","type-post","status-publish","format-standard","has-post-thumbnail","hentry","category-nacionales","category-cultura"],"aioseo_notices":[],"_links":{"self":[{"href":"https:\/\/elcronistadigital.com\/index.php?rest_route=\/wp\/v2\/posts\/43182","targetHints":{"allow":["GET"]}}],"collection":[{"href":"https:\/\/elcronistadigital.com\/index.php?rest_route=\/wp\/v2\/posts"}],"about":[{"href":"https:\/\/elcronistadigital.com\/index.php?rest_route=\/wp\/v2\/types\/post"}],"author":[{"embeddable":true,"href":"https:\/\/elcronistadigital.com\/index.php?rest_route=\/wp\/v2\/users\/1"}],"replies":[{"embeddable":true,"href":"https:\/\/elcronistadigital.com\/index.php?rest_route=%2Fwp%2Fv2%2Fcomments&post=43182"}],"version-history":[{"count":1,"href":"https:\/\/elcronistadigital.com\/index.php?rest_route=\/wp\/v2\/posts\/43182\/revisions"}],"predecessor-version":[{"id":43184,"href":"https:\/\/elcronistadigital.com\/index.php?rest_route=\/wp\/v2\/posts\/43182\/revisions\/43184"}],"wp:featuredmedia":[{"embeddable":true,"href":"https:\/\/elcronistadigital.com\/index.php?rest_route=\/wp\/v2\/media\/43183"}],"wp:attachment":[{"href":"https:\/\/elcronistadigital.com\/index.php?rest_route=%2Fwp%2Fv2%2Fmedia&parent=43182"}],"wp:term":[{"taxonomy":"category","embeddable":true,"href":"https:\/\/elcronistadigital.com\/index.php?rest_route=%2Fwp%2Fv2%2Fcategories&post=43182"},{"taxonomy":"post_tag","embeddable":true,"href":"https:\/\/elcronistadigital.com\/index.php?rest_route=%2Fwp%2Fv2%2Ftags&post=43182"}],"curies":[{"name":"wp","href":"https:\/\/api.w.org\/{rel}","templated":true}]}}