{"id":43186,"date":"2016-02-04T07:23:14","date_gmt":"2016-02-04T13:23:14","guid":{"rendered":"http:\/\/elcronistadigital.com\/?p=43186"},"modified":"2016-02-04T07:23:14","modified_gmt":"2016-02-04T13:23:14","slug":"homenaje-de-la-oea-a-ruben-dario","status":"publish","type":"post","link":"https:\/\/elcronistadigital.com\/?p=43186","title":{"rendered":"Homenaje de la OEA a Rub\u00e9n Dar\u00edo"},"content":{"rendered":"<div id=\"attachment_43187\" style=\"width: 510px\" class=\"wp-caption alignleft\"><a href=\"https:\/\/elcronistadigital.com\/wp-content\/uploads\/2016\/02\/oea-consejo.jpg\"><img loading=\"lazy\" decoding=\"async\" aria-describedby=\"caption-attachment-43187\" class=\"size-full wp-image-43187\" alt=\"El Consejo Permanene de la OEA. Al centro, el representante nicarag\u00fcense Denis Moncada.\" src=\"https:\/\/elcronistadigital.com\/wp-content\/uploads\/2016\/02\/oea-consejo.jpg\" width=\"500\" height=\"334\" srcset=\"https:\/\/elcronistadigital.com\/wp-content\/uploads\/2016\/02\/oea-consejo.jpg 500w, https:\/\/elcronistadigital.com\/wp-content\/uploads\/2016\/02\/oea-consejo-300x200.jpg 300w, https:\/\/elcronistadigital.com\/wp-content\/uploads\/2016\/02\/oea-consejo-342x228.jpg 342w\" sizes=\"auto, (max-width: 500px) 100vw, 500px\" \/><\/a><p id=\"caption-attachment-43187\" class=\"wp-caption-text\">El Consejo Permanene de la OEA. Al centro, el representante nicarag\u00fcense Denis Moncada.<\/p><\/div>\n<p>El Consejo Permanente de la Organizaci\u00f3n de los Estados Americanos (OEA) conmemor\u00f3 el mi\u00e9rcoles el centenario de la muerte del poeta nicarag\u00fcense Rub\u00e9n Dar\u00edo, con una reuni\u00f3n extraordinaria y con una ofrenda floral a los pies del busto del bardo en la sede del organismo hemisf\u00e9rico en Washington, DC.<\/p>\n<p>El secretario general de la OEA, Luis Almagro, catalog\u00f3 a Dar\u00edo como un \u201cejemplo de legado cultural en el m\u00e1s amplio sentido de la palabra\u201d y destac\u00f3 la proyecci\u00f3n de su obra mundialmente conocida \u201cque todav\u00eda incide en el contexto social y pol\u00edtico\u201d.<\/p>\n<p>El vicepresidente del Consejo Permanente y Representante de Panam\u00e1, embajador Jes\u00fas Sierra Victor\u00eda, quien presidi\u00f3 la reuni\u00f3n, asegur\u00f3 que \u201cla inmortalidad de Rub\u00e9n Dar\u00edo fue ya asegurada por el producto de su pluma\u201d.<\/p>\n<p>El Representante Permanente de Nicaragua, embajador Denis Moncada, resumi\u00f3 la categor\u00eda de su compatriota como el \u201cprecursor y padre del modernismo, que sintetiza la capacidad y el genio literario latinoamericano y caribe\u00f1o\u201d.<\/p>\n","protected":false},"excerpt":{"rendered":"<p>El Consejo Permanente de la Organizaci\u00f3n de los Estados Americanos (OEA) conmemor\u00f3 el mi\u00e9rcoles el centenario de la muerte del poeta nicarag\u00fcense Rub\u00e9n Dar\u00edo, con una reuni\u00f3n extraordinaria y con una ofrenda floral a los pies del busto del bardo en la sede del organismo hemisf\u00e9rico en Washington, DC. El secretario general de la OEA, [&hellip;]<\/p>\n","protected":false},"author":1,"featured_media":43187,"comment_status":"open","ping_status":"open","sticky":false,"template":"","format":"standard","meta":{"om_disable_all_campaigns":false,"_monsterinsights_skip_tracking":false,"_monsterinsights_sitenote_active":false,"_monsterinsights_sitenote_note":"","_monsterinsights_sitenote_category":0,"footnotes":""},"categories":[10,3524],"tags":[],"class_list":["post-43186","post","type-post","status-publish","format-standard","has-post-thumbnail","hentry","category-cultura","category-noticas"],"aioseo_notices":[],"_links":{"self":[{"href":"https:\/\/elcronistadigital.com\/index.php?rest_route=\/wp\/v2\/posts\/43186","targetHints":{"allow":["GET"]}}],"collection":[{"href":"https:\/\/elcronistadigital.com\/index.php?rest_route=\/wp\/v2\/posts"}],"about":[{"href":"https:\/\/elcronistadigital.com\/index.php?rest_route=\/wp\/v2\/types\/post"}],"author":[{"embeddable":true,"href":"https:\/\/elcronistadigital.com\/index.php?rest_route=\/wp\/v2\/users\/1"}],"replies":[{"embeddable":true,"href":"https:\/\/elcronistadigital.com\/index.php?rest_route=%2Fwp%2Fv2%2Fcomments&post=43186"}],"version-history":[{"count":2,"href":"https:\/\/elcronistadigital.com\/index.php?rest_route=\/wp\/v2\/posts\/43186\/revisions"}],"predecessor-version":[{"id":43189,"href":"https:\/\/elcronistadigital.com\/index.php?rest_route=\/wp\/v2\/posts\/43186\/revisions\/43189"}],"wp:featuredmedia":[{"embeddable":true,"href":"https:\/\/elcronistadigital.com\/index.php?rest_route=\/wp\/v2\/media\/43187"}],"wp:attachment":[{"href":"https:\/\/elcronistadigital.com\/index.php?rest_route=%2Fwp%2Fv2%2Fmedia&parent=43186"}],"wp:term":[{"taxonomy":"category","embeddable":true,"href":"https:\/\/elcronistadigital.com\/index.php?rest_route=%2Fwp%2Fv2%2Fcategories&post=43186"},{"taxonomy":"post_tag","embeddable":true,"href":"https:\/\/elcronistadigital.com\/index.php?rest_route=%2Fwp%2Fv2%2Ftags&post=43186"}],"curies":[{"name":"wp","href":"https:\/\/api.w.org\/{rel}","templated":true}]}}