{"id":43202,"date":"2016-02-05T09:22:06","date_gmt":"2016-02-05T15:22:06","guid":{"rendered":"http:\/\/elcronistadigital.com\/?p=43202"},"modified":"2016-02-05T09:22:06","modified_gmt":"2016-02-05T15:22:06","slug":"ruben-dario-genio-verbal-solamente","status":"publish","type":"post","link":"https:\/\/elcronistadigital.com\/?p=43202","title":{"rendered":"Rub\u00e9n Dar\u00edo: \u00bfgenio verbal solamente?"},"content":{"rendered":"<p><a href=\"https:\/\/elcronistadigital.com\/wp-content\/uploads\/2016\/02\/ruben-dar\u00edo-monumento2.jpg\"><img loading=\"lazy\" decoding=\"async\" class=\"alignleft size-full wp-image-43203\" alt=\"ruben dar\u00edo monumento2\" src=\"https:\/\/elcronistadigital.com\/wp-content\/uploads\/2016\/02\/ruben-dar\u00edo-monumento2.jpg\" width=\"450\" height=\"337\" srcset=\"https:\/\/elcronistadigital.com\/wp-content\/uploads\/2016\/02\/ruben-dar\u00edo-monumento2.jpg 450w, https:\/\/elcronistadigital.com\/wp-content\/uploads\/2016\/02\/ruben-dar\u00edo-monumento2-300x224.jpg 300w, https:\/\/elcronistadigital.com\/wp-content\/uploads\/2016\/02\/ruben-dar\u00edo-monumento2-342x256.jpg 342w, https:\/\/elcronistadigital.com\/wp-content\/uploads\/2016\/02\/ruben-dar\u00edo-monumento2-60x45.jpg 60w, https:\/\/elcronistadigital.com\/wp-content\/uploads\/2016\/02\/ruben-dar\u00edo-monumento2-150x113.jpg 150w, https:\/\/elcronistadigital.com\/wp-content\/uploads\/2016\/02\/ruben-dar\u00edo-monumento2-269x201.jpg 269w\" sizes=\"auto, (max-width: 450px) 100vw, 450px\" \/><\/a>Se cumplir\u00e1 el 6 de febrero otro aniversario de la muerte del genial poeta nicarag\u00fcense F\u00e9lix Rub\u00e9n Dar\u00edo Garc\u00eda Sarmiento, m\u00e1s conocido como Rub\u00e9n Dar\u00edo, quien renov\u00f3 toda la literatura espa\u00f1ola y la sac\u00f3 del estancamiento y el retoricismo en que hab\u00eda ca\u00eddo a fines del siglo diecinueve.<\/p>\n<p>P\u00edo Baroja dijo que Dar\u00edo \u201csolo ten\u00eda genio verbal\u201d, sin ver que a pesar de su intenci\u00f3n casi despectiva, le atribu\u00eda mucho, m\u00e1s que todo lo que ten\u00edan sus contempor\u00e1neos, incluido el propio Baroja.<\/p>\n<p>\u201cComo cada palabra tiene un alma, hay en cada verso, adem\u00e1s de la armon\u00eda verbal, una melod\u00eda ideal\u201d, dijo Rub\u00e9n Dar\u00edo.<\/p>\n<p>Los cr\u00edticos de su \u00e9poca eran muy sensibles a la armon\u00eda verbal, pero mucho menos para la melod\u00eda ideal, que no advirtieron sino mucho despu\u00e9s y aceptaron resignados al poeta, como a quien viene a destruir desde afuera el edificio clausurado donde viv\u00edan.<\/p>\n<p>Ellos no repararon sino en la armon\u00eda verbal, que fue la que motiv\u00f3 la opini\u00f3n de Baroja. No vieron la \u201cmelod\u00eda ideal\u201d, anterior y superior a las palabras, que Dar\u00edo revelaba.<\/p>\n<p>Dar\u00edo fue hispanista y afrancesado, indigenista y europeizante, pero en la superficie. Por debajo estaba su capacidad incomparable para crear el milagro de la belleza.<\/p>\n<p>Naci\u00f3 en la humilde Metapa de Nicaragua. Fue corresponsal del diario \u201cLa Naci\u00f3n\u201d de Buenos Aires y convertido luego en figura nacional nicarag\u00fcense viaj\u00f3 luego a Europa por el cuarto centenario de la llegada de los espa\u00f1oles a Am\u00e9rica.<\/p>\n<p>En la cima de su popularidad y capacidad creativa, sus obras fueron traducidas a varios idiomas y alcanzaron gran difusi\u00f3n. Fue considerado por entonces a la altura de poetas insignes como Garcilaso de la Vega o Lope.<\/p>\n<p>Tras ejercer el consulado de Nicaragua en Espa\u00f1a, cargo que dej\u00f3 debido a un golpe de estado en su pa\u00eds, en 1915 hizo crisis su afici\u00f3n al alcohol, pero a pesar de sus viajes e intentos de curaci\u00f3n no logr\u00f3 superar la adicci\u00f3n.<\/p>\n<p>Tras regresar a Nicaragua, falleci\u00f3 en 1916 posiblemente de cirrosis hep\u00e1tica.<\/p>\n<p>El poeta franc\u00e9s Paul Verlaine tuvo un lugar destacado en las preferencias de Dar\u00edo. A \u00e9l le dedic\u00f3 un \u201cresponso\u201d en que se suma el genio verbal a la melod\u00eda ideal y se advierte qu\u00e9 significaba el poeta con su idea de que cada palabra tiene un alma. La riqueza de vocabulario se une a un despliegue de virtuosismo totalmente novedoso por entonces en castellano y pocas veces igualado antes en cualquier idioma.<\/p>\n<p>Responso a Verlaine<br \/>\nPadre y maestro m\u00e1gico, lir\u00f3foro celeste<br \/>\nque al instrumento ol\u00edmpico y a la siringa agreste<br \/>\ndiste tu acento encantador;<br \/>\n\u00a1Panida! Pan t\u00fa mismo, que coros condujiste<br \/>\nhacia el prop\u00edleo sacro que amaba tu alma triste,<br \/>\n\u00a1al son del sistro y del tambor!<br \/>\nQue tu sepulcro cubra de flores Primavera,<br \/>\nque se humedezca el \u00e1spero hocico de la fiera<br \/>\nde amor si pasa por all\u00ed;<br \/>\nque el f\u00fanebre recinto visite Pan bicorne;<br \/>\nque de sangrientas rosas el fresco abril te adorne<br \/>\ny de claveles de rub\u00ed.<br \/>\nQue si posarse quiere sobre la tumba el cuervo,<br \/>\nahuyenten la negrura del p\u00e1jaro protervo<br \/>\nel dulce canto de cristal<br \/>\nque Filomela vierta sobre tus tristes huesos,<br \/>\no la armon\u00eda dulce de risas y de besos<br \/>\ndel culto oculto y florestal.<br \/>\nQue p\u00faberes can\u00e9foras te ofrenden el acanto,<br \/>\nque sobre tu sepulcro no se derrame el llanto,<br \/>\nsino roc\u00edo, vino, miel:<br \/>\nQue el p\u00e1mpano all\u00ed brote, las flores de Citeres,<br \/>\n\u00a1y que se escuchen vagos suspiros de mujeres<br \/>\nbajo un simb\u00f3lico laurel!<br \/>\nQue si un pastor su p\u00edfano bajo el frescor del haya,<br \/>\nen amorosos d\u00edas, como en Virgilio, ensaya,<br \/>\ntu nombre ponga en la canci\u00f3n;<br \/>\ny que la virgen n\u00e1yade, cuando ese nombre escuche<br \/>\ncon ansias y temores entre las linfas luche,<br \/>\nllena de miedo y de pasi\u00f3n.<br \/>\nDe noche, en la monta\u00f1a, en la negra monta\u00f1a<br \/>\nde las Visiones, pase gigante sombra extra\u00f1a,<br \/>\nsombra de un S\u00e1tiro espectral;<br \/>\nque ella al centauro adusto con su grandeza asuste;<br \/>\nde una extrahumana flauta la melod\u00eda ajuste<br \/>\na la armon\u00eda sideral.<br \/>\nY huya el tropel equino por la monta\u00f1a vasta;<br \/>\ntu rostro de ultratumba ba\u00f1e la Luna casta<br \/>\nde compasiva y blanca luz;<br \/>\ny el S\u00e1tiro contemple sobre un lejano monte<br \/>\nuna cruz que se eleve cubriendo el horizonte<br \/>\n\u00a1y un resplandor sobre la cruz!<\/p>\n","protected":false},"excerpt":{"rendered":"<p>Se cumplir\u00e1 el 6 de febrero otro aniversario de la muerte del genial poeta nicarag\u00fcense F\u00e9lix Rub\u00e9n Dar\u00edo Garc\u00eda Sarmiento, m\u00e1s conocido como Rub\u00e9n Dar\u00edo, quien renov\u00f3 toda la literatura espa\u00f1ola y la sac\u00f3 del estancamiento y el retoricismo en que hab\u00eda ca\u00eddo a fines del siglo diecinueve. P\u00edo Baroja dijo que Dar\u00edo \u201csolo ten\u00eda [&hellip;]<\/p>\n","protected":false},"author":1,"featured_media":43203,"comment_status":"open","ping_status":"open","sticky":false,"template":"","format":"standard","meta":{"om_disable_all_campaigns":false,"_monsterinsights_skip_tracking":false,"_monsterinsights_sitenote_active":false,"_monsterinsights_sitenote_note":"","_monsterinsights_sitenote_category":0,"footnotes":""},"categories":[10,3524],"tags":[],"class_list":["post-43202","post","type-post","status-publish","format-standard","has-post-thumbnail","hentry","category-cultura","category-noticas"],"aioseo_notices":[],"_links":{"self":[{"href":"https:\/\/elcronistadigital.com\/index.php?rest_route=\/wp\/v2\/posts\/43202","targetHints":{"allow":["GET"]}}],"collection":[{"href":"https:\/\/elcronistadigital.com\/index.php?rest_route=\/wp\/v2\/posts"}],"about":[{"href":"https:\/\/elcronistadigital.com\/index.php?rest_route=\/wp\/v2\/types\/post"}],"author":[{"embeddable":true,"href":"https:\/\/elcronistadigital.com\/index.php?rest_route=\/wp\/v2\/users\/1"}],"replies":[{"embeddable":true,"href":"https:\/\/elcronistadigital.com\/index.php?rest_route=%2Fwp%2Fv2%2Fcomments&post=43202"}],"version-history":[{"count":1,"href":"https:\/\/elcronistadigital.com\/index.php?rest_route=\/wp\/v2\/posts\/43202\/revisions"}],"predecessor-version":[{"id":43204,"href":"https:\/\/elcronistadigital.com\/index.php?rest_route=\/wp\/v2\/posts\/43202\/revisions\/43204"}],"wp:featuredmedia":[{"embeddable":true,"href":"https:\/\/elcronistadigital.com\/index.php?rest_route=\/wp\/v2\/media\/43203"}],"wp:attachment":[{"href":"https:\/\/elcronistadigital.com\/index.php?rest_route=%2Fwp%2Fv2%2Fmedia&parent=43202"}],"wp:term":[{"taxonomy":"category","embeddable":true,"href":"https:\/\/elcronistadigital.com\/index.php?rest_route=%2Fwp%2Fv2%2Fcategories&post=43202"},{"taxonomy":"post_tag","embeddable":true,"href":"https:\/\/elcronistadigital.com\/index.php?rest_route=%2Fwp%2Fv2%2Ftags&post=43202"}],"curies":[{"name":"wp","href":"https:\/\/api.w.org\/{rel}","templated":true}]}}