{"id":43205,"date":"2016-02-05T09:42:24","date_gmt":"2016-02-05T15:42:24","guid":{"rendered":"http:\/\/elcronistadigital.com\/?p=43205"},"modified":"2016-02-05T09:42:24","modified_gmt":"2016-02-05T15:42:24","slug":"vinculan-a-ruben-dario-en-espana-con-avila-por-derecho-propio","status":"publish","type":"post","link":"https:\/\/elcronistadigital.com\/?p=43205","title":{"rendered":"Vinculan a Rub\u00e9n Dar\u00edo en Espa\u00f1a con \u00c1vila \u00abpor derecho propio\u00bb"},"content":{"rendered":"<div id=\"attachment_43206\" style=\"width: 310px\" class=\"wp-caption alignleft\"><a href=\"https:\/\/elcronistadigital.com\/wp-content\/uploads\/2016\/02\/ruben-dar\u00edo-y-francisca-sanchez.jpg\"><img loading=\"lazy\" decoding=\"async\" aria-describedby=\"caption-attachment-43206\" class=\"size-full wp-image-43206\" alt=\"Rub\u00e9n Dar\u00edo y Francisca S\u00e1nchez a inicios del siglo XX.\" src=\"https:\/\/elcronistadigital.com\/wp-content\/uploads\/2016\/02\/ruben-dar\u00edo-y-francisca-sanchez.jpg\" width=\"300\" height=\"441\" srcset=\"https:\/\/elcronistadigital.com\/wp-content\/uploads\/2016\/02\/ruben-dar\u00edo-y-francisca-sanchez.jpg 300w, https:\/\/elcronistadigital.com\/wp-content\/uploads\/2016\/02\/ruben-dar\u00edo-y-francisca-sanchez-204x300.jpg 204w\" sizes=\"auto, (max-width: 300px) 100vw, 300px\" \/><\/a><p id=\"caption-attachment-43206\" class=\"wp-caption-text\">Rub\u00e9n Dar\u00edo y Francisca S\u00e1nchez a inicios del siglo XX.<\/p><\/div>\n<p>D. Casillas<\/p>\n<p>Sonsoles S\u00e1nchez-Reyes, directora de la Escuela de Educaci\u00f3n y Turismo de \u00c1vila, abri\u00f3 el programa de actividades de la Universidad de la Experiencia con una conferencia en la que abord\u00f3 la figura de Rub\u00e9n Dar\u00edo, poeta del que precisamente este s\u00e1bado, record\u00f3 la ponente, se cumplir\u00e1 el primer centenario de su fallecimiento.<\/p>\n<p>En su charla, Sonsoles S\u00e1nchez-Reyes realiz\u00f3 una ajustada semblanza \u00abdel pr\u00edncipe de las letras castellanas\u00bb, resaltando \u00abhasta qu\u00e9 punto ha sido una figura muy influyente en la poes\u00eda en lengua castellana en el siglo XX, que por acci\u00f3n o por reacci\u00f3n ha sido clave para todos los poetas que han escrito en espa\u00f1ol, unos siguiendo su modelo y otros apart\u00e1ndose de \u00e9l de forma consciente y declarada&#8230; en todos los colegios de los pa\u00edses de habla hispana se han ense\u00f1ado poes\u00edas de Rub\u00e9n Dar\u00edo y creo que todos hemos crecido con su figura\u00bb.<\/p>\n<p>Destac\u00f3 la ponente \u00abla relaci\u00f3n que tuvo Rub\u00e9n Dar\u00edo con \u00c1vila a trav\u00e9s de Francisca S\u00e1nchez, una mujer clave en su vida en todos los aspectos que fue su compa\u00f1era desde que se conocieron un d\u00eda de 1899 en los jardines de la Casa de Campo de Madrid&#8230; \u00e9l qued\u00f3 prendado de ella y estuvieron juntos hasta el final de sus d\u00edas, en 1916, aunque Francisca tuvo mucho que sufrir, enfrentarse a situaciones adversas y a las propias circunstancias de Rub\u00e9n Dar\u00edo, que era una persona que estaba viajando constantemente y que ten\u00eda unos problemas de salud que iban en aumento; ella fue la madre de cuatro de sus hijos\u00bb.<\/p>\n<p>Aparte de la semblanza del poeta y de \u00abvincularlo a la tierra de \u00c1vila por derecho propio\u00bb, S\u00e1nchez-Reyes tambi\u00e9n recit\u00f3 alguno de los poemas de Rub\u00e9n Dar\u00edo y entr\u00f3 \u00abun poco en sus recursos, en su po\u00e9tica, desde el punto de vista de la cr\u00edtica literaria de su obra\u00bb. En esta parte de su discurso, la ponente recuper\u00f3 para el p\u00fablico \u00abalgunos poemas que todos recordamos y que nos han ido acompa\u00f1ando a lo largo de toda nuestra vida\u00bb, al tiempo que enriquec\u00eda el conocimiento de la obra del autor de Azul haciendo \u00abun seguimiento de recursos muy caracter\u00edsticos de \u00e9l, como las sinestesias o el uso de elementos de la mitolog\u00eda como los cisnes\u00bb, con el objetivo final, declar\u00f3, de que \u00abeste encuentro suscite las ganas de volver a leer y adentrarse m\u00e1s en su producci\u00f3n, porque lo m\u00e1s importante de un creador siempre es su obra, que se siga conociendo y disfrutando, y Rub\u00e9n es una figura universal de referencia inexcusable en el futuro como una persona de una creatividad arrolladora y de unas caracter\u00edsticas realmente excepcionales\u00bb.<\/p>\n<p>Fuente: Diario de \u00c1vila<\/p>\n","protected":false},"excerpt":{"rendered":"<p>D. Casillas Sonsoles S\u00e1nchez-Reyes, directora de la Escuela de Educaci\u00f3n y Turismo de \u00c1vila, abri\u00f3 el programa de actividades de la Universidad de la Experiencia con una conferencia en la que abord\u00f3 la figura de Rub\u00e9n Dar\u00edo, poeta del que precisamente este s\u00e1bado, record\u00f3 la ponente, se cumplir\u00e1 el primer centenario de su fallecimiento. En [&hellip;]<\/p>\n","protected":false},"author":1,"featured_media":43206,"comment_status":"open","ping_status":"open","sticky":false,"template":"","format":"standard","meta":{"om_disable_all_campaigns":false,"_monsterinsights_skip_tracking":false,"_monsterinsights_sitenote_active":false,"_monsterinsights_sitenote_note":"","_monsterinsights_sitenote_category":0,"footnotes":""},"categories":[10,3524],"tags":[],"class_list":["post-43205","post","type-post","status-publish","format-standard","has-post-thumbnail","hentry","category-cultura","category-noticas"],"aioseo_notices":[],"_links":{"self":[{"href":"https:\/\/elcronistadigital.com\/index.php?rest_route=\/wp\/v2\/posts\/43205","targetHints":{"allow":["GET"]}}],"collection":[{"href":"https:\/\/elcronistadigital.com\/index.php?rest_route=\/wp\/v2\/posts"}],"about":[{"href":"https:\/\/elcronistadigital.com\/index.php?rest_route=\/wp\/v2\/types\/post"}],"author":[{"embeddable":true,"href":"https:\/\/elcronistadigital.com\/index.php?rest_route=\/wp\/v2\/users\/1"}],"replies":[{"embeddable":true,"href":"https:\/\/elcronistadigital.com\/index.php?rest_route=%2Fwp%2Fv2%2Fcomments&post=43205"}],"version-history":[{"count":1,"href":"https:\/\/elcronistadigital.com\/index.php?rest_route=\/wp\/v2\/posts\/43205\/revisions"}],"predecessor-version":[{"id":43207,"href":"https:\/\/elcronistadigital.com\/index.php?rest_route=\/wp\/v2\/posts\/43205\/revisions\/43207"}],"wp:featuredmedia":[{"embeddable":true,"href":"https:\/\/elcronistadigital.com\/index.php?rest_route=\/wp\/v2\/media\/43206"}],"wp:attachment":[{"href":"https:\/\/elcronistadigital.com\/index.php?rest_route=%2Fwp%2Fv2%2Fmedia&parent=43205"}],"wp:term":[{"taxonomy":"category","embeddable":true,"href":"https:\/\/elcronistadigital.com\/index.php?rest_route=%2Fwp%2Fv2%2Fcategories&post=43205"},{"taxonomy":"post_tag","embeddable":true,"href":"https:\/\/elcronistadigital.com\/index.php?rest_route=%2Fwp%2Fv2%2Ftags&post=43205"}],"curies":[{"name":"wp","href":"https:\/\/api.w.org\/{rel}","templated":true}]}}