{"id":43208,"date":"2016-02-05T10:01:25","date_gmt":"2016-02-05T16:01:25","guid":{"rendered":"http:\/\/elcronistadigital.com\/?p=43208"},"modified":"2016-02-05T10:01:25","modified_gmt":"2016-02-05T16:01:25","slug":"un-baul-azul-con-las-joyas-de-ruben","status":"publish","type":"post","link":"https:\/\/elcronistadigital.com\/?p=43208","title":{"rendered":"Un ba\u00fal azul con las joyas de Rub\u00e9n"},"content":{"rendered":"<div id=\"attachment_43209\" style=\"width: 340px\" class=\"wp-caption alignleft\"><a href=\"https:\/\/elcronistadigital.com\/wp-content\/uploads\/2016\/02\/Rub\u00e9n-Dar\u00edo-y-Francisca-S\u00e1nchez2.jpg\"><img loading=\"lazy\" decoding=\"async\" aria-describedby=\"caption-attachment-43209\" class=\"size-full wp-image-43209\" alt=\"Rub\u00e9n Dar\u00edo y Francisca S\u00e1nchez, el gran amor de su vida.\" src=\"https:\/\/elcronistadigital.com\/wp-content\/uploads\/2016\/02\/Rub\u00e9n-Dar\u00edo-y-Francisca-S\u00e1nchez2.jpg\" width=\"330\" height=\"328\" srcset=\"https:\/\/elcronistadigital.com\/wp-content\/uploads\/2016\/02\/Rub\u00e9n-Dar\u00edo-y-Francisca-S\u00e1nchez2.jpg 330w, https:\/\/elcronistadigital.com\/wp-content\/uploads\/2016\/02\/Rub\u00e9n-Dar\u00edo-y-Francisca-S\u00e1nchez2-150x150.jpg 150w, https:\/\/elcronistadigital.com\/wp-content\/uploads\/2016\/02\/Rub\u00e9n-Dar\u00edo-y-Francisca-S\u00e1nchez2-300x298.jpg 300w, https:\/\/elcronistadigital.com\/wp-content\/uploads\/2016\/02\/Rub\u00e9n-Dar\u00edo-y-Francisca-S\u00e1nchez2-50x50.jpg 50w, https:\/\/elcronistadigital.com\/wp-content\/uploads\/2016\/02\/Rub\u00e9n-Dar\u00edo-y-Francisca-S\u00e1nchez2-70x70.jpg 70w, https:\/\/elcronistadigital.com\/wp-content\/uploads\/2016\/02\/Rub\u00e9n-Dar\u00edo-y-Francisca-S\u00e1nchez2-55x55.jpg 55w\" sizes=\"auto, (max-width: 330px) 100vw, 330px\" \/><\/a><p id=\"caption-attachment-43209\" class=\"wp-caption-text\">Rub\u00e9n Dar\u00edo y Francisca S\u00e1nchez, el gran amor de su vida.<\/p><\/div>\n<p>Rosa Villacast\u00edn<br \/>\nPeriodista y escritora espa\u00f1ola<\/p>\n<p>Nunca olvidar\u00e9 el d\u00eda que mi padre baj\u00f3 del desv\u00e1n de nuestra casa de Navalsauz, un pueblecito de la Sierra de Gredos, un \u00abba\u00fal azul\u00bb, del que tanto hab\u00eda o\u00eddo hablar y que solo hab\u00eda visto en contadas ocasiones por expreso deseo de mi abuela Francisca S\u00e1nchez, en el que yo imaginaba que se escond\u00eda un gran tesoro. Nada que ver con lo que descubrir\u00eda poco despu\u00e9s de que lo depositara en el centro de la cocina, en medio de una gran expectaci\u00f3n y silencio.<\/p>\n<p>El recuerdo que tengo de aquella escena es tan n\u00edtido que parece que fue ayer cuando Carmen Conde, la gran escritora y primera mujer Acad\u00e9mica de la Lengua, lo abri\u00f3, dejando al descubierto cientos, miles de papeles, de fotograf\u00edas, que nada me dec\u00edan pero que deb\u00edan ser importantes por la emoci\u00f3n de mi abuela, de mis padres (mi madre fue fruto de un segundo matrimonio de Francisca), de Carmen y su marido el poeta Antonio Oliver Belmas, que tanto influir\u00edan en mi vida de adolescente. Y quienes con extrema delicadeza fueron sacando los papeles que hab\u00eda en el interior de aquel ba\u00fal que a\u00fan conservamos. Todo ello mientras mi abuela lloraba sin poder contener las l\u00e1grimas y mi madre trataba de calmarla con frases como: \u00abLala tranquil\u00edzate, que de aqu\u00ed nadie se va a llevar nada mientras t\u00fa no quieras\u00bb. A lo que Carmen Conde respond\u00eda \u00abpor supuesto, con estos documentos se har\u00e1 lo que usted quiera, Francisca, y nada m\u00e1s\u00bb.<\/p>\n<p>Apartados del grupo, mi padre y yo observ\u00e1bamos la escena como hipnotizados, sin saber qu\u00e9 hacer ni qu\u00e9 decir. Al tiempo que escuch\u00e1bamos con gran atenci\u00f3n frases sueltas que yo no relacionaba con mi familia: \u00abPr\u00edncipe de las letras\u00bb \u00abRub\u00e9n Dar\u00edo\u00bb, \u00abEl gran amor de mi vida\u00bb&#8230;<\/p>\n<p>No puedo precisar con exactitud cu\u00e1nto dur\u00f3 aquel rescate de la que hab\u00eda sido una parte importante de la historia de amor de Rub\u00e9n Dar\u00edo y Francisca S\u00e1nchez, \u00abLa Princesa Paca\u00bb como se la conoc\u00eda en Par\u00eds o en Madrid con la que el poeta nicarag\u00fcense tuvo cuatro hijos, de los cuales solo uno, Rub\u00e9n Dar\u00edo S\u00e1nchez, sobrevivi\u00f3.<\/p>\n<p>Fue unos d\u00edas despu\u00e9s cuando me atrev\u00ed a preguntarle qui\u00e9n era aquel Rub\u00e9n Dar\u00edo del que tanto hablaba \u00faltimamente y del que yo desconoc\u00eda todo. Su respuesta me dej\u00f3 m\u00e1s intrigada de lo que ya estaba:<\/p>\n<p>.- Un Pr\u00edncipe, un poeta, un gran hombre, del que un d\u00eda me enamor\u00e9 locamente y con el que tuve cuatro hijos.<\/p>\n<p>.- \u00bfD\u00f3nde est\u00e1n ese hombre y tus hijos?<\/p>\n<p>.- Todos han muerto, cari\u00f1o m\u00edo. Pero no te preocupes que cuando seas m\u00e1s mayor te contar\u00e9 la historia m\u00e1s bonita que jam\u00e1s hayas o\u00eddo nunca.<\/p>\n<p>.- \u00bfY por qu\u00e9 no me la cuentas ahora?<\/p>\n<p>.- Porque todav\u00eda eres muy peque\u00f1a para comprender todo lo que tengo que decirte.<\/p>\n<p>.- Tengo nueve a\u00f1os, Lala, ya he hecho la Primera Comuni\u00f3n.<\/p>\n<p>.- Pero no eres lo suficiente madura para comprender la historia de mi vida, que me gustar\u00eda que alg\u00fan d\u00eda escribieras y la dieras a conocer.<\/p>\n<p>P.- \u00bfQu\u00e9 te enamor\u00f3 de aquel hombre?<\/p>\n<p>R.- Lo bonito que hablaba, empleando palabras que yo desconoc\u00eda pero que sonaban a m\u00fasica celestial en mis o\u00eddos.<\/p>\n<p>Despu\u00e9s de aquella conversaci\u00f3n los acontecimientos se precipitaron. En un abrir y cerrar de ojos nuestra vida dio un giro de 180 grados: El ba\u00fal se vaci\u00f3 y todo su contenido se envi\u00f3 a Madrid. Mi abuela lo hab\u00eda donado al Gobierno espa\u00f1ol porque tem\u00eda que a su muerte se perdiera parte de su contenido. Toda esa documentaci\u00f3n permanece a buen recaudo en el Archivo Rub\u00e9n Dar\u00edo, situado en la Biblioteca de la Universidad Complutense de Madrid, donde a\u00f1os despu\u00e9s yo tuve la inmensa suerte de trabajar, de catalogar todos y cada uno de esos m\u00e1s de seis mil documentos que contiene y en el que se pueden encontrar cartas de Azor\u00edn, de Juan Ram\u00f3n Jim\u00e9nez, Unamuno, Valle Incl\u00e1n, los hermanos Machado, Gabriela Mistral, Emilia Pardo Baz\u00e1n, y tantos escritores con los que Dar\u00edo tuvo una intensa relaci\u00f3n, tanto en Madrid, como en Par\u00eds, Palma de Mallorca, M\u00e1laga, Asturias o Barcelona, de donde parti\u00f3 para morir el 6 de febrero de 1916, en su Nicaragua natal no sin antes escribir y testar en favor de su inseparable Francisca y de su hijo que morir\u00eda treinta a\u00f1os despu\u00e9s en M\u00e9jico, dejando mujer y tres hijos en Managua.<\/p>\n<p>Muerto Dar\u00edo, la vida de Francisca sigui\u00f3 su curso, pasando grandes dificultades econ\u00f3micas, como la mayor\u00eda de las mujeres de su \u00e9poca, hasta que encontr\u00f3 a un hombre, Jos\u00e9 Villacast\u00edn, que dedic\u00f3 parte de su vida a recopilar la obra de Dar\u00edo. Un gesto de amor, que marc\u00f3 nuestra vida.<\/p>\n<p>Este s\u00e1bado se conmemora el Centenario de Dar\u00edo. En Madrid, la Embajada de Nicaragua ha organizado un acto en la plaza que lleva su nombre y la Casa de Am\u00e9rica iluminar\u00e1 toda su fachada durante el fin de semana en azul, en recuerdo del primer libro de Rub\u00e9n Dar\u00edo, adem\u00e1s de colgar una gran lona en la que se podr\u00e1n leer algunos de sus versos. La Academia de la Lengua tambi\u00e9n est\u00e1 preparando actos literarios, as\u00ed como el Archivo Rub\u00e9n Dar\u00edo. Y no digamos en Buenos Aires y en su propio pa\u00eds, donde el 20 iremos a presentar \u00abLa Princesa Paca\u00bb, la historia que Francisca me encomend\u00f3 publicar y que con tanto cari\u00f1o hemos escrito Manuel Francisco Reina y yo. Una novela basada en mis propios recuerdos y en esos documentos que un d\u00eda descubr\u00ed y que se convirtieron en el catecismo de mi vida.<\/p>\n","protected":false},"excerpt":{"rendered":"<p>Rosa Villacast\u00edn Periodista y escritora espa\u00f1ola Nunca olvidar\u00e9 el d\u00eda que mi padre baj\u00f3 del desv\u00e1n de nuestra casa de Navalsauz, un pueblecito de la Sierra de Gredos, un \u00abba\u00fal azul\u00bb, del que tanto hab\u00eda o\u00eddo hablar y que solo hab\u00eda visto en contadas ocasiones por expreso deseo de mi abuela Francisca S\u00e1nchez, en el [&hellip;]<\/p>\n","protected":false},"author":1,"featured_media":43209,"comment_status":"open","ping_status":"open","sticky":false,"template":"","format":"standard","meta":{"om_disable_all_campaigns":false,"_monsterinsights_skip_tracking":false,"_monsterinsights_sitenote_active":false,"_monsterinsights_sitenote_note":"","_monsterinsights_sitenote_category":0,"footnotes":""},"categories":[10,3524],"tags":[],"class_list":["post-43208","post","type-post","status-publish","format-standard","has-post-thumbnail","hentry","category-cultura","category-noticas"],"aioseo_notices":[],"_links":{"self":[{"href":"https:\/\/elcronistadigital.com\/index.php?rest_route=\/wp\/v2\/posts\/43208","targetHints":{"allow":["GET"]}}],"collection":[{"href":"https:\/\/elcronistadigital.com\/index.php?rest_route=\/wp\/v2\/posts"}],"about":[{"href":"https:\/\/elcronistadigital.com\/index.php?rest_route=\/wp\/v2\/types\/post"}],"author":[{"embeddable":true,"href":"https:\/\/elcronistadigital.com\/index.php?rest_route=\/wp\/v2\/users\/1"}],"replies":[{"embeddable":true,"href":"https:\/\/elcronistadigital.com\/index.php?rest_route=%2Fwp%2Fv2%2Fcomments&post=43208"}],"version-history":[{"count":1,"href":"https:\/\/elcronistadigital.com\/index.php?rest_route=\/wp\/v2\/posts\/43208\/revisions"}],"predecessor-version":[{"id":43210,"href":"https:\/\/elcronistadigital.com\/index.php?rest_route=\/wp\/v2\/posts\/43208\/revisions\/43210"}],"wp:featuredmedia":[{"embeddable":true,"href":"https:\/\/elcronistadigital.com\/index.php?rest_route=\/wp\/v2\/media\/43209"}],"wp:attachment":[{"href":"https:\/\/elcronistadigital.com\/index.php?rest_route=%2Fwp%2Fv2%2Fmedia&parent=43208"}],"wp:term":[{"taxonomy":"category","embeddable":true,"href":"https:\/\/elcronistadigital.com\/index.php?rest_route=%2Fwp%2Fv2%2Fcategories&post=43208"},{"taxonomy":"post_tag","embeddable":true,"href":"https:\/\/elcronistadigital.com\/index.php?rest_route=%2Fwp%2Fv2%2Ftags&post=43208"}],"curies":[{"name":"wp","href":"https:\/\/api.w.org\/{rel}","templated":true}]}}