{"id":43235,"date":"2016-02-09T06:58:22","date_gmt":"2016-02-09T12:58:22","guid":{"rendered":"http:\/\/elcronistadigital.com\/?p=43235"},"modified":"2016-02-09T06:58:22","modified_gmt":"2016-02-09T12:58:22","slug":"la-princesa-paca-sera-presentada-en-nicaragua","status":"publish","type":"post","link":"https:\/\/elcronistadigital.com\/?p=43235","title":{"rendered":"\u201cLa princesa Paca\u201d ser\u00e1 presentada en Nicaragua"},"content":{"rendered":"<div id=\"attachment_43236\" style=\"width: 460px\" class=\"wp-caption alignleft\"><a href=\"https:\/\/elcronistadigital.com\/wp-content\/uploads\/2016\/02\/La-princesa-paca.jpg\"><img loading=\"lazy\" decoding=\"async\" aria-describedby=\"caption-attachment-43236\" class=\"size-full wp-image-43236\" alt=\"Rosa Villacast\u00edn, escritora espa\u00f1ola y nieta de Francisca S\u00e1nchez.\" src=\"https:\/\/elcronistadigital.com\/wp-content\/uploads\/2016\/02\/La-princesa-paca.jpg\" width=\"450\" height=\"287\" srcset=\"https:\/\/elcronistadigital.com\/wp-content\/uploads\/2016\/02\/La-princesa-paca.jpg 450w, https:\/\/elcronistadigital.com\/wp-content\/uploads\/2016\/02\/La-princesa-paca-300x191.jpg 300w, https:\/\/elcronistadigital.com\/wp-content\/uploads\/2016\/02\/La-princesa-paca-342x218.jpg 342w\" sizes=\"auto, (max-width: 450px) 100vw, 450px\" \/><\/a><p id=\"caption-attachment-43236\" class=\"wp-caption-text\">Rosa Villacast\u00edn, escritora espa\u00f1ola y nieta de Francisca S\u00e1nchez.<\/p><\/div>\n<p>En el marco de las actividades conmemorativas por el Centenario del fallecimiento de nuestro panida nicarag\u00fcense Rub\u00e9n Dar\u00edo, el Instituto Nicarag\u00fcense de Cultura Hisp\u00e1nica (INCH) y el Centro Cultural de Espa\u00f1a, presentar\u00e1n por primera y \u00fanica vez en Nicaragua la novela &#8216;La Princesa Paca&#8217;, de los autores espa\u00f1oles Rosa Villacast\u00edn y Manuel Francisco Reina, el martes 23 de febrero del corriente, a las 7:00 p.m., en la ciudad de Managua.<\/p>\n<p>La Princesa Paca es una novela escrita utilizando como base una exhaustiva investigaci\u00f3n que incluy\u00f3 cartas personales de Rub\u00e9n Dar\u00edo a Francisca S\u00e1nchez, quien fuera su pareja antes de su muerte, documentos que conserv\u00f3 durante 40 a\u00f1os en un ba\u00fal azul que hab\u00eda comprado cuando ambos vivieron juntos en Par\u00eds.<\/p>\n<p>Sin la pretensi\u00f3n de ser una biograf\u00eda o un documento de investigaci\u00f3n, es una historia de amor novelada por su nieta Rosa Villacast\u00edn, y cuyo coautor es el tambi\u00e9n escritor espa\u00f1ol Manuel Francisco Reina.<\/p>\n<p>\u201cFrancisca S\u00e1nchez, la hija del jardinero del rey, conoce por casualidad en la Casa de Campo de Madrid a dos de los escritores m\u00e1s importantes del momento, Valle-Incl\u00e1n y Rub\u00e9n Dar\u00edo. Rompiendo las barreras de clase y educaci\u00f3n que los separan, Francisca inicia un apasionado romance con Rub\u00e9n Dar\u00edo. Su relaci\u00f3n con el poeta nicarag\u00fcense la llevar\u00e1 del mundo rural de la Espa\u00f1a profunda a Par\u00eds, la cuna del arte y la poes\u00eda de principios del siglo XX. Pero las estrictas normas sociales de la \u00e9poca le har\u00e1n pagar caro su deseo de ser feliz.<\/p>\n<p>La Princesa Paca, como la nombrara el poeta mexicano Amado Nervo, enamor\u00f3 a un pr\u00edncipe de la palabra y cautiv\u00f3 a toda una generaci\u00f3n de grandes poetas.<\/p>\n<p>Adem\u00e1s, se realizar\u00e1 la presentaci\u00f3n de la multicitada novela en la ciudad de Le\u00f3n, el mi\u00e9rcoles 24 de febrero, en el Museo Archivo Rub\u00e9n Dar\u00edo, a las 5:00 p.m. Ambas actividades son gratuitas y abiertas al p\u00fablico.<\/p>\n<p>Sobre los autores:<\/p>\n<p>Rosa Villacast\u00edn (\u00c1vila, 1947). Periodista especializada en cr\u00f3nica pol\u00edtica y parlamentaria en el diario Pueblo en 1970 hasta 1983. Trabaj\u00f3 en el diario Ya, en las revistas Intervi\u00fa, Panorama, \u00c9poca y Yo Dona, y en las agencias Colpisa y Europa Press. Dio el salto a TVE con el programa Pasa la vida, de Mar\u00eda Teresa Campos, y m\u00e1s tarde particip\u00f3 en los programas de Antena 3 A toda p\u00e1gina, Extra Rosa y La vida es rosa.<\/p>\n<p>Desde 1989 publica una entrevista semanal en la revista Diez Minutos. Ha colaborado en Antena 3 Radio. Cadena SER, Punto Radio, Cuatro y Telecinco. Como autora, destacan sus libros: Cat\u00e1logo bibliogr\u00e1fico del Archivo Rub\u00e9n Dar\u00edo; La noche de los transistores; El Rey que para el golpe; El club de las \u201csantas\u201d: abandonadas de oro de la democracia; \u00a1Socorro!, me estoy pareciendo a mi madre, junto a Carmen Rigalt; Si a los 60 no te duele nada, est\u00e1s muerto; y Hay vida despu\u00e9s de los cincuenta y Querido imb\u00e9cil, ambos con Plaza &amp; Jan\u00e9s.<\/p>\n<p>Manuel Francisco Reina (Jerez, 1974) es novelista, poeta, guionista, cr\u00edtico literario y dramaturgo. Ha colaborado con El Mundo, entre otros diarios, y en suplementos culturales como Culturas de La Vanguardia, ABCD del ABC, o Babelia de El Pa\u00eds, entre otros.<\/p>\n<p>En 2007 colabor\u00f3 en el documental de Emilio Ruiz Barrachina, Goya y Orson Welles, y en 2008, con el mismo director, realiz\u00f3 el gui\u00f3n del documental La Espa\u00f1a de la copla, presentado en el Festival de Cine de M\u00e1laga en 2009. Es autor de las novelas Los santos varones, La coartada de Ant\u00ednoo, La mirada de sal, La emperatriz amarga y Los amores oscuros. Adem\u00e1s es autor de diversas antolog\u00edas y compilatorios, y ensayos como Un siglo de copla. Ha sido traducido a varios idiomas como el ingl\u00e9s, franc\u00e9s, italiano, sueco, ruso, b\u00falgaro, hebreo y \u00e1rabe.<\/p>\n","protected":false},"excerpt":{"rendered":"<p>En el marco de las actividades conmemorativas por el Centenario del fallecimiento de nuestro panida nicarag\u00fcense Rub\u00e9n Dar\u00edo, el Instituto Nicarag\u00fcense de Cultura Hisp\u00e1nica (INCH) y el Centro Cultural de Espa\u00f1a, presentar\u00e1n por primera y \u00fanica vez en Nicaragua la novela &#8216;La Princesa Paca&#8217;, de los autores espa\u00f1oles Rosa Villacast\u00edn y Manuel Francisco Reina, el [&hellip;]<\/p>\n","protected":false},"author":1,"featured_media":43236,"comment_status":"open","ping_status":"open","sticky":false,"template":"","format":"standard","meta":{"om_disable_all_campaigns":false,"_monsterinsights_skip_tracking":false,"_monsterinsights_sitenote_active":false,"_monsterinsights_sitenote_note":"","_monsterinsights_sitenote_category":0,"footnotes":""},"categories":[10,3524,13],"tags":[],"class_list":["post-43235","post","type-post","status-publish","format-standard","has-post-thumbnail","hentry","category-cultura","category-noticas","category-portada"],"aioseo_notices":[],"_links":{"self":[{"href":"https:\/\/elcronistadigital.com\/index.php?rest_route=\/wp\/v2\/posts\/43235","targetHints":{"allow":["GET"]}}],"collection":[{"href":"https:\/\/elcronistadigital.com\/index.php?rest_route=\/wp\/v2\/posts"}],"about":[{"href":"https:\/\/elcronistadigital.com\/index.php?rest_route=\/wp\/v2\/types\/post"}],"author":[{"embeddable":true,"href":"https:\/\/elcronistadigital.com\/index.php?rest_route=\/wp\/v2\/users\/1"}],"replies":[{"embeddable":true,"href":"https:\/\/elcronistadigital.com\/index.php?rest_route=%2Fwp%2Fv2%2Fcomments&post=43235"}],"version-history":[{"count":1,"href":"https:\/\/elcronistadigital.com\/index.php?rest_route=\/wp\/v2\/posts\/43235\/revisions"}],"predecessor-version":[{"id":43237,"href":"https:\/\/elcronistadigital.com\/index.php?rest_route=\/wp\/v2\/posts\/43235\/revisions\/43237"}],"wp:featuredmedia":[{"embeddable":true,"href":"https:\/\/elcronistadigital.com\/index.php?rest_route=\/wp\/v2\/media\/43236"}],"wp:attachment":[{"href":"https:\/\/elcronistadigital.com\/index.php?rest_route=%2Fwp%2Fv2%2Fmedia&parent=43235"}],"wp:term":[{"taxonomy":"category","embeddable":true,"href":"https:\/\/elcronistadigital.com\/index.php?rest_route=%2Fwp%2Fv2%2Fcategories&post=43235"},{"taxonomy":"post_tag","embeddable":true,"href":"https:\/\/elcronistadigital.com\/index.php?rest_route=%2Fwp%2Fv2%2Ftags&post=43235"}],"curies":[{"name":"wp","href":"https:\/\/api.w.org\/{rel}","templated":true}]}}