{"id":43244,"date":"2016-02-09T08:48:13","date_gmt":"2016-02-09T14:48:13","guid":{"rendered":"http:\/\/elcronistadigital.com\/?p=43244"},"modified":"2016-02-09T08:48:13","modified_gmt":"2016-02-09T14:48:13","slug":"ruben-dario-y-la-tecla-cotidiana","status":"publish","type":"post","link":"https:\/\/elcronistadigital.com\/?p=43244","title":{"rendered":"Rub\u00e9n Dar\u00edo y la tecla cotidiana"},"content":{"rendered":"<p><span style=\"color: #3366ff;\"><a href=\"https:\/\/elcronistadigital.com\/wp-content\/uploads\/2016\/02\/m\u00e1quina.jpg\"><img loading=\"lazy\" decoding=\"async\" class=\"alignleft size-medium wp-image-43245\" alt=\"m\u00e1quina\" src=\"https:\/\/elcronistadigital.com\/wp-content\/uploads\/2016\/02\/m\u00e1quina-300x194.jpg\" width=\"300\" height=\"194\" srcset=\"https:\/\/elcronistadigital.com\/wp-content\/uploads\/2016\/02\/m\u00e1quina-300x194.jpg 300w, https:\/\/elcronistadigital.com\/wp-content\/uploads\/2016\/02\/m\u00e1quina-342x221.jpg 342w, https:\/\/elcronistadigital.com\/wp-content\/uploads\/2016\/02\/m\u00e1quina.jpg 1024w\" sizes=\"auto, (max-width: 300px) 100vw, 300px\" \/><\/a>Guillermo Sheridan<\/span><br \/>\n<span style=\"color: #3366ff;\"> El Universal<\/span><\/p>\n<p><span style=\"color: #993300;\"><em><strong>* Escribir para un peri\u00f3dico es \u201ctrabajo diario y preciso y fatal\u201d, dice sin amargura. Cre\u00eda que el periodismo es una \u201cgimnasia que robustece\u201d. Y Dar\u00edo, que era un ol\u00edmpico, se ganaba la vida con \u00e9l, pero adem\u00e1s fortalec\u00eda el di\u00e1logo civil, agregaba nuevos registros, vocabulario y temperatura a la imaginaci\u00f3n; ensanchaba la curiosidad y convocaba al mundo a la rejega periferia hispanoamericana.<\/strong><\/em><\/span><\/p>\n<p>Quiero recordar la lecci\u00f3n period\u00edstica de Rub\u00e9n Dar\u00edo, para sumarme a la callada celebraci\u00f3n del centenario de la muerte de ese poeta, a quien el calificativo \u201cdescomunal\u201d le queda chico, de un hombre que practic\u00f3 como nadie en su tiempo el complicado arte de hacer versos y a la vez ganaba el pan de cada d\u00eda llenando de columnas los hebdomadarios de la lengua.<\/p>\n<p>Dar\u00edo es inabarcable, escrib\u00ed al leer hace a\u00f1os los dos tomos de los Escritos dispersos que recogieron sus art\u00edculos para el diario La Naci\u00f3n de Buenos Aires. Desde ah\u00ed, llenaba los peri\u00f3dicos del orbe hisp\u00e1nico con miles de art\u00edculos, cr\u00f3nicas y reportajes sobre los asuntos m\u00e1s dis\u00edmbolos, con una inteligencia original e inquisitiva y el castellano m\u00e1s vibrante de esa hora (y muchas m\u00e1s). Porque, atento al zumbido del mundo, no escrib\u00eda solamente sobre los muchos libros que le\u00eda y realmente divulgaba en espa\u00f1ol, pues todos los peri\u00f3dicos y revistas transmit\u00edan su consejo a los libreros y las editoriales de Hispanoam\u00e9rica.<\/p>\n<p>A Dar\u00edo, periodista cabal, nada le era ajeno: un d\u00eda se mete a los grandes almacenes para re\u00edrse de las modas finiseculares y al d\u00eda siguiente narra la vida sexual de las abejas. Acud\u00eda a ver el box, el rugby, las exhibiciones a\u00e9reas y las carreras de autos; describi\u00f3 la llegada del cakewalk y el charlest\u00f3n a la vida nocturna de Par\u00eds, cronique\u00f3 el feminismo en Londres y describi\u00f3 la danza de Isadora Duncan. Y al mismo tiempo reporteaba un mitin de su gur\u00fa Jos\u00e9 Mart\u00ed en Nueva York o hac\u00eda una semblanza del voraz Teddy Roosevelt comi\u00e9ndose a Centroam\u00e9rica, con cubiertos de plata, en la mesa bien abastada del imperialismo.<\/p>\n<p>Escribir para un peri\u00f3dico es \u201ctrabajo diario y preciso y fatal\u201d, dice sin amargura. Cre\u00eda que el periodismo es una \u201cgimnasia que robustece\u201d. Y Dar\u00edo, que era un ol\u00edmpico, se ganaba la vida con \u00e9l, pero adem\u00e1s fortalec\u00eda el di\u00e1logo civil, agregaba nuevos registros, vocabulario y temperatura a la imaginaci\u00f3n; ensanchaba la curiosidad y convocaba al mundo a la rejega periferia hispanoamericana.<\/p>\n<p>En esos tiempos sin becas ni premios, sin conferencias pagadas y sin casi universidades, el periodismo era el modus vivendi perentorio. Para financiar su vida trashumante y el bienestar que le daba Europa, acept\u00f3 la invitaci\u00f3n de otro poeta periodista, Jos\u00e9 Mart\u00ed, y se ungi\u00f3 corresponsal extranjero. Uno de sus \u00faltimos escritos en prosa, escrito hace 99 a\u00f1os, se titula \u201cEl periodista y su m\u00e9rito literario\u201d: un agradecimiento y un encomio de esa profesi\u00f3n modern\u00edsima y a la vez proverbialmente antigua, pues, a su parecer \u201cS\u00e9neca es un periodista. Montaigne es un periodista, igual que De Maistre, en el amplio sentido de la palabra. Todos los comentadores y observadores de la vida cotidiana han sido periodistas\u201d.<\/p>\n<p>Y periodistas fueron, tras las huellas de Dar\u00edo y de Mart\u00ed y de Leopoldo Lugones, muchos poetas subsecuentes del periodo y desde luego muchos posteriores. En M\u00e9xico, para ser breves, lo fueron Manuel Guti\u00e9rrez N\u00e1jera y Jos\u00e9 Juan Tablada, y luego L\u00f3pez Velarde, y despu\u00e9s desde Salvador Novo y Xavier Villaurrutia hasta Octavio Paz y Jos\u00e9 Emilio Pacheco. Y ninguno fue \u201cperro con alma de rep\u00f3rter\u201d\u2026<\/p>\n<p>La alegr\u00eda del Rub\u00e9n Dar\u00edo periodista contrasta, es curioso, con el eterno refunfu\u00f1ar de Guti\u00e9rrez N\u00e1jera. El exquisito \u201cDuque Job\u201d aborrec\u00eda ese oficio que le parec\u00eda apto apenas para vivales y celestinas: \u201cEl arte y el periodismo son incompatibles. No hay arte f\u00e1cil, como no hay rosas que se siembren y nazcan en el mismo d\u00eda\u201d. Y peor: para un periodista \u201cla idea y la forma son cortesanas a cuyas casas se entra a cualquier hora\u201d, mientras que para el poeta \u201cson novias a quienes se enamora con astucia\u201d. Sentencias edulcoradas y esnobs que, felizmente, palidecen ante sus cr\u00f3nicas magn\u00edficas.<\/p>\n<p>\u201cLa carencia de una fortuna b\u00e1sica me obligaba a trabajar period\u00edsticamente\u201d, escribi\u00f3 en cambio Dar\u00edo, sin amargura. Es una forma de vida, pero puede ser tambi\u00e9n una forma de arte, un quehacer que \u201cno mata sino a los d\u00e9biles\u201d. A fin de cuentas, \u201csi un escritor y un periodista se han de confundir\u201d ser\u00e1 s\u00f3lo porque ambos escriben bien. No hay de otra.<\/p>\n","protected":false},"excerpt":{"rendered":"<p>Guillermo Sheridan El Universal * Escribir para un peri\u00f3dico es \u201ctrabajo diario y preciso y fatal\u201d, dice sin amargura. Cre\u00eda que el periodismo es una \u201cgimnasia que robustece\u201d. Y Dar\u00edo, que era un ol\u00edmpico, se ganaba la vida con \u00e9l, pero adem\u00e1s fortalec\u00eda el di\u00e1logo civil, agregaba nuevos registros, vocabulario y temperatura a la imaginaci\u00f3n; [&hellip;]<\/p>\n","protected":false},"author":1,"featured_media":43245,"comment_status":"open","ping_status":"open","sticky":false,"template":"","format":"standard","meta":{"om_disable_all_campaigns":false,"_monsterinsights_skip_tracking":false,"_monsterinsights_sitenote_active":false,"_monsterinsights_sitenote_note":"","_monsterinsights_sitenote_category":0,"footnotes":""},"categories":[10,3524],"tags":[],"class_list":["post-43244","post","type-post","status-publish","format-standard","has-post-thumbnail","hentry","category-cultura","category-noticas"],"aioseo_notices":[],"_links":{"self":[{"href":"https:\/\/elcronistadigital.com\/index.php?rest_route=\/wp\/v2\/posts\/43244","targetHints":{"allow":["GET"]}}],"collection":[{"href":"https:\/\/elcronistadigital.com\/index.php?rest_route=\/wp\/v2\/posts"}],"about":[{"href":"https:\/\/elcronistadigital.com\/index.php?rest_route=\/wp\/v2\/types\/post"}],"author":[{"embeddable":true,"href":"https:\/\/elcronistadigital.com\/index.php?rest_route=\/wp\/v2\/users\/1"}],"replies":[{"embeddable":true,"href":"https:\/\/elcronistadigital.com\/index.php?rest_route=%2Fwp%2Fv2%2Fcomments&post=43244"}],"version-history":[{"count":1,"href":"https:\/\/elcronistadigital.com\/index.php?rest_route=\/wp\/v2\/posts\/43244\/revisions"}],"predecessor-version":[{"id":43246,"href":"https:\/\/elcronistadigital.com\/index.php?rest_route=\/wp\/v2\/posts\/43244\/revisions\/43246"}],"wp:featuredmedia":[{"embeddable":true,"href":"https:\/\/elcronistadigital.com\/index.php?rest_route=\/wp\/v2\/media\/43245"}],"wp:attachment":[{"href":"https:\/\/elcronistadigital.com\/index.php?rest_route=%2Fwp%2Fv2%2Fmedia&parent=43244"}],"wp:term":[{"taxonomy":"category","embeddable":true,"href":"https:\/\/elcronistadigital.com\/index.php?rest_route=%2Fwp%2Fv2%2Fcategories&post=43244"},{"taxonomy":"post_tag","embeddable":true,"href":"https:\/\/elcronistadigital.com\/index.php?rest_route=%2Fwp%2Fv2%2Ftags&post=43244"}],"curies":[{"name":"wp","href":"https:\/\/api.w.org\/{rel}","templated":true}]}}