{"id":43255,"date":"2016-02-10T07:33:17","date_gmt":"2016-02-10T13:33:17","guid":{"rendered":"http:\/\/elcronistadigital.com\/?p=43255"},"modified":"2016-02-10T07:33:17","modified_gmt":"2016-02-10T13:33:17","slug":"ecuador-sera-parte-del-iv-festival-del-bolero-en-nicaragua","status":"publish","type":"post","link":"https:\/\/elcronistadigital.com\/?p=43255","title":{"rendered":"Ecuador ser\u00e1 parte del IV Festival del Bolero en Nicaragua"},"content":{"rendered":"<div id=\"attachment_43256\" style=\"width: 510px\" class=\"wp-caption alignleft\"><a href=\"https:\/\/elcronistadigital.com\/wp-content\/uploads\/2016\/02\/Beatriz-Gil-Parra-soprano-de-Ecuador.jpg\"><img loading=\"lazy\" decoding=\"async\" aria-describedby=\"caption-attachment-43256\" class=\"size-large wp-image-43256\" alt=\"Beatriz Gil Parra, soprano de Ecuador.\" src=\"https:\/\/elcronistadigital.com\/wp-content\/uploads\/2016\/02\/Beatriz-Gil-Parra-soprano-de-Ecuador-1024x576.jpg\" width=\"500\" height=\"281\" srcset=\"https:\/\/elcronistadigital.com\/wp-content\/uploads\/2016\/02\/Beatriz-Gil-Parra-soprano-de-Ecuador-1024x576.jpg 1024w, https:\/\/elcronistadigital.com\/wp-content\/uploads\/2016\/02\/Beatriz-Gil-Parra-soprano-de-Ecuador-300x168.jpg 300w, https:\/\/elcronistadigital.com\/wp-content\/uploads\/2016\/02\/Beatriz-Gil-Parra-soprano-de-Ecuador-342x192.jpg 342w, https:\/\/elcronistadigital.com\/wp-content\/uploads\/2016\/02\/Beatriz-Gil-Parra-soprano-de-Ecuador.jpg 1280w\" sizes=\"auto, (max-width: 500px) 100vw, 500px\" \/><\/a><p id=\"caption-attachment-43256\" class=\"wp-caption-text\">Beatriz Gil Parra, soprano de Ecuador.<\/p><\/div>\n<p>El IV Festival del Bolero en Nicaragua reunir\u00e1 a los mejores exponentes de ese ritmo, desde este mi\u00e9rcoles 10 hasta el 14 de febrero, en el Teatro Nacional Rub\u00e9n Dar\u00edo de Managua y en varias ciudades de Nicaragua.<\/p>\n<p>En este evento intervendr\u00e1n once pa\u00edses latinoamericanos entre los que se encuentra Ecuador, cuya representante ser\u00e1 la destacada soprano Beatriz Gil Parra, graduada en el conservatorio de Tchakovsky de Mosc\u00fa, quien interpretar\u00e1 boleros que han hecho historia en Ecuador y Latinoam\u00e9rica.<\/p>\n<p>La artista visita Nicaragua por gestiones de la Embajada del Ecuador en Managua y por invitaci\u00f3n del comit\u00e9 organizador del festival que cuenta con el apoyo de la Asamblea Nacional de Nicaragua y entidades privadas.<\/p>\n<p>La embajadora de Ecuador, Aminta Buena\u00f1o Rugel, sostuvo que \u201ces la cuarta vez que se celebra este festival con una multitudinaria asistencia y apoyo del p\u00fablico, y Ecuador siempre ha contado con una representaci\u00f3n muy destacada, haciendo conocer nuestra m\u00fasica y promocionando lo mejor del talento ecuatoriano\u201d.<\/p>\n<p>La diplom\u00e1tica inform\u00f3 que \u201caunque las ra\u00edces del bolero est\u00e1n en Espa\u00f1a, el bolero naci\u00f3 en Cuba y se reg\u00f3 por Latinoam\u00e9rica y, hoy por hoy, da identidad y sentido de pertenencia a los latinoamericanos y es una forma de integrarnos culturalmente\u201d.<\/p>\n<p>La soprano ha representado al Ecuador en varios concursos internacionales, donde ha sido triunfadora con temas in\u00e9ditos.<\/p>\n<p>Un recorrido por el bolero<\/p>\n<p>La Embajadora recuerda adem\u00e1s que quien inmortaliz\u00f3 y populariz\u00f3 el bolero \u201cNuestro juramento\u201d, hoy convertido en pasillo, fue Julio Jaramillo, quien es admirado y recordado en Nicaragua.<\/p>\n<p>Boleristas de M\u00e9xico, Cuba, Guatemala, Honduras, Panam\u00e1, Colombia, Venezuela, Ecuador, Nicaragua y El Salvador, rendir\u00e1n tributo a dos grandes boleristas nicarag\u00fcenses como Orlando Flores Ponce y R\u00f3ger Fischer.<\/p>\n<p>Los artistas invitados recorrer\u00e1n Nicaragua y la voz y el talento del Ecuador se conocer\u00e1 en la tierra de Rub\u00e9n Dar\u00edo, quien este a\u00f1o cumple cien a\u00f1os de su muerte. Esta actividad se suma a las muchas que se han organizado en su homenaje durante 2016 en toda Nicaragua por decreto presidencial.<\/p>\n","protected":false},"excerpt":{"rendered":"<p>El IV Festival del Bolero en Nicaragua reunir\u00e1 a los mejores exponentes de ese ritmo, desde este mi\u00e9rcoles 10 hasta el 14 de febrero, en el Teatro Nacional Rub\u00e9n Dar\u00edo de Managua y en varias ciudades de Nicaragua. En este evento intervendr\u00e1n once pa\u00edses latinoamericanos entre los que se encuentra Ecuador, cuya representante ser\u00e1 la [&hellip;]<\/p>\n","protected":false},"author":1,"featured_media":43256,"comment_status":"open","ping_status":"open","sticky":false,"template":"","format":"standard","meta":{"om_disable_all_campaigns":false,"_monsterinsights_skip_tracking":false,"_monsterinsights_sitenote_active":false,"_monsterinsights_sitenote_note":"","_monsterinsights_sitenote_category":0,"footnotes":""},"categories":[10,3524],"tags":[5172,1521,101,5173,50],"class_list":["post-43255","post","type-post","status-publish","format-standard","has-post-thumbnail","hentry","category-cultura","category-noticas","tag-beatriz-gil-parra","tag-bolero","tag-ecuador","tag-festival-del-bolero","tag-nicaragua"],"aioseo_notices":[],"_links":{"self":[{"href":"https:\/\/elcronistadigital.com\/index.php?rest_route=\/wp\/v2\/posts\/43255","targetHints":{"allow":["GET"]}}],"collection":[{"href":"https:\/\/elcronistadigital.com\/index.php?rest_route=\/wp\/v2\/posts"}],"about":[{"href":"https:\/\/elcronistadigital.com\/index.php?rest_route=\/wp\/v2\/types\/post"}],"author":[{"embeddable":true,"href":"https:\/\/elcronistadigital.com\/index.php?rest_route=\/wp\/v2\/users\/1"}],"replies":[{"embeddable":true,"href":"https:\/\/elcronistadigital.com\/index.php?rest_route=%2Fwp%2Fv2%2Fcomments&post=43255"}],"version-history":[{"count":1,"href":"https:\/\/elcronistadigital.com\/index.php?rest_route=\/wp\/v2\/posts\/43255\/revisions"}],"predecessor-version":[{"id":43257,"href":"https:\/\/elcronistadigital.com\/index.php?rest_route=\/wp\/v2\/posts\/43255\/revisions\/43257"}],"wp:featuredmedia":[{"embeddable":true,"href":"https:\/\/elcronistadigital.com\/index.php?rest_route=\/wp\/v2\/media\/43256"}],"wp:attachment":[{"href":"https:\/\/elcronistadigital.com\/index.php?rest_route=%2Fwp%2Fv2%2Fmedia&parent=43255"}],"wp:term":[{"taxonomy":"category","embeddable":true,"href":"https:\/\/elcronistadigital.com\/index.php?rest_route=%2Fwp%2Fv2%2Fcategories&post=43255"},{"taxonomy":"post_tag","embeddable":true,"href":"https:\/\/elcronistadigital.com\/index.php?rest_route=%2Fwp%2Fv2%2Ftags&post=43255"}],"curies":[{"name":"wp","href":"https:\/\/api.w.org\/{rel}","templated":true}]}}