{"id":43268,"date":"2016-02-10T16:47:59","date_gmt":"2016-02-10T22:47:59","guid":{"rendered":"http:\/\/elcronistadigital.com\/?p=43268"},"modified":"2016-02-11T11:01:41","modified_gmt":"2016-02-11T17:01:41","slug":"taiwan-contribuye-con-el-festival-de-poesia-de-granada","status":"publish","type":"post","link":"https:\/\/elcronistadigital.com\/?p=43268","title":{"rendered":"Taiw\u00e1n contribuye con el Festival de Poes\u00eda de Granada"},"content":{"rendered":"<p><a href=\"https:\/\/elcronistadigital.com\/wp-content\/uploads\/2016\/02\/festival1.jpg\"><img loading=\"lazy\" decoding=\"async\" class=\"alignleft size-full wp-image-43269\" alt=\"festival1\" src=\"https:\/\/elcronistadigital.com\/wp-content\/uploads\/2016\/02\/festival1.jpg\" width=\"450\" height=\"337\" srcset=\"https:\/\/elcronistadigital.com\/wp-content\/uploads\/2016\/02\/festival1.jpg 450w, https:\/\/elcronistadigital.com\/wp-content\/uploads\/2016\/02\/festival1-300x224.jpg 300w, https:\/\/elcronistadigital.com\/wp-content\/uploads\/2016\/02\/festival1-342x256.jpg 342w, https:\/\/elcronistadigital.com\/wp-content\/uploads\/2016\/02\/festival1-60x45.jpg 60w, https:\/\/elcronistadigital.com\/wp-content\/uploads\/2016\/02\/festival1-150x113.jpg 150w, https:\/\/elcronistadigital.com\/wp-content\/uploads\/2016\/02\/festival1-269x201.jpg 269w\" sizes=\"auto, (max-width: 450px) 100vw, 450px\" \/><\/a>El Encargado de Negocios de la Embajada de la Rep\u00fablica de China (Taiw\u00e1n), Sr, Jaime Chuang, en nombre del gobierno de dicha isla entreg\u00f3 una donaci\u00f3n de tres mil d\u00f3lares, para apoyar la realizaci\u00f3n del \u201cXII Festival Internacional de Poes\u00eda de Granada\u201d, Nicaragua.<\/p>\n<p>Otro aporte que har\u00e1 el gobierno de Taiw\u00e1n al festival, ser\u00e1 asumir los gastos de los pasajes a\u00e9reos y vi\u00e1ticos del poeta taiwan\u00e9s durante su estad\u00eda en el festival. La donaci\u00f3n la recibi\u00f3 el Sr. Francisco de As\u00eds, Presidente del Festival.<\/p>\n<p>Durante la realizaci\u00f3n del Festival de Poes\u00eda, todos las personas que asistan podr\u00e1n disfrutar de la melodiosa l\u00edrica de uno de los poetas taiwaneses m\u00e1s reconocidos internacionalmente, como es el Sr. Lee Kuei Shien.<\/p>\n<p>El Consejero Jaime Chuang expres\u00f3 que el gobierno de Taiw\u00e1n reafirma el apoyo al festival por la ardua tarea de ser un nicho para dar a conocer la poes\u00eda, la literatura y la cultura nicarag\u00fcense en general y de paso le dese\u00f3 muchos \u00e9xitos al festival en este a\u00f1o del Mono.<\/p>\n<p>Por su parte, don Francisco de As\u00eds agradeci\u00f3 en nombre del festival el apoyo incondicional que a\u00f1o con a\u00f1o ha venido brindando el gobierno taiwan\u00e9s, esperando que los lazos de amistad y solidaridad perduren por mucho tiempo.<\/p>\n<p>Hasta la fecha, 129 poetas del mundo, incluyendo Nicaragua, han confirmado la asistencia al XII Festival Internacional de Poes\u00eda de Granada, que este a\u00f1o rinde honores a los poetas Ernesto Mej\u00eda S\u00e1nchez y Luis Cardoza y Arag\u00f3n.<\/p>\n","protected":false},"excerpt":{"rendered":"<p>El Encargado de Negocios de la Embajada de la Rep\u00fablica de China (Taiw\u00e1n), Sr, Jaime Chuang, en nombre del gobierno de dicha isla entreg\u00f3 una donaci\u00f3n de tres mil d\u00f3lares, para apoyar la realizaci\u00f3n del \u201cXII Festival Internacional de Poes\u00eda de Granada\u201d, Nicaragua. Otro aporte que har\u00e1 el gobierno de Taiw\u00e1n al festival, ser\u00e1 asumir [&hellip;]<\/p>\n","protected":false},"author":1,"featured_media":43269,"comment_status":"open","ping_status":"open","sticky":false,"template":"","format":"standard","meta":{"om_disable_all_campaigns":false,"_monsterinsights_skip_tracking":false,"_monsterinsights_sitenote_active":false,"_monsterinsights_sitenote_note":"","_monsterinsights_sitenote_category":0,"footnotes":""},"categories":[10,3524],"tags":[],"class_list":["post-43268","post","type-post","status-publish","format-standard","has-post-thumbnail","hentry","category-cultura","category-noticas"],"aioseo_notices":[],"_links":{"self":[{"href":"https:\/\/elcronistadigital.com\/index.php?rest_route=\/wp\/v2\/posts\/43268","targetHints":{"allow":["GET"]}}],"collection":[{"href":"https:\/\/elcronistadigital.com\/index.php?rest_route=\/wp\/v2\/posts"}],"about":[{"href":"https:\/\/elcronistadigital.com\/index.php?rest_route=\/wp\/v2\/types\/post"}],"author":[{"embeddable":true,"href":"https:\/\/elcronistadigital.com\/index.php?rest_route=\/wp\/v2\/users\/1"}],"replies":[{"embeddable":true,"href":"https:\/\/elcronistadigital.com\/index.php?rest_route=%2Fwp%2Fv2%2Fcomments&post=43268"}],"version-history":[{"count":2,"href":"https:\/\/elcronistadigital.com\/index.php?rest_route=\/wp\/v2\/posts\/43268\/revisions"}],"predecessor-version":[{"id":43278,"href":"https:\/\/elcronistadigital.com\/index.php?rest_route=\/wp\/v2\/posts\/43268\/revisions\/43278"}],"wp:featuredmedia":[{"embeddable":true,"href":"https:\/\/elcronistadigital.com\/index.php?rest_route=\/wp\/v2\/media\/43269"}],"wp:attachment":[{"href":"https:\/\/elcronistadigital.com\/index.php?rest_route=%2Fwp%2Fv2%2Fmedia&parent=43268"}],"wp:term":[{"taxonomy":"category","embeddable":true,"href":"https:\/\/elcronistadigital.com\/index.php?rest_route=%2Fwp%2Fv2%2Fcategories&post=43268"},{"taxonomy":"post_tag","embeddable":true,"href":"https:\/\/elcronistadigital.com\/index.php?rest_route=%2Fwp%2Fv2%2Ftags&post=43268"}],"curies":[{"name":"wp","href":"https:\/\/api.w.org\/{rel}","templated":true}]}}