{"id":43274,"date":"2016-02-11T07:41:18","date_gmt":"2016-02-11T13:41:18","guid":{"rendered":"http:\/\/elcronistadigital.com\/?p=43274"},"modified":"2016-02-11T07:41:18","modified_gmt":"2016-02-11T13:41:18","slug":"centro-cultural-de-espana-en-montevideo-se-tine-de-azul","status":"publish","type":"post","link":"https:\/\/elcronistadigital.com\/?p=43274","title":{"rendered":"Centro Cultural de Espa\u00f1a en Montevideo se ti\u00f1e de azul"},"content":{"rendered":"<p><a href=\"https:\/\/elcronistadigital.com\/wp-content\/uploads\/2016\/02\/casa-azul.jpg\"><img loading=\"lazy\" decoding=\"async\" class=\"alignleft size-full wp-image-43275\" alt=\"casa azul\" src=\"https:\/\/elcronistadigital.com\/wp-content\/uploads\/2016\/02\/casa-azul.jpg\" width=\"400\" height=\"226\" srcset=\"https:\/\/elcronistadigital.com\/wp-content\/uploads\/2016\/02\/casa-azul.jpg 400w, https:\/\/elcronistadigital.com\/wp-content\/uploads\/2016\/02\/casa-azul-300x169.jpg 300w, https:\/\/elcronistadigital.com\/wp-content\/uploads\/2016\/02\/casa-azul-342x193.jpg 342w\" sizes=\"auto, (max-width: 400px) 100vw, 400px\" \/><\/a>El Centro Cultural de Espa\u00f1a (CCE) ubicado en Montevideo, Uruguay, se ti\u00f1\u00f3 de azul desde el mi\u00e9rcoles 10 de febrero para rendir homenaje al poeta nicarag\u00fcense Rub\u00e9n Dar\u00edo. El pasado 6 de febrero se cumplieron cien a\u00f1os de su fallecimiento.<\/p>\n<p>La iluminaci\u00f3n de la fachada del CCE hace referencia a una de sus obras emblem\u00e1ticas, Azul. De esta manera, se une a los actos conmemorativos llevados a cabo en otros pa\u00edses del mundo.<\/p>\n<p>El pasado s\u00e1bado Dar\u00edo fue declarado H\u00e9roe Nacional en el plenario del Parlamento de Nicaragua. El Banco Central de Nicaragua emiti\u00f3 monedas de oro y plata con el retrato del poeta, su firma y la leyenda \u00abPr\u00edncipe de las letras castellanas\u00bb, para recordar el centenario de su muerte.<\/p>\n<p>El gobierno de Chile entreg\u00f3 a la administraci\u00f3n de Nicaragua una colecci\u00f3n de poemas, cartas, un libro y otros escritos del poeta.<\/p>\n<p>Rub\u00e9n Dar\u00edo es considerado el Padre del Modernismo literario y el Pr\u00edncipe de las Letras Castellanas. En 1908 fue nombrado embajador de Nicaragua en Espa\u00f1a. Trabaj\u00f3 como periodista y corresponsal en varios pa\u00edses de Europa. Su obra po\u00e9tica fue aclamada en el mundo.<\/p>\n","protected":false},"excerpt":{"rendered":"<p>El Centro Cultural de Espa\u00f1a (CCE) ubicado en Montevideo, Uruguay, se ti\u00f1\u00f3 de azul desde el mi\u00e9rcoles 10 de febrero para rendir homenaje al poeta nicarag\u00fcense Rub\u00e9n Dar\u00edo. El pasado 6 de febrero se cumplieron cien a\u00f1os de su fallecimiento. La iluminaci\u00f3n de la fachada del CCE hace referencia a una de sus obras emblem\u00e1ticas, [&hellip;]<\/p>\n","protected":false},"author":1,"featured_media":43275,"comment_status":"open","ping_status":"open","sticky":false,"template":"","format":"standard","meta":{"om_disable_all_campaigns":false,"_monsterinsights_skip_tracking":false,"_monsterinsights_sitenote_active":false,"_monsterinsights_sitenote_note":"","_monsterinsights_sitenote_category":0,"footnotes":""},"categories":[10,3524],"tags":[],"class_list":["post-43274","post","type-post","status-publish","format-standard","has-post-thumbnail","hentry","category-cultura","category-noticas"],"aioseo_notices":[],"_links":{"self":[{"href":"https:\/\/elcronistadigital.com\/index.php?rest_route=\/wp\/v2\/posts\/43274","targetHints":{"allow":["GET"]}}],"collection":[{"href":"https:\/\/elcronistadigital.com\/index.php?rest_route=\/wp\/v2\/posts"}],"about":[{"href":"https:\/\/elcronistadigital.com\/index.php?rest_route=\/wp\/v2\/types\/post"}],"author":[{"embeddable":true,"href":"https:\/\/elcronistadigital.com\/index.php?rest_route=\/wp\/v2\/users\/1"}],"replies":[{"embeddable":true,"href":"https:\/\/elcronistadigital.com\/index.php?rest_route=%2Fwp%2Fv2%2Fcomments&post=43274"}],"version-history":[{"count":1,"href":"https:\/\/elcronistadigital.com\/index.php?rest_route=\/wp\/v2\/posts\/43274\/revisions"}],"predecessor-version":[{"id":43276,"href":"https:\/\/elcronistadigital.com\/index.php?rest_route=\/wp\/v2\/posts\/43274\/revisions\/43276"}],"wp:featuredmedia":[{"embeddable":true,"href":"https:\/\/elcronistadigital.com\/index.php?rest_route=\/wp\/v2\/media\/43275"}],"wp:attachment":[{"href":"https:\/\/elcronistadigital.com\/index.php?rest_route=%2Fwp%2Fv2%2Fmedia&parent=43274"}],"wp:term":[{"taxonomy":"category","embeddable":true,"href":"https:\/\/elcronistadigital.com\/index.php?rest_route=%2Fwp%2Fv2%2Fcategories&post=43274"},{"taxonomy":"post_tag","embeddable":true,"href":"https:\/\/elcronistadigital.com\/index.php?rest_route=%2Fwp%2Fv2%2Ftags&post=43274"}],"curies":[{"name":"wp","href":"https:\/\/api.w.org\/{rel}","templated":true}]}}