{"id":43306,"date":"2016-02-12T10:42:41","date_gmt":"2016-02-12T16:42:41","guid":{"rendered":"http:\/\/elcronistadigital.com\/?p=43306"},"modified":"2016-02-12T10:42:41","modified_gmt":"2016-02-12T16:42:41","slug":"ruben-dario-en-la-mancha","status":"publish","type":"post","link":"https:\/\/elcronistadigital.com\/?p=43306","title":{"rendered":"Rub\u00e9n Dar\u00edo en La Mancha"},"content":{"rendered":"<p><a href=\"https:\/\/elcronistadigital.com\/wp-content\/uploads\/2016\/02\/quijote1.jpg\"><img loading=\"lazy\" decoding=\"async\" class=\"alignleft size-full wp-image-43307\" alt=\"quijote1\" src=\"https:\/\/elcronistadigital.com\/wp-content\/uploads\/2016\/02\/quijote1.jpg\" width=\"500\" height=\"239\" srcset=\"https:\/\/elcronistadigital.com\/wp-content\/uploads\/2016\/02\/quijote1.jpg 500w, https:\/\/elcronistadigital.com\/wp-content\/uploads\/2016\/02\/quijote1-300x143.jpg 300w, https:\/\/elcronistadigital.com\/wp-content\/uploads\/2016\/02\/quijote1-342x163.jpg 342w\" sizes=\"auto, (max-width: 500px) 100vw, 500px\" \/><\/a>Jos\u00e9 Mar\u00eda Barreda Fontes | Lanza Digital<\/p>\n<p>El 6 de febrero de 1916, con s\u00f3lo 49 a\u00f1os, muri\u00f3 Rub\u00e9n Dar\u00edo. Hace pues unos d\u00edas que se conmemor\u00f3 el Primer Centenario de su muerte. El autor de Azul fue un ilustre manchego en el sentido al que se refer\u00eda Carlos Fuentes :\u201dsomos habitantes de La Mancha los que hablamos el idioma de Cervantes a uno u otro lado de la mar oc\u00e9ano. Somos los escuderos de Don Quijote\u201d.<\/p>\n<p>En 1905, el a\u00f1o en el que el autor modernista public\u00f3 Cantos de vida y esperanza, el poeta nicarag\u00fcense, diplom\u00e1tico al servicio de su patria, viaj\u00f3 a Espa\u00f1a con motivo de una disputa territorial con Honduras. Esta estancia en Madrid coincidi\u00f3 con la celebraci\u00f3n en nuestro pa\u00eds del III Centenario de la publicaci\u00f3n de El Quijote.<\/p>\n<p>Con ocasi\u00f3n de la efem\u00e9rides de los cien a\u00f1os de su muerte, he recordado una historia contada en la mesa camilla de la casa de mi abuela: una fugaz visita que el c\u00e9lebre poeta, mujeriego y bebedor, hizo a Ciudad Real donde fue atendido por mi abuelo Luis Barreda. En el archivo familiar se conservaban varios libros dedicados de su pu\u00f1o y letra y algunas cartas en una de las cuales Rub\u00e9n le felicitaba generosamente por la publicaci\u00f3n de su libro de poemas Valle del Norte.<\/p>\n<p>El viaje a La Mancha tuvo lugar en febrero de 1905, un mes antes de que Azor\u00edn hiciera el suyo y le inspirara su c\u00e9lebre Ruta de don Quijote. Unos meses despu\u00e9s, en abril de ese mismo a\u00f1o, public\u00f3 un art\u00edculo en La Naci\u00f3n de Buenos Aires, donde colaboraba para redondear sus ingresos, titulado En tierra de don Quijote. Como \u00e9l mismo escribi\u00f3 en ese trabajo,para celebrar el III Centenario del libro :\u201d\u00bfQu\u00e9 mejor que una excursi\u00f3n por las tierras en que se encuentra aquel lugar de La Mancha de cuyo nombre no quiso acordarse el gran Manco?\u201d.<\/p>\n<p>Desde Madrid se desplaz\u00f3 en tren a Ciudad Real. \u201cMi primera impresi\u00f3n fue la de encontrarme en una de esas viejas ciudades que nos dej\u00f3 la colonia y que aun ostentan su vetustez venerable en el centro de nuestras rep\u00fablicas. Casas a la antigua, calles mal empedradas y estrechas, restos de muros y una antiqu\u00edsima puerta en la cual existe cierta inscripci\u00f3n indescifrable\u201d.<\/p>\n<p>Sigue describiendo la ciudad y recurre significativamente al t\u00edtulo de una novela del m\u00e1s famoso simbolista belga, Georges Rodenbach, llamada Brujas, la muerta. \u201cComo en Bruges la muerta,vi en las callejuelas mujeres que hacen su labor al aire libre. El ambiente era de paz antigua. Grande fue mi sorpresa al encontrarme con que en la capital manchega hay un hotel muy confortable\u201d. (Seguramente se refiere al Hotel Pizarroso que se encontraba en la calle de la Paloma, donde se ubicaba tambi\u00e9n el hotel Miracielos, que era m\u00e1s modesto)<\/p>\n<p>Contin\u00faa Rub\u00e9n Dar\u00edo recordando sus primeras impresiones y anota en sus apuntes que \u201ccomo en casi todas partes de Espa\u00f1a, Ciudad Real ilumina su vejez con luz el\u00e9ctrica\u201d.<\/p>\n<p>Encuentro con Luis Barreda<\/p>\n<p>M\u00e1s adelante es cuando Rub\u00e9n Dar\u00edo se refiere con mucha simpat\u00eda a su encuentro con Luis Barreda: \u201cMayor (sorpresa) fue aun recibir una inesperada visita. \u00bfDe qu\u00e9 habl\u00e9 con el visitante? De Bach, de Wagner, de Verlaine, de Rodin, de Lugones de Amado Nervo. Mi interlocutor era un ciudadano intelectual de los grandes centros, ave rara en estas regiones de la tostada Castilla. Poeta \u00e9l mismo, lleno de afabilidad y de cultura, m\u00fasico, amante de la pintura, alma, en fin, del m\u00e1s bello leonardismo. Luis Barreda (al que se refiere equivocadamente como conde de Trevi\u00f1o) me hizo pasar gratos momentos durante mi corta permanencia en aquella poblaci\u00f3n.\u201d<\/p>\n<p>En la publicaci\u00f3n de este art\u00edculo que hace Jorge Eduardo Arellano, de la Academia Nicarag\u00fcense, en un librito titulado Rub\u00e9n Dar\u00edo. Don Quijote no debe ni puede morir (p\u00e1ginas cervantinas), al citar al anfitri\u00f3n de Rub\u00e9n en Ciudad Real, escribe una nota a pie de p\u00e1gina especificando de quien se trata: \u201cLuis Barreda (1875-1938) nacido en Santander, poeta regionalista, melanc\u00f3lico y sentimental&#8230;\u201d.<\/p>\n<p>En el art\u00edculo de La Naci\u00f3n sigue describiendo su estancia en Ciudad Real : \u201cVisit\u00e9 el palacio de la diputaci\u00f3n provincial, que nada tiene de particular, como no sea el verse ya all\u00ed de manifiesto el orgullo de los compatriotas de D. Miguel de Cervantes Saavedra. El conserje es impagable:\u201dSe\u00f1or, me he le\u00eddo el Quijote cinco veces . Su erudici\u00f3n cervantesca y quijotina, en verdad, es larga y muy expansiva. Vi de notable un plaf\u00f3n firmado por un pintor de la ciudad llamado Andrade (\u2026) En la sala de conferencias hay un cuadro que representa a Don Quijote tirado por el molino. Lo firma Carlos Vargas \u201c. (se refiere a Carlos V\u00e1zquez).<\/p>\n<p>La cr\u00f3nica publicada en La Naci\u00f3n continua relatando un paseo que dio hasta la cercana Marcos (se refiere a Alarcos) \u201cdonde existe una c\u00e9lebre y milagrosa virgen de piedra, en cuya iglesia he visto la m\u00e1s extra\u00f1a colecci\u00f3n de exvotos de cera. No hay m\u00e1s curiosidades que restos de antiguas construcciones moriscas, un aljibe y el pintoresco paisaje que cerca de una f\u00e1brica vecina une abruptas rocas, altos \u00e1lamos y las aguas del Guadiana&#8230;\u201d<\/p>\n<p>En tren hasta Argamasilla<\/p>\n<p>Desde Ciudad Real, Rub\u00e9n Dar\u00edo tom\u00f3 el tren hasta Argamasilla de Alba :\u201dAconteci\u00f3 que nos encontramos con que la estaci\u00f3n de Argamasilla se halla a unos tres o cuatro kil\u00f3metros del pueblo y que no existe m\u00e1s veh\u00edculo para la conducci\u00f3n que ciertos infames carritos, en uno de los cuales tuvimos que ir entre atados de pellejos y sacos de bacalao.Me consol\u00e9 con que el carretero era un genuino e incomparable tipo de Sancho Panza. Mejores mofletes y mejor barriga no hallaron en sus modelos ni Moreno Carbonero, ni Jim\u00e9nez Aranda, ni Dor\u00e9, ni Urrabieta Vierge. Sus maneras, sus decires, su modo socarr\u00f3n y el gesto y el apetito con que devoraba un gran chorizo y empinaba la bota, dir\u00edanse los mismos del personaje que legisl\u00f3 en la Insula Barataria\u201d.<\/p>\n<p>En sus recuerdos del breve viaje desde la Estaci\u00f3n, dedica pinceladas al paisaje y a las sensaciones recibidas: \u201cIbamos en una nube de polvo. La carretera se extiende entre dos inmensas llanuras que en puntos hacen horizontes y quedan sensaci\u00f3n de aridez y sequedad tan solamente comparables, me imagino, a lo que se debe experimentar en los vastos desiertos africanos. Pienso en c\u00f3mo deben ser aqu\u00ed las feroces can\u00edculas, los t\u00f3rridos soles que derritieron la sesera a D. Alonso el Bueno\u201d.<\/p>\n<p>El resto del art\u00edculo, lo dedica Rub\u00e9n Dar\u00edo a describir Argamasilla de Alba y sus gentes, siempre con el recuerdo de sus lecturas del Quijote presentes :\u201dconoc\u00ed todas las calles y rincones del lugar que inmortaliz\u00f3 Cervantes, por quererlo olvidar. Conoc\u00ed al cura y al barbero. Conoc\u00ed la casa que habit\u00f3 el bachiller Sans\u00f3n (\u2026) Y en la iglesia del lugar, que tiene honores de catedral, vi algo que verdaderamente merece atenci\u00f3n muy especial &#8230;Un cuadro que representa una virgen entre dos santos, y abajo hay dos figuras, las de D. Rodrigo de Pacheco y su sobrina Marcela&#8230; En el cuadro est\u00e1 escrita la siguiente leyenda : \u201cNuestra Sra. se apareci\u00f3 a D. Rodrigo de Pacheco en la v\u00edspera de San Mateo en el a\u00f1o 1601 curandolo de un gran dolor que ten\u00eda en el cerebro de una gran frialdad que se le cuaj\u00f3 dentro.\u201d<\/p>\n<p>Rub\u00e9n fantasea con que Cervantes, encarcelado por \u00e9ste D. Rodrigo Pacheco, bien pudo inspirarle para tomar algo de \u00e9l en la creaci\u00f3n de su personaje.<\/p>\n<p>Como es natural, el poeta nicarag\u00fcense visit\u00f3 la cueva de Medrano : \u201cEn verdad os digo que causa pena y disgusto el ver el estado en que se mantiene esa propiedad, que deb\u00eda pertenecer al estado y ser visitado como se visita la casa de Shakespeare en Stanford-on-Avon y la casa de V\u00edctor Hugo en Par\u00eds (\u2026) Descend\u00ed guiado por un chico, entre polvo y suciedad. Es aquello un palomar y un reino de ratones. All\u00ed hay plumas, fiemo, zapatos viejos. Se ve el agujero del cepo a que estuvo atado Cide Hamete Benengeli&#8230; en cuanto al cepo mismo, me dijeron que \u201clo quem\u00f3 la t\u00eda Martina para hacer arrope\u201d.<\/p>\n<p>Al final del art\u00edculo, Rub\u00e9n Dar\u00edo hace una descripci\u00f3n espectacular de un atardecer de La Mancha que por s\u00ed sola justificar\u00eda la lectura de la cr\u00f3nica del viaje :\u201dSal\u00ed del hist\u00f3rico recinto a tiempo de presenciar el m\u00e1s inaudito de los crep\u00fasculos. He visto crep\u00fasculos de luz verde, de luz diluida y omniprism\u00e1tica como en Venecia; crep\u00fasculos furiosos de nuestros tr\u00f3picos; crep\u00fasculos suaves, delicados, tenues ; crep\u00fasculos taciturnos ; crep\u00fasculos africanos de Tanger; crep\u00fasculos vaporizados de costas levantinas, ensue\u00f1os de color.<\/p>\n<p>Mas esta fiesta de sangre y ceniza, este incendio violento de los lejanos horizontes, esta cruel magnificencia solar, triunfos y rompimientos incomparables, p\u00farpuras celestes, gama de todos los oros, supremo imperio de poniente, me impresionaron como en ninguna parte\u201d.<\/p>\n<p>Al mes siguiente, Rub\u00e9n Dar\u00edo public\u00f3 otro art\u00edculo en La Naci\u00f3n de Buenos Aires, titulado La cuna del Manco, en el que toma partido a favor de Alc\u00e1zar de San Juan en la disputa con Alcal\u00e1 de Henares y algunas otras poblaciones por el lugar de nacimiento de Cervantes. Pero esa es otra historia, aunque siempre interesante y m\u00e1s ahora que celebramos los 400 a\u00f1os de su muerte&#8230;<\/p>\n<p>En 1905, un mes despu\u00e9s de la estancia del poeta nicarag\u00fcense en Argamasilla de Alba, Azor\u00edn viaj\u00f3 hasta all\u00ed enviado por El Imparcial para conmemorar el III Centenario de la publicaci\u00f3n de la Primera Parte del Quijote. Durante quince d\u00edas recorri\u00f3 la comarca enviando sus cr\u00f3nicas al peri\u00f3dico que luego reuni\u00f3 en un c\u00e9lebre libro: La Ruta de don Quijote.<\/p>\n<p>Hoy, el hallazgo fortuito del art\u00edculo de Rub\u00e9n Dar\u00edo en La Naci\u00f3n , En tierra del Quijote, coincidiendo con la fecha del centenario de su muerte, me ha permitido unir esta conmemoraci\u00f3n con la del cuarto centenario del fallecimiento que da nombre a la lengua que hablamos millones de \u201cmanchegos\u201d.<\/p>\n","protected":false},"excerpt":{"rendered":"<p>Jos\u00e9 Mar\u00eda Barreda Fontes | Lanza Digital El 6 de febrero de 1916, con s\u00f3lo 49 a\u00f1os, muri\u00f3 Rub\u00e9n Dar\u00edo. Hace pues unos d\u00edas que se conmemor\u00f3 el Primer Centenario de su muerte. El autor de Azul fue un ilustre manchego en el sentido al que se refer\u00eda Carlos Fuentes :\u201dsomos habitantes de La Mancha [&hellip;]<\/p>\n","protected":false},"author":1,"featured_media":43307,"comment_status":"open","ping_status":"open","sticky":false,"template":"","format":"standard","meta":{"om_disable_all_campaigns":false,"_monsterinsights_skip_tracking":false,"_monsterinsights_sitenote_active":false,"_monsterinsights_sitenote_note":"","_monsterinsights_sitenote_category":0,"footnotes":""},"categories":[10,3524],"tags":[],"class_list":["post-43306","post","type-post","status-publish","format-standard","has-post-thumbnail","hentry","category-cultura","category-noticas"],"aioseo_notices":[],"_links":{"self":[{"href":"https:\/\/elcronistadigital.com\/index.php?rest_route=\/wp\/v2\/posts\/43306","targetHints":{"allow":["GET"]}}],"collection":[{"href":"https:\/\/elcronistadigital.com\/index.php?rest_route=\/wp\/v2\/posts"}],"about":[{"href":"https:\/\/elcronistadigital.com\/index.php?rest_route=\/wp\/v2\/types\/post"}],"author":[{"embeddable":true,"href":"https:\/\/elcronistadigital.com\/index.php?rest_route=\/wp\/v2\/users\/1"}],"replies":[{"embeddable":true,"href":"https:\/\/elcronistadigital.com\/index.php?rest_route=%2Fwp%2Fv2%2Fcomments&post=43306"}],"version-history":[{"count":1,"href":"https:\/\/elcronistadigital.com\/index.php?rest_route=\/wp\/v2\/posts\/43306\/revisions"}],"predecessor-version":[{"id":43308,"href":"https:\/\/elcronistadigital.com\/index.php?rest_route=\/wp\/v2\/posts\/43306\/revisions\/43308"}],"wp:featuredmedia":[{"embeddable":true,"href":"https:\/\/elcronistadigital.com\/index.php?rest_route=\/wp\/v2\/media\/43307"}],"wp:attachment":[{"href":"https:\/\/elcronistadigital.com\/index.php?rest_route=%2Fwp%2Fv2%2Fmedia&parent=43306"}],"wp:term":[{"taxonomy":"category","embeddable":true,"href":"https:\/\/elcronistadigital.com\/index.php?rest_route=%2Fwp%2Fv2%2Fcategories&post=43306"},{"taxonomy":"post_tag","embeddable":true,"href":"https:\/\/elcronistadigital.com\/index.php?rest_route=%2Fwp%2Fv2%2Ftags&post=43306"}],"curies":[{"name":"wp","href":"https:\/\/api.w.org\/{rel}","templated":true}]}}