{"id":43312,"date":"2016-02-13T10:37:55","date_gmt":"2016-02-13T16:37:55","guid":{"rendered":"http:\/\/elcronistadigital.com\/?p=43312"},"modified":"2016-02-13T10:37:55","modified_gmt":"2016-02-13T16:37:55","slug":"nicaragua-a-ritmo-de-bolero","status":"publish","type":"post","link":"https:\/\/elcronistadigital.com\/?p=43312","title":{"rendered":"Nicaragua a ritmo de bolero"},"content":{"rendered":"<p><a href=\"https:\/\/elcronistadigital.com\/wp-content\/uploads\/2016\/02\/bolero1.jpg\"><img loading=\"lazy\" decoding=\"async\" class=\"alignleft size-full wp-image-43313\" alt=\"bolero1\" src=\"https:\/\/elcronistadigital.com\/wp-content\/uploads\/2016\/02\/bolero1.jpg\" width=\"383\" height=\"357\" srcset=\"https:\/\/elcronistadigital.com\/wp-content\/uploads\/2016\/02\/bolero1.jpg 383w, https:\/\/elcronistadigital.com\/wp-content\/uploads\/2016\/02\/bolero1-300x279.jpg 300w, https:\/\/elcronistadigital.com\/wp-content\/uploads\/2016\/02\/bolero1-342x318.jpg 342w\" sizes=\"auto, (max-width: 383px) 100vw, 383px\" \/><\/a>La jornada cumbre del IV Festival Internacional de Boleros herman\u00f3 el viernes en el Teatro Nacional Rub\u00e9n Dar\u00edo, las culturas musicales de 10 pa\u00edses latinoamericanos y caribe\u00f1os.<\/p>\n<p>El encuentro en el que participan cultivadores del g\u00e9nero procedentes de Colombia, Cuba, Ecuador, El Salvador, Guatemala, Honduras, M\u00e9xico, Panam\u00e1, Venezuela y el pa\u00eds sede, comenz\u00f3 el mi\u00e9rcoles y cerrar\u00e1 sus cortinas el domingo en espacios p\u00fablicos de Managua, seg\u00fan recuerda Prensa Latina.<\/p>\n<p>Ram\u00f3n Rodr\u00edguez, director del Rub\u00e9n Dar\u00edo y presidente del Comit\u00e9 Organizador del evento, entreg\u00f3 sendas placas de reconocimientos a los compositores de la m\u00fasica rom\u00e1ntica nicarag\u00fcense Orlando Flores y R\u00f3ger Fischer, a quienes est\u00e1 dedicada esta convocatoria.<\/p>\n<p>Destac\u00f3 el hecho de que el Festival tenga locaciones en siete ciudades de Nicaragua durante sus cinco jornadas de presentaciones y elogi\u00f3 la labor de la Camerata Bach y Jazz T\u00e1, grupos acompa\u00f1antes de los solistas.<\/p>\n<p>Dijo que la cita musical se va posicionando como una de las m\u00e1s importantes de su tipo en la regi\u00f3n latinoamericana<\/p>\n<p>Todos sabemos que el bolero naci\u00f3 en Cuba, pero luego se extendi\u00f3 y al resto del continente y hoy es uno de los g\u00e9neros m\u00e1s cantados en el mundo, al extremo que la internacionalmente reconocida \u00abB\u00e9same mucho\u00bb, es la canci\u00f3n que m\u00e1s cantan los chinos, coment\u00f3 en sus palabras introductorias.<\/p>\n<p>La funci\u00f3n de gala del festival result\u00f3 una antolog\u00eda del g\u00e9nero en el que estuvieron representados autores como Jos\u00e9 Alfredo Jim\u00e9nez, Isolina Carrillo, Roberto Cantoral, y Bobby Cap\u00f3, entre otros.<\/p>\n<p>De los int\u00e9rpretes vale destacar la actuaci\u00f3n del venezolano Luis Espa\u00f1a \u00abEl Diablo del Son\u00bb, a quien el p\u00fablico solicit\u00f3 una pieza fuera de programa y apel\u00f3 al mambo \u00abRico y sabroso\u00bb, del cubano Benny Mor\u00e9.<\/p>\n","protected":false},"excerpt":{"rendered":"<p>La jornada cumbre del IV Festival Internacional de Boleros herman\u00f3 el viernes en el Teatro Nacional Rub\u00e9n Dar\u00edo, las culturas musicales de 10 pa\u00edses latinoamericanos y caribe\u00f1os. El encuentro en el que participan cultivadores del g\u00e9nero procedentes de Colombia, Cuba, Ecuador, El Salvador, Guatemala, Honduras, M\u00e9xico, Panam\u00e1, Venezuela y el pa\u00eds sede, comenz\u00f3 el mi\u00e9rcoles [&hellip;]<\/p>\n","protected":false},"author":1,"featured_media":43313,"comment_status":"open","ping_status":"open","sticky":false,"template":"","format":"standard","meta":{"om_disable_all_campaigns":false,"_monsterinsights_skip_tracking":false,"_monsterinsights_sitenote_active":false,"_monsterinsights_sitenote_note":"","_monsterinsights_sitenote_category":0,"footnotes":""},"categories":[10,3524],"tags":[],"class_list":["post-43312","post","type-post","status-publish","format-standard","has-post-thumbnail","hentry","category-cultura","category-noticas"],"aioseo_notices":[],"_links":{"self":[{"href":"https:\/\/elcronistadigital.com\/index.php?rest_route=\/wp\/v2\/posts\/43312","targetHints":{"allow":["GET"]}}],"collection":[{"href":"https:\/\/elcronistadigital.com\/index.php?rest_route=\/wp\/v2\/posts"}],"about":[{"href":"https:\/\/elcronistadigital.com\/index.php?rest_route=\/wp\/v2\/types\/post"}],"author":[{"embeddable":true,"href":"https:\/\/elcronistadigital.com\/index.php?rest_route=\/wp\/v2\/users\/1"}],"replies":[{"embeddable":true,"href":"https:\/\/elcronistadigital.com\/index.php?rest_route=%2Fwp%2Fv2%2Fcomments&post=43312"}],"version-history":[{"count":1,"href":"https:\/\/elcronistadigital.com\/index.php?rest_route=\/wp\/v2\/posts\/43312\/revisions"}],"predecessor-version":[{"id":43314,"href":"https:\/\/elcronistadigital.com\/index.php?rest_route=\/wp\/v2\/posts\/43312\/revisions\/43314"}],"wp:featuredmedia":[{"embeddable":true,"href":"https:\/\/elcronistadigital.com\/index.php?rest_route=\/wp\/v2\/media\/43313"}],"wp:attachment":[{"href":"https:\/\/elcronistadigital.com\/index.php?rest_route=%2Fwp%2Fv2%2Fmedia&parent=43312"}],"wp:term":[{"taxonomy":"category","embeddable":true,"href":"https:\/\/elcronistadigital.com\/index.php?rest_route=%2Fwp%2Fv2%2Fcategories&post=43312"},{"taxonomy":"post_tag","embeddable":true,"href":"https:\/\/elcronistadigital.com\/index.php?rest_route=%2Fwp%2Fv2%2Ftags&post=43312"}],"curies":[{"name":"wp","href":"https:\/\/api.w.org\/{rel}","templated":true}]}}