{"id":43421,"date":"2016-02-22T14:35:23","date_gmt":"2016-02-22T20:35:23","guid":{"rendered":"http:\/\/elcronistadigital.com\/?p=43421"},"modified":"2016-02-22T14:35:23","modified_gmt":"2016-02-22T20:35:23","slug":"la-pelicula-imposible-sobre-facundo-cabral","status":"publish","type":"post","link":"https:\/\/elcronistadigital.com\/?p=43421","title":{"rendered":"La pel\u00edcula imposible sobre Facundo Cabral"},"content":{"rendered":"<div id=\"attachment_43422\" style=\"width: 310px\" class=\"wp-caption alignleft\"><a href=\"https:\/\/elcronistadigital.com\/wp-content\/uploads\/2016\/02\/facundo-Cabral-1.jpg\"><img loading=\"lazy\" decoding=\"async\" aria-describedby=\"caption-attachment-43422\" class=\"size-medium wp-image-43422\" alt=\"Facundo Cabral, cantautor argentino.\" src=\"https:\/\/elcronistadigital.com\/wp-content\/uploads\/2016\/02\/facundo-Cabral-1-300x223.jpg\" width=\"300\" height=\"223\" srcset=\"https:\/\/elcronistadigital.com\/wp-content\/uploads\/2016\/02\/facundo-Cabral-1-300x223.jpg 300w, https:\/\/elcronistadigital.com\/wp-content\/uploads\/2016\/02\/facundo-Cabral-1-342x254.jpg 342w, https:\/\/elcronistadigital.com\/wp-content\/uploads\/2016\/02\/facundo-Cabral-1-60x45.jpg 60w, https:\/\/elcronistadigital.com\/wp-content\/uploads\/2016\/02\/facundo-Cabral-1-150x113.jpg 150w, https:\/\/elcronistadigital.com\/wp-content\/uploads\/2016\/02\/facundo-Cabral-1-269x201.jpg 269w, https:\/\/elcronistadigital.com\/wp-content\/uploads\/2016\/02\/facundo-Cabral-1.jpg 484w\" sizes=\"auto, (max-width: 300px) 100vw, 300px\" \/><\/a><p id=\"caption-attachment-43422\" class=\"wp-caption-text\">Facundo Cabral, cantautor argentino.<\/p><\/div>\n<p>Urgente24<\/p>\n<p>La pel\u00edcula que contar\u00eda la vida de Facundo Cabral comenz\u00f3 a planificarse en vida del asesinado cantautor. Supuestamente en 2006 hubo un acuerdo entre el argentino y un entusiasta emprendedor colombiano que una d\u00e9cada despu\u00e9s no ha conseguido nada, pero acumul\u00f3 inversionistas desencantados. \u00c9l jura que este a\u00f1o ocurrir\u00e1 el despegue del proyecto pero ya cuesta mucho creerle.<\/p>\n<p>&#8212;-<\/p>\n<p>En el principio, all\u00e1 en La Plata, \u00e9l fue Rodolfo Enrique Cabral Cami\u00f1as. Despu\u00e9s fue el Indio Gasparino. M\u00e1s tarde fue Facundo Cabral, hasta que lo mataron, muy lejos, en Guatemala, el 09\/07\/2011, cuando ten\u00eda 74 a\u00f1os y 2 noches, antes hab\u00eda estremecido el escenario del Teatro Roma de Xela, tanto como 10 a\u00f1os antes.<\/p>\n<p>Alejandra Inzunza y Jos\u00e9 Luis Pardo contaron, en la revista El Gatopardo, que aquella noche \u00e9l, se despidi\u00f3 como si anticip\u00e1ndose a la tragedia: \u00abGracias por la amistad de tantos a\u00f1os. Sepan que fueron una parte importante de mi felicidad. Sepan que los voy a llevar en mi coraz\u00f3n hasta el momento final.\u00bb Le quedaban 7 horas de vida. Ser\u00eda acribillado camino al aeropuerto de la ciudad de Guatemala, donde quer\u00eda llegar para abordar un avi\u00f3n que lo llevara a Managua, donde seguir\u00eda la gira que deb\u00eda finalizar en su casa, la habitaci\u00f3n 509 del Suipacha Suites, en Ciudad de Buenos Aires.<\/p>\n<p>Curiosidad: las 25 balas eran para el empresario nicarag\u00fcense Henry Fari\u00f1as, un conocido de Cabral y admirador, quien iba al volante del Range Rover blanco. Pero 3 municiones se desviaron hacia Facundo y lo liquidaron. \u00bfQu\u00e9 pas\u00f3 con los guardaespaldas de Fari\u00f1as que iban en un Chevrolet Tahoe que no anticiparon la encerrona?<\/p>\n<p>Fari\u00f1as sobrevivi\u00f3 y se\u00f1al\u00f3 a Alejandro Jim\u00e9nez como el autor intelectual del asesinato, para el que se usaron una camioneta BMW X5, con un tal Elgin Vargas al comando para &#8216;marcar&#8217; el blanco y controlar el operativo, y otra Hyundai Santa Fe azul, que transportaba a los sicarios contratados para ejecutar el encargo, que unos dicen se tas\u00f3 en US$5.000 y otros sostienen que fue US$10.000, en cualquier caso ejecutado en 17 segundos.<\/p>\n<p>El relato agrega que el supuesto narcotraficante Jim\u00e9nez hab\u00eda intentado que Fari\u00f1as le cediera el Elite Night Club, de Managua, la capital de Nicaragua, para resarcirse de cierta deuda que dec\u00eda que Fari\u00f1as manten\u00eda con \u00e9l. Jim\u00e9nez no hab\u00eda tenido \u00e9xito y estaba furioso.<\/p>\n<p>Seg\u00fan el teniente Jos\u00e9 Le\u00f3n Gadea y el inspector Pedro Manuel S\u00e1nchez, de la polic\u00eda de Nicaragua, quienes segu\u00edan a Jim\u00e9nez, Fari\u00f1as hab\u00eda integrado la red que lideraban el ex policia mexicano Gabriel Maldonado Siller, el colombiano Francisco Garc\u00eda, alias &#8216;El Fresa&#8217;, y el citado Jim\u00e9nez, alias &#8216;el Palidejo&#8217;, que se llamaba Los Charros.<\/p>\n<p>O sea que Fari\u00f1as y Jim\u00e9nez fueron socios, y Cabral no ten\u00eda ni idea de lo que ocurr\u00eda entre Guatemala, Managua y San Jos\u00e9 de Costa Rica. Tampoco lo sab\u00eda su representante, David Llanos.<\/p>\n<p>Los investigadores afirman que Fari\u00f1as aprovech\u00f3 el desbande de las detenciones de Maldonado Siller y Garc\u00eda para robar mercanc\u00eda y ponerse por su cuenta. &#8216;El Palidejo&#8217; decidi\u00f3 reclamarle primero, y vengarse despu\u00e9s. Pero su sicario asesin\u00f3 a Cabral&#8230;<\/p>\n<p>Fari\u00f1as fue condenado a 30 a\u00f1os de prisi\u00f3n por tr\u00e1fico de drogas, lavado de dinero y crimen organizado.<\/p>\n<p>Lo de Jim\u00e9nez es m\u00e1s complejo a causa del asesinato de Cabral. A\u00fan no tiene condena aunque \u00e9l se encuentra en prisi\u00f3n.<\/p>\n<p>Aparece otra paradoja: Cabral, el asesinado, era profundamente creyente en un Dios muy presente; y Jim\u00e9nez, responsable de su muerte, estudi\u00f3 en el Colegio Claretiano (Alajuela, Costa Rica), le\u00eda la Biblia, era estudiante promedio, nada agresivo, ni mal hablado, ni vicioso, a quien llamaba &#8216;el Chavo&#8217; y egres\u00f3 en 1991&#8230;. Entonces \u00e9l cambi\u00f3 y se reconvirti\u00f3 en el personaje que montaba una Hummer, ten\u00eda un bunker en una quinta llamada El Retiro, y hab\u00eda &#8216;lavado&#8217; US$ 2 millones: falsificador de placas de taxis y licencias falsas, duplicador de tarjetas de cr\u00e9dito, convicto en la c\u00e1rcel de La Reforma (cerca de San Jos\u00e9), m\u00e1s tarde narco.<\/p>\n<p>Hoy d\u00eda \u00e9l se encuentra recluido en una celda de 4 por 4 en la prisi\u00f3n de Fraijanes 2, en las afueras de Ciudad de Guatemala. Tuvo que ser trasladado de c\u00e1rcel, debido a las amenazas de muerte de otros. \u00c9l vive aislado y recibe alguna que otra visita cada 22 d\u00edas.<\/p>\n<p>Luego del asesinato de Cabral, Jim\u00e9nez estuvo 8 meses escondido en Panam\u00e1, protegido por otros narcotraficantes. Lo detuvieron cuando se aventur\u00f3 m\u00e1s all\u00e1 de ese territorio, en la Bah\u00eda de Solano, en el departamento del Choc\u00f3, Colombia.<\/p>\n<p>Personaje casi incre\u00edble Facundo Cabral. Y todos los acontecimientos que lo acompa\u00f1aron a\u00fan en su muerte, tambi\u00e9n resultan llamativos.<\/p>\n<p>Para probar lo que se dice, aqu\u00ed algunas confesiones de una muy larga entrevista a Facundo Cabral que le hizo Ariel Magnus, tambi\u00e9n para El Gatopardo, como para recordar al personaje:<\/p>\n<p>&gt; \u00abSara, mi madre, me anot\u00f3 cuando yo ten\u00eda siete u ocho a\u00f1os. Ella cre\u00eda que yo hab\u00eda nacido en el 37 y hacia finales de mayo. Por eso cuando me preguntan de qu\u00e9 signo soy les digo que le vayan a consultar a mi vieja.\u00bb<\/p>\n<p>&gt; \u00abHace poco estaba cruzando una plaza de Buenos Aires y una se\u00f1ora se qued\u00f3 mir\u00e1ndome como si viera un fantasma. Me dijo: \u00bfUsted fue Facundo Cabral? Yo pens\u00e9 que hac\u00eda a\u00f1os que se hab\u00eda muerto. Qu\u00e9 jodido se lo ve.\u00bb<\/p>\n<p>&gt; \u00abMe va llegando la hora, y la idea es terminar mis d\u00edas como los viv\u00ed: en un hotel y entre libros.\u00bb<\/p>\n<p>&gt; \u00abMi madre me dec\u00eda Facundo, pero me anot\u00f3 como Rodolfo, el nombre de mi padre, porque en esa \u00e9poca los nombres de los caudillos como Facundo Quiroga estaban prohibidos.\u00bb<\/p>\n<p>&gt; \u00abYo ten\u00eda lo que en esa \u00e9poca se llamaba debilidad mental. Los m\u00e9dicos le dijeron a mi madre que no se hiciera muchas expectativas porque iba a ser muy dif\u00edcil que alguna vez su hijo pudiera hacer un trabajo intelectual o responsable. Tengo muy presente la respuesta de mi madre: \u00abNo importa, con lo que haya vamos a hacer lo m\u00e1ximo\u00bb.\u00bb<\/p>\n<p>&gt; \u00abEra el a\u00f1o &#8217;46, Per\u00f3n reci\u00e9n hab\u00eda subido y yo hab\u00eda escuchado que daba trabajo. Por eso me fui a Buenos Aires a ped\u00edrselo. Cuando llegu\u00e9, en la estaci\u00f3n de trenes de Constituci\u00f3n le pregunto a un tipo d\u00f3nde pod\u00eda hablar con el presidente Per\u00f3n. Entonces el tipo me dice: \u00abEs f\u00e1cil, \u00bfves esta avenida grande? Es la 9 de Julio. Vos segu\u00ed derecho y doblas en la Avenida de Mayo. Caminas unas cinco cuadras y llegas a una plaza, ah\u00ed vas a ver una casa pintada de rosado\u00bb. Yo ya me iba cuando el tipo me par\u00f3. Se dio cuenta de que me lo hab\u00eda tomado en serio. \u00abEs dif\u00edcil que te atienda, los presidentes son personas muy ocupadas\u00bb. Entonces me explic\u00f3 que Per\u00f3n iba a ir a un Te Deum en la catedral de La Plata al otro d\u00eda. Dej\u00f3 el negocio para comprarme un pasaje, un s\u00e1ndwich y una cosa que se llamaba Bid\u00fa Cola.\u00bb<\/p>\n<p>&gt; \u00abDorm\u00ed en la vereda, cerca de la catedral. A la ma\u00f1ana empez\u00f3 a llegar gente y gente. No terminaba nunca. S\u00f3lo volv\u00ed a ver algo as\u00ed en la India o en China. A eso de las doce apareci\u00f3 el auto. Tengo la imagen ac\u00e1, como una pel\u00edcula. Era una escena para Visconti. Dobla el auto descapotable. Atr\u00e1s, de pie y a la derecha, iba Per\u00f3n, y Evita a su lado, saludando. Cuando el auto de Per\u00f3n estuvo cerca pas\u00e9 el cord\u00f3n de seguridad y un polic\u00eda me alcanz\u00f3, pero como Per\u00f3n estaba saludando para ese lado le dijo que me soltara. Los autos en esa \u00e9poca ten\u00edan estribo, me sub\u00ed y Per\u00f3n me dice: \u00ab\u00bfQuer\u00edas hablar conmigo?\u00bb.\u00bb<\/p>\n<p>&gt; \u00abCuando llegu\u00e9, mi madre no lo pod\u00eda creer. Me hab\u00eda dado por perdido y tres meses m\u00e1s tarde aparec\u00ed en avi\u00f3n y con una carta personal de Eva Per\u00f3n ofreci\u00e9ndole trabajo de celadora en una escuela de Tandil, al sur de la provincia de Buenos Aires.\u00bb<\/p>\n<p>Magnus, el periodista, no se entretiene con el recuerdo y plantea una reflexi\u00f3n sobre Cabral: \u00abA lo largo de una vida rica en reportajes Facundo cont\u00f3 varias veces esta historia, siempre de forma diferente. A veces el viaje hacia el sur era en tren, a veces Evita interviene m\u00e1s tarde y para llevar a su madre a la capital, a veces el padre los abandona cuando \u00e9l ya tiene varios a\u00f1os, a veces el viaje no es desde la Patagonia sino desde el sur de la provincia de Buenos Aires, a veces su madre est\u00e1 con \u00e9l. Como en el caso de las leyendas que conforman el folclore de una regi\u00f3n, las versiones que Facundo da de su ni\u00f1ez coinciden en los temas centrales (el viaje inici\u00e1tico, el ni\u00f1o de pueblo que llega a la gran ciudad, el amor filial por la madre) y en el hecho de que est\u00e1n bien contadas. Con eso basta para darlas por m\u00e1s o menos ciertas o \u00e9se es, en todo caso, el pacto que nos pide Facundo para entrar en su mundo, donde la mitoman\u00eda no es m\u00e1s que un recurso ret\u00f3rico y las contradicciones no deben distraernos de la moraleja. \u00abEstoy cansado de la sinceridad, prefiero el ingenio\u00bb, escribi\u00f3 alguna vez este gran fabulador. Como los metaf\u00edsicos de Tl\u00f6n, por momentos Facundo no parece buscar la verdad ni aun la verosimilitud sino el asombro. Y lo logra\u00bb.<\/p>\n<p>Por estas cuestiones es imprescindible que Cabral tenga o su pel\u00edcula o una miniserie o un biopic televisivo, un Facundo para las masas.<\/p>\n<p>No obstante, esto es un tema escabroso. En la Fiscal\u00eda General de Colombia hay 11 denuncias en contra del colombiano Ramier Ayala Cabrera, exvendedor de productos de Omnilife y un audaz en el negocio de la producci\u00f3n de pel\u00edculas, quien escribe y reescribe desde hace tiempo una pel\u00edcula sobre Facundo Cabral.<\/p>\n<p>De las denuncias, 9 de ellas ya fueron archivadas pero 2 est\u00e1n vigentes y van desde estafa hasta violaci\u00f3n de derechos patrimoniales de autor.<\/p>\n<p>Seg\u00fan Ayala, \u00e9l conoci\u00f3 a Cabral en 2006, se hicieron amigos y se pact\u00f3 la pel\u00edcula, a cargo de su 1996 Films. Algunos inversionistas se encuentran molestos con Ayala porque dicen que 10 a\u00f1os antes invirtieron dinero y no se ha rodado ni la primera escena.<\/p>\n<p>En verdad, en 2010 Cabral ya no confiaba en Ayala para concretar el proyecto. Pero parece que hab\u00eda firmado un contrato y luego lo mataron.<\/p>\n<p>Pero en aquel 2010 Ayala dec\u00eda haber contratado al espa\u00f1ol Imanol Uribe Bilbao para dirigir el largometraje, al guionista Ignacio del Moral, a Ricardo Wullicher como productor ejecutivo y a Marina Valentini como directora de producci\u00f3n.<\/p>\n<p>Ayala Cabrera afirma contar con un contrato de cesi\u00f3n de derechos de autor para la producci\u00f3n de la pel\u00edcula, firmado y autenticado por Facundo Cabral, y m\u00e1s de 40 horas de grabaci\u00f3n donde Cabral cuenta las situaciones m\u00e1s importantes de su vida. Seg\u00fan \u00e9l, en julio de 2016 se iniciar\u00e1 el rodaje, que esta vez va en serio, con la direcci\u00f3n del mexicano Carlos Bolado, quien dirigi\u00f3 \u00abSolo Dios sabe\u00bb y fue nominado a un Oscar por la pel\u00edcula documental Promises (2001).<\/p>\n<p>Veremos veremos&#8230; y despu\u00e9s lo sabremos.<\/p>\n","protected":false},"excerpt":{"rendered":"<p>Urgente24 La pel\u00edcula que contar\u00eda la vida de Facundo Cabral comenz\u00f3 a planificarse en vida del asesinado cantautor. Supuestamente en 2006 hubo un acuerdo entre el argentino y un entusiasta emprendedor colombiano que una d\u00e9cada despu\u00e9s no ha conseguido nada, pero acumul\u00f3 inversionistas desencantados. \u00c9l jura que este a\u00f1o ocurrir\u00e1 el despegue del proyecto pero [&hellip;]<\/p>\n","protected":false},"author":1,"featured_media":43422,"comment_status":"open","ping_status":"open","sticky":false,"template":"","format":"standard","meta":{"om_disable_all_campaigns":false,"_monsterinsights_skip_tracking":false,"_monsterinsights_sitenote_active":false,"_monsterinsights_sitenote_note":"","_monsterinsights_sitenote_category":0,"footnotes":""},"categories":[10,3524],"tags":[],"class_list":["post-43421","post","type-post","status-publish","format-standard","has-post-thumbnail","hentry","category-cultura","category-noticas"],"aioseo_notices":[],"_links":{"self":[{"href":"https:\/\/elcronistadigital.com\/index.php?rest_route=\/wp\/v2\/posts\/43421","targetHints":{"allow":["GET"]}}],"collection":[{"href":"https:\/\/elcronistadigital.com\/index.php?rest_route=\/wp\/v2\/posts"}],"about":[{"href":"https:\/\/elcronistadigital.com\/index.php?rest_route=\/wp\/v2\/types\/post"}],"author":[{"embeddable":true,"href":"https:\/\/elcronistadigital.com\/index.php?rest_route=\/wp\/v2\/users\/1"}],"replies":[{"embeddable":true,"href":"https:\/\/elcronistadigital.com\/index.php?rest_route=%2Fwp%2Fv2%2Fcomments&post=43421"}],"version-history":[{"count":1,"href":"https:\/\/elcronistadigital.com\/index.php?rest_route=\/wp\/v2\/posts\/43421\/revisions"}],"predecessor-version":[{"id":43423,"href":"https:\/\/elcronistadigital.com\/index.php?rest_route=\/wp\/v2\/posts\/43421\/revisions\/43423"}],"wp:featuredmedia":[{"embeddable":true,"href":"https:\/\/elcronistadigital.com\/index.php?rest_route=\/wp\/v2\/media\/43422"}],"wp:attachment":[{"href":"https:\/\/elcronistadigital.com\/index.php?rest_route=%2Fwp%2Fv2%2Fmedia&parent=43421"}],"wp:term":[{"taxonomy":"category","embeddable":true,"href":"https:\/\/elcronistadigital.com\/index.php?rest_route=%2Fwp%2Fv2%2Fcategories&post=43421"},{"taxonomy":"post_tag","embeddable":true,"href":"https:\/\/elcronistadigital.com\/index.php?rest_route=%2Fwp%2Fv2%2Ftags&post=43421"}],"curies":[{"name":"wp","href":"https:\/\/api.w.org\/{rel}","templated":true}]}}