{"id":43439,"date":"2016-02-24T07:34:14","date_gmt":"2016-02-24T13:34:14","guid":{"rendered":"http:\/\/elcronistadigital.com\/?p=43439"},"modified":"2016-02-24T07:37:43","modified_gmt":"2016-02-24T13:37:43","slug":"centenario-de-dario-un-poeta-para-poetas","status":"publish","type":"post","link":"https:\/\/elcronistadigital.com\/?p=43439","title":{"rendered":"Centenario de Dar\u00edo: un poeta para poetas"},"content":{"rendered":"<p><a href=\"https:\/\/elcronistadigital.com\/wp-content\/uploads\/2016\/02\/Rub\u00e9n-Dar\u00edo6.jpg\"><img loading=\"lazy\" decoding=\"async\" class=\"alignleft size-medium wp-image-43440\" alt=\"Rub\u00e9n Dar\u00edo6\" src=\"https:\/\/elcronistadigital.com\/wp-content\/uploads\/2016\/02\/Rub\u00e9n-Dar\u00edo6-240x300.jpg\" width=\"240\" height=\"300\" srcset=\"https:\/\/elcronistadigital.com\/wp-content\/uploads\/2016\/02\/Rub\u00e9n-Dar\u00edo6-240x300.jpg 240w, https:\/\/elcronistadigital.com\/wp-content\/uploads\/2016\/02\/Rub\u00e9n-Dar\u00edo6.jpg 660w\" sizes=\"auto, (max-width: 240px) 100vw, 240px\" \/><\/a>Sara Rosal\u00eda<br \/>\nSiempre.com.mx<\/p>\n<p>Muy antiguo y muy moderno<\/p>\n<p>Mientras los poetas rom\u00e1nticos, en busca de la libertad, trasgred\u00edan las normas literarias; los modernistas, con Dar\u00edo a la cabeza, exploraban, o recuperaban formas olvidadas o de otras latitudes, metros, como el alejandrino (verso de 14 s\u00edlabas), rimas, como el monorrimo, ritmos poco frecuentes como en \u201cLa princesa est\u00e1 triste, \u00bfqu\u00e9 tendr\u00e1 la princesa?\u201d El soneto, no en endecas\u00edlabos, sino en alejandrinos, se considera una innovaci\u00f3n de Dar\u00edo tomada no de Berceo, su maestro, sino de los parnasianos franceses, sus otros modelos. Poes\u00eda culta, de un poeta para poetas.<\/p>\n<p>Para Dar\u00edo, el arte existe. Escribe sobre muchos otros poetas, famosos son los versos en que se define a s\u00ed mismo en el inicio de Cantos de vida y esperanza:<\/p>\n<p>y muy siglo diez y ocho y muy antiguo<br \/>\ny muy moderno; audaz, cosmopolita;<br \/>\ncon Hugo fuerte y con Verlaine ambiguo,<br \/>\ny una sed de ilusiones infinitas.<\/p>\n<p>En el poema dedicado a Gonzalo de Berceo, poeta del siglo XIII explica:<\/p>\n<p>As\u00ed procuro que en la luz resalte<br \/>\ntu antiguo verso, cuyas alas doro<br \/>\ny hago brillar con mi moderno esmalte<\/p>\n<p>La belleza absoluta<\/p>\n<p>Evoca a escritores, como G\u00f3ngora o Valle-Incl\u00e1n, pero tambi\u00e9n a pintores afines como Corot, Botticelli, Fra Angelico, el simbolista Puvis de Chavannes, el prerrafalita Burne-Jones y sobre todo, Watteau. Los raros, cuyo original acaba de entregar Chile a Nicaragua, exalta otras filias po\u00e9ticas, varios simbolistas franceses y, entre otros, a Jos\u00e9 Mart\u00ed. Lautr\u00e9amot, caro a los surrealistas, tambi\u00e9n merece la atenci\u00f3n de Dar\u00edo, pero creo que debe tomarse en cuenta que Poe, que daba tanta importancia a la musicalidad, forma parte de Los raros.<\/p>\n<p>Esta aparici\u00f3n del arte en el arte relaciona a Dar\u00edo con un movimiento m\u00e1s amplio, con Wilde, con Proust, con Ruskin, con Beardsley e incluso con los Ballets Rusos de Diaguilev y la prosa de Turguenev. Es un momento en que la historia del arte alcanza la belleza absoluta, la perfecci\u00f3n, una especie de non plus ultra. Despu\u00e9s de ellos, estoy pesando en Turguenev, al arte s\u00f3lo le queda desmelenarse, tomar el camino de la pasi\u00f3n, quebrar las aguas tranquilas del lago y hacer que las olas se estrellen en el acantilado. \u00bfPor qu\u00e9 ocurre esto? Precisamente porque los modernistas trabajan con materiales d\u00f3ciles, bellos de por s\u00ed. Dar\u00edo prodiga los cisnes, las ninfas, las piedras preciosas y las semipreciosas, los muebles y telas suntuosos, la champa\u00f1a y el vino.<\/p>\n<p>El Par\u00eds galante<\/p>\n<p>Manuel Guti\u00e9rrez N\u00e1jera, precursor del Modernismo, se sue\u00f1a en Par\u00eds, pero multiplica los seud\u00f3nimos para cobrar unos pesos por sus colaboraciones period\u00edsticas.<\/p>\n<p>En su famoso pr\u00f3logo a Azul, Valera acusa a Dar\u00edo de \u201cgalicismo mental\u201d. Amado Nervo y Rub\u00e9n Dar\u00edo, las dos cumbres del Modernismo, viven all\u00e1. (Nervo es testigo de la inauguraci\u00f3n de la Torre Eiffel y la describe de modo insuperable). El viaje a Italia de Dar\u00edo en busca de peque\u00f1as iglesias guiado por la revaluaci\u00f3n de esos lugares de Ruskin influye de modo profundo en su visi\u00f3n del mundo, que debe mucho a los primitivos italianos, como Giotto o Fra Angelico y en general a los frescos, que, por cierto, tambi\u00e9n sirven de base al muralismo mexicano.<\/p>\n<p>Wilde expresa el arte como modelo del arte de manera perfecta, cuando plantea la supremac\u00eda del cr\u00edtico sobre el artista, porque considera que el artista se enfrenta a la vida, como dec\u00eda Alfonso Reyes: hace de tripas, (la vida) coraz\u00f3n (el arte), mientras el cr\u00edtico contempla el arte, por lo que est\u00e1 en un estadio superior. Hay en estas expresiones art\u00edsticas, un audaz formalismo, que el gran bailar\u00edn Nijinski resiente al quejarse con Diaguilev: \u201cla pr\u00f3xima vez llama a ensayar al vestuario\u201d. Es el arte barroco, sin religi\u00f3n, vuelto dom\u00e9stico, el rococ\u00f3.<\/p>\n<p>Era carne viva<\/p>\n<p>En el poema que citamos al principio, el primero de Cantos de vida y esperanza, Dar\u00edo se refiere a sus dos poemarios Azul y Prosas profanas y traza en unas l\u00edneas su mundo, que equivale a decir el del modernismo:<\/p>\n<p>Yo soy aquel que ayer no m\u00e1s dec\u00eda<br \/>\nel verso azul y la canci\u00f3n profana,<br \/>\nen cuya noche un ruise\u00f1or hab\u00eda<br \/>\nque era alondra de luz por la ma\u00f1ana.<\/p>\n<p>El due\u00f1o fui de mi jard\u00edn de sue\u00f1o,<br \/>\nlleno de rosas y de cisnes vagos,<br \/>\nel due\u00f1o de las t\u00f3rtolas, el due\u00f1o<br \/>\nde g\u00f3ndolas y liras en los lagos.<\/p>\n<p>Ese hermoso e id\u00edlico mundo po\u00e9tico casi nunca es habitable. Dar\u00edo acaba por vivir con Francisca S\u00e1nchez del Pozo, que unos hacen empleada dom\u00e9stica del poeta Villaespesa y otros, los m\u00e1s, hija del jardinero real de Alfonso XIII. Todos coinciden que era analfabeta, y que Dar\u00edo y Nervo le ense\u00f1aron a leer. Nervo la llamaba Princesa Paca. Se conocieron en 1899, vivieron 17 a\u00f1os juntos y tuvieron cuatro hijos. Pero todo esto importa realmente poco.<\/p>\n<p>Unas estrofas despu\u00e9s de las citas arriba, Dar\u00edo se sincera:<\/p>\n<p>En mi jard\u00edn se vio una estatua bella,<br \/>\nSe juzg\u00f3 m\u00e1rmol y era carne viva,<br \/>\nUn alma joven habitaba en ella,<br \/>\nSentimental, sensible, sensitiva.<\/p>\n<p>La sinceridad no impide que el poeta use otra de las astucias del modernismo: las aliteraciones, que aparecen en el \u00faltimo verso. Aunque para aliteraciones \u00e9sta que equipara la risa de la \u201cMarquesa Eulalia\u201d con un p\u00e1jaro:<\/p>\n<p>\u00a1Amoroso p\u00e1jaro que trinos exhala<br \/>\nbajo el ala a veces ocultando el pico,<br \/>\nque desdenes rudos lanza bajo el ala<br \/>\nbajo el ala aleve del leve abanico!<\/p>\n<p>Y no resisto citar la siguiente estrofa en donde aparece en comparaci\u00f3n insuperable uno de los cisnes de Dar\u00edo:<\/p>\n<p>Y el eb\u00farneo cisne, sobre el quieto estanque<br \/>\ncomo blanca g\u00f3ndola imprima su estela.<\/p>\n<p>Dar\u00edo, escritor comprometido<\/p>\n<p>Hay sobre el modernismo americano dos posiciones predominantes, la de Max Henr\u00edquez Ure\u00f1a en su no tan Breve historia del modernismo y la de Juan Ram\u00f3n Jim\u00e9nez en sus conferencias sobre el tema en Puerto Rico. El primero plantea que el lujo, con las importaciones, y el despegue econ\u00f3mico de las clases altas de Am\u00e9rica Latina y el Caribe, colocaron ante los ojos de los poetas las sedas, los brocados e incluso las chiner\u00edas y japoner\u00edas. Seg\u00fan el dominicano Max Henr\u00edquez Ure\u00f1a, no imaginan, copian del natural. La idea de Juan Ram\u00f3n Jim\u00e9nez es opuesta: supone que horrorizados de la miseria reinante, los poetas prefieren mirar hacia otro lado, imaginar un mundo id\u00edlico.<\/p>\n<p>El propio Juan Ram\u00f3n Jim\u00e9nez, que se acepta como disc\u00edpulo de Dar\u00edo, saca poes\u00eda de un burro: \u201cPlatero es peque\u00f1o, peludo y suave; tan blando por fuera que se dir\u00eda todo de algod\u00f3n, que no lleva huesos. S\u00f3lo los espejos de azabache de sus ojos son duros\u201d<\/p>\n<p>Pero regreso a Dar\u00edo. Cuando el sandinismo estall\u00f3 en Nicaragua y comenz\u00f3 a publicar antolog\u00edas de poes\u00eda revolucionaria, resulta que cada colecci\u00f3n se iniciaba con un poema de Dar\u00edo. No se forzaba su poes\u00eda, ah\u00ed estaba su cr\u00edtica a la pol\u00edtica expansionista de los Estados Unidos que se acaba de apoderar de Panam\u00e1 al separarla de Colombia:<\/p>\n<p>Eres los Estados Unidos,<br \/>\neres el futuro invasor<br \/>\nde la Am\u00e9rica ingenua que tiene sangre ind\u00edgena<br \/>\nque a\u00fan reza a Jesucristo y a\u00fan habla en espa\u00f1ol.<\/p>\n<p>Y esta otra estrofa:<\/p>\n<p>Crees que la vida es incendio.<br \/>\nque el progreso es erupci\u00f3n,<br \/>\nque en donde pones la bala<br \/>\nel porvenir pones.<br \/>\nNo.<\/p>\n<p>Amante de los versos largos, Dar\u00edo aqu\u00ed termina con un monos\u00edlabo \u201cno\u201d e igual hace en las versos finales dl poema: \u201cY, pues cont\u00e1is con todo, falta una cosa: \u00a1Dios!\u201d Al publicar este poema Juan Ram\u00f3n Jim\u00e9nez, Dar\u00edo le insiste en que la palabra \u201cno\u201d quede solitaria en una sola l\u00ednea y de su pu\u00f1o y letra aclara que es cuesti\u00f3n de \u201cest\u00e9tica pol\u00edtica\u201d.<\/p>\n<p>Aqu\u00ed Dar\u00edo retoma la actitud de Jos\u00e9 Enrique Rod\u00f3 en Ariel al atribuir lo material a los estadounidenses y la espiritualidad a Nuestra Am\u00e9rica, sobre el pasado ind\u00edgena escribe en la introducci\u00f3n a Prosas profanas: \u201cSi hay poes\u00eda en nuestra Am\u00e9rica, ella est\u00e1 en las cosas viejas \u2026 en el indio legendario, y en el inca sensual y fino, y en el gran Moctezuma de la silla de oro. Lo dem\u00e1s es tuyo, dem\u00f3crata Walt Whitman\u201d.<\/p>\n<p>Centenario luctuoso<\/p>\n<p>Se cumplieron este 6 de febrero los cien a\u00f1os de la muerte del poeta nicarag\u00fcense. Rub\u00e9n Dar\u00edo es su seud\u00f3nimo, su nombre era F\u00e9lix Rub\u00e9n Garc\u00eda Sarmiento. Es sabido que lo casaron a punta de pistola con Rosario Murillo, que estaba embarazada, pero a pesar de que existe la Ley Dar\u00edo con ese prop\u00f3sito, nunca pudo divorciarse de esta segunda esposa, por eso no pudo contraer matrimonio con la Princesa Paca. Su primera esposa fue Rafaela Contreras de quien qued\u00f3 viudo. A Francisca S\u00e1nchez la quiso y lo quiso. El secreto de ella es la clave de todos los amantes: am\u00e9 al hombre, no al nombre. Ella lo alejaba temporalmente del alcohol, que habr\u00eda de matarlo, pues Dar\u00edo muri\u00f3 de cirrosis, no en Espa\u00f1a, donde estaban su mujer y sus hijos, sino en su natal Nicaragua, adonde viaj\u00f3 para morir. Dar\u00edo beb\u00eda principalmente ginebra, que como se sabe no es bebida natural, sino qu\u00edmica, aunque no tan peligrosa como el ajenjo.<\/p>\n<p>Entre sus enemigos, Jos\u00e9 Santos Chocano y Miguel de Unamuno. Sus amigos ya est\u00e1n mencionados arriba: Amado Nervo, Valle-Incl\u00e1n, Francisco Villaespesa, Juan Ram\u00f3n Jim\u00e9nez. Hay estatuas en honor de Dar\u00edo en Palma de Mallorca, en Argentina y en Madrid. Se calculan unas 15, sobre todo en Le\u00f3n. En Managua, un hermoso teatro lleva su nombre.<\/p>\n<p>Su muerte ocurri\u00f3 el 6 de febrero de 1915 a las 10.15. Ten\u00eda 49 a\u00f1os. Alejandro Torralba que estaba presente, rompi\u00f3 la cuerda del reloj para conservar la hora. Todas las campanas de Le\u00f3n repicaron y se escucharon los 21 ca\u00f1onazos. Se le rindieron honores a su cad\u00e1ver embalsamado varios d\u00edas y fue enterrado el domingo 13 de febrero. Las naciones centroamericanas y la Argentina le rindieron honores en sus funerales. Se dice que Francisca S\u00e1nchez escuch\u00f3 en Madrid que hab\u00eda muerto un pr\u00edncipe y s\u00f3lo al comunic\u00e1rselo los amigos supo que era Dar\u00edo, el pr\u00edncipe de las letras.<\/p>\n<p>Ella volvi\u00f3 a casarse en 1921 con Jos\u00e9 Villacast\u00edn, hombre de dinero que gast\u00f3 una fortuna en fundar una editorial para editar las obras de Dar\u00edo. El matrimonio viaj\u00f3 a Nicaragua a visitar la tumba del poeta- Aconsejada por la escritora Carmen Conde, la Princesa Paca don\u00f3 a Espa\u00f1a recortes, cartas, documentos y objetos personales del poeta que atesoraba en un ba\u00fal azul, comprado cuando la pareja vivi\u00f3 en Par\u00eds. Francisca S\u00e1nchez del Pozo muri\u00f3 en 1963. Uno de los hijos de ambos, Rub\u00e9n Dar\u00edo S\u00e1nchez, \u201cG\u00fcicho\u201d, \u00fanico que sobrevivi\u00f3 a su padre, se dice que muri\u00f3 en M\u00e9xico.<\/p>\n","protected":false},"excerpt":{"rendered":"<p>Sara Rosal\u00eda Siempre.com.mx Muy antiguo y muy moderno Mientras los poetas rom\u00e1nticos, en busca de la libertad, trasgred\u00edan las normas literarias; los modernistas, con Dar\u00edo a la cabeza, exploraban, o recuperaban formas olvidadas o de otras latitudes, metros, como el alejandrino (verso de 14 s\u00edlabas), rimas, como el monorrimo, ritmos poco frecuentes como en \u201cLa [&hellip;]<\/p>\n","protected":false},"author":1,"featured_media":43440,"comment_status":"open","ping_status":"open","sticky":false,"template":"","format":"standard","meta":{"om_disable_all_campaigns":false,"_monsterinsights_skip_tracking":false,"_monsterinsights_sitenote_active":false,"_monsterinsights_sitenote_note":"","_monsterinsights_sitenote_category":0,"footnotes":""},"categories":[10,3524],"tags":[],"class_list":["post-43439","post","type-post","status-publish","format-standard","has-post-thumbnail","hentry","category-cultura","category-noticas"],"aioseo_notices":[],"_links":{"self":[{"href":"https:\/\/elcronistadigital.com\/index.php?rest_route=\/wp\/v2\/posts\/43439","targetHints":{"allow":["GET"]}}],"collection":[{"href":"https:\/\/elcronistadigital.com\/index.php?rest_route=\/wp\/v2\/posts"}],"about":[{"href":"https:\/\/elcronistadigital.com\/index.php?rest_route=\/wp\/v2\/types\/post"}],"author":[{"embeddable":true,"href":"https:\/\/elcronistadigital.com\/index.php?rest_route=\/wp\/v2\/users\/1"}],"replies":[{"embeddable":true,"href":"https:\/\/elcronistadigital.com\/index.php?rest_route=%2Fwp%2Fv2%2Fcomments&post=43439"}],"version-history":[{"count":2,"href":"https:\/\/elcronistadigital.com\/index.php?rest_route=\/wp\/v2\/posts\/43439\/revisions"}],"predecessor-version":[{"id":43442,"href":"https:\/\/elcronistadigital.com\/index.php?rest_route=\/wp\/v2\/posts\/43439\/revisions\/43442"}],"wp:featuredmedia":[{"embeddable":true,"href":"https:\/\/elcronistadigital.com\/index.php?rest_route=\/wp\/v2\/media\/43440"}],"wp:attachment":[{"href":"https:\/\/elcronistadigital.com\/index.php?rest_route=%2Fwp%2Fv2%2Fmedia&parent=43439"}],"wp:term":[{"taxonomy":"category","embeddable":true,"href":"https:\/\/elcronistadigital.com\/index.php?rest_route=%2Fwp%2Fv2%2Fcategories&post=43439"},{"taxonomy":"post_tag","embeddable":true,"href":"https:\/\/elcronistadigital.com\/index.php?rest_route=%2Fwp%2Fv2%2Ftags&post=43439"}],"curies":[{"name":"wp","href":"https:\/\/api.w.org\/{rel}","templated":true}]}}