{"id":43480,"date":"2016-02-29T08:20:29","date_gmt":"2016-02-29T14:20:29","guid":{"rendered":"http:\/\/elcronistadigital.com\/?p=43480"},"modified":"2016-02-29T08:20:29","modified_gmt":"2016-02-29T14:20:29","slug":"ano-bisiesto-ano-siniestro","status":"publish","type":"post","link":"https:\/\/elcronistadigital.com\/?p=43480","title":{"rendered":"A\u00f1o bisiesto, \u00bfa\u00f1o siniestro?"},"content":{"rendered":"<p><span style=\"color: #993300;\"><em><strong><a href=\"https:\/\/elcronistadigital.com\/wp-content\/uploads\/2016\/02\/bisiesto.jpg\"><img loading=\"lazy\" decoding=\"async\" class=\"alignleft size-full wp-image-43481\" alt=\"bisiesto\" src=\"https:\/\/elcronistadigital.com\/wp-content\/uploads\/2016\/02\/bisiesto.jpg\" width=\"473\" height=\"322\" srcset=\"https:\/\/elcronistadigital.com\/wp-content\/uploads\/2016\/02\/bisiesto.jpg 473w, https:\/\/elcronistadigital.com\/wp-content\/uploads\/2016\/02\/bisiesto-300x204.jpg 300w, https:\/\/elcronistadigital.com\/wp-content\/uploads\/2016\/02\/bisiesto-342x232.jpg 342w\" sizes=\"auto, (max-width: 473px) 100vw, 473px\" \/><\/a>* Hasta hace algunos a\u00f1os era inevitable que en Nicaragua las personas mayores sintieran temor por el arribo de un calendario con 366 d\u00edas en vez de los 365 \u201cnormales\u201d. No es un recelo producto de nuestro provincianismo tercermundista, el miedo a lo funesto es mundial.<\/strong><\/em><\/span><\/p>\n<p>\u00abA\u00f1o bisiesto, a\u00f1o siniestro\u00bb, reza el refranero y sentencia la creencia popular. Cada cuatro a\u00f1os el almanaque suma un d\u00eda, pero tambi\u00e9n decenas de mitos que conviven con nosotros durante los 366 d\u00edas. Porque a lo largo de la historia, el 29 de febrero ha tra\u00eddo de la mano algunos terribles acontecimientos que han sentado un precedente dif\u00edcil de eliminar: cat\u00e1strofes, asesinatos, y toda clase de desastres han sacudido la historia cada a\u00f1o bisiesto, provocando as\u00ed que estas fechas sean consideradas de mal fario.<\/p>\n<p>El a\u00f1o bisiesto permite recuperar las seis horas que cada a\u00f1o pierde la tierra. El 29 de febrero es el d\u00eda escogido para corregir el desfase natural de cada uno de nuestros a\u00f1os (que en realidad duran 365 d\u00edas, 5 horas, 48 minutos y 45,25 segundos. La acumulaci\u00f3n de estas horas en un solo d\u00eda de cada cuatro a\u00f1os nos permite mantener el calendario, porque de no existir el 29 de febrero, perder\u00edamos 25 d\u00edas cada siglo, provocando un importante desajuste en las estaciones del a\u00f1o. Y es que de no haber inventado los a\u00f1os bisiestos hoy estar\u00edamos con las chanclas y el ba\u00f1ador, en julio del 2017.<\/p>\n<p>A\u00f1o bisiesto, las grandes tragedias<\/p>\n<p>El calendario gregoriano tiene otra regla para explicar c\u00f3mo calcular un a\u00f1o bisiesto: si es divisible entre 4, a menos que sea divisible entre 100. Sin embargo, si un a\u00f1o es divisible entre 400, tambi\u00e9n resulta a\u00f1o bisiesto. Esto elimina los a\u00f1os finiseculares, es decir, los \u00faltimos de cada siglo, que han de terminar en 00 y cuyo siglo no es m\u00faltiplo de 4.<\/p>\n<p>No obstante, n\u00fameros aparte, lo que parece un simple mecanismo de correcci\u00f3n se ha convertido en toda una fuente de leyendas y mitos, que, eso s\u00ed, tienen algunas bases sobre las que asentarse. Y para los incr\u00e9dulos, algunas muestras de que los a\u00f1os bisiestos han venido acompa\u00f1ados de algunos desastres. Pasen y vean.<\/p>\n<p>Fat\u00eddico fue el a\u00f1o bisiesto 1912, cuando el Titanic se convierte en uno de los protagonistas del siglo pasado al hundirse frente a las costas de Terranova. La de este barco se convirti\u00f3 en una de las mayores cat\u00e1strofes de la historia con m\u00e1s de 1500 v\u00edctimas a sus espaldas y una serie de errores que indignaron y conmocionaron al mundo entero. El Titanic es quiz\u00e1s uno de los barcos m\u00e1s famosos de la historia, y su leyenda sigue viva a d\u00eda de hoy, alimentando el mito de los desastrosos 29 de febrero.<\/p>\n<p>Un a\u00f1o bisiesto tambi\u00e9n acogi\u00f3 uno de los acontecimientos m\u00e1s catastr\u00f3ficos de la historia espa\u00f1ola. Hablamos de la Guerra Civil, iniciada en el a\u00f1o 1936, que tambi\u00e9n sumaba un d\u00eda m\u00e1s a su calendario. El conflicto dur\u00f3 dos a\u00f1os, 8 meses y 15 d\u00edas, dejando tras de s\u00ed miles de muertos y a un pa\u00eds sumido en la m\u00e1s absoluta pobreza.<\/p>\n<p>Cuatro a\u00f1os m\u00e1s tarde, en 1940, el a\u00f1o bisiesto tra\u00eda consigo la construcci\u00f3n de uno de los lugares que albergaron las mayores atrocidades de la historia. El campo de exterminio de Auschwitz tambi\u00e9n se alzaba en un a\u00f1o con un d\u00eda m\u00e1s en el calendario.<\/p>\n<p>Auschwitz fue el mayor centro de concentraci\u00f3n de la Alemania nazi, donde se calcula que llegaron cerca de 1.300.000 personas y fueron asesinadas m\u00e1s de 1.100.000.<\/p>\n<p>Las guerras y desastres no son los \u00fanicos que han convertido a los a\u00f1os bisiestos en temporadas de malos augurios. Durante estos per\u00edodos se han acumulado un buen pu\u00f1ado de sonados asesinatos que han acrecentado su mala fama.<\/p>\n<p>Los a\u00f1os bisiestos no le dieron gran suerte al pol\u00edtico y l\u00edder espiritual Mahatma Gandhi, que muri\u00f3 el 30 de enero del a\u00f1o 1948. El l\u00edder fue asesinado de un disparo en Birla Bhavan (Nueva Delhi) mientras se dirig\u00eda a una importante reuni\u00f3n para rezar. El culpable, Nathuram Godse, un hinduista radical que en teor\u00eda estaba relacionado con grupos ultraderechistas que acusaban a Gandhi de debilitar al nuevo gobierno.<\/p>\n<p>\u00bfPor qu\u00e9 existe el a\u00f1o bisiesto?<\/p>\n<p>Diez a\u00f1os m\u00e1s tarde a qui\u00e9n un a\u00f1o bisiesto le tra\u00eda la mala suerte era Robert F. Kennedy, senador de EE.UU. y hermano del tambi\u00e9n asesinado John F. Kennedy. Su muerte tuvo lugar un 5 de junio de 1968, en Los \u00c1ngeles, durante las celebraciones de las primarias de Californiy. Sirhan Sirhan, un joven inmigrante palestino de 24 a\u00f1os, disparaba en repetidas ocasiones un arma con la que firmaba la muerte inmediata del candidato dem\u00f3crata a la presidencia del pa\u00eds.<\/p>\n<p>Ese mismo a\u00f1o, quien ca\u00eda era el pastor y activista Martin Luther King. El 4 de abril, a las 18.01 horas, un segregacionista blanco asesinaba a la importante figura a favor de los derechos de los afroamericanos en el balc\u00f3n del Lorraine Motel en Memphis (Tennessee) de un tiro en la garganta.<\/p>\n<p>Otra importante figura fue asesinada bajo un a\u00f1o bisiesto. El hist\u00f3rico cantante y compositor John Lennon mor\u00eda el 8 de diciembre de 1980 en las puertas de su casa de Nueva York. Mark David Chapman, un recluso estadounidense, disparaba cuatro veces a Lennon poniendo fin a la vida de una importante figura y abriendo toda clase de leyendas y habladur\u00edas sobre las razones que se encontraban tras el terrible acto.<\/p>\n<p>La l\u00f3gica del a\u00f1o bisiesto<\/p>\n<p>A pesar de que los acontecimientos no acompa\u00f1an la fama de los a\u00f1os bisiestos, hay otras creencias populares que s\u00ed que les otorgan un cierto halo de misterio. Antiguamente se cre\u00eda que todos los nacidos en a\u00f1o bisiesto pod\u00edan llegar a desarrollar poderes sobrenaturales. La familia Keogh va un paso m\u00e1s all\u00e1. Estos irlandeses se han convertido en leyenda, despu\u00e9s de que miembros de tres generaciones nacieran en se\u00f1alada fecha. El abuelo el 29 de febrero de 1940, su hijo el 29 de febrero de 1964 y la nieta el 29 de febrero de 1996.<\/p>\n<p>\u00bfPor qu\u00e9 no todos los meses duran lo mismo?<\/p>\n<p>En t\u00e9rminos astron\u00f3micos el mes es una unidad que comprende el tiempo que tarda la Luna en dar una vuelta completa alrededor de la Tierra. En la actualidad el calendario vigente es el gregoriano, que debe su nombre al papa Gregorio XIII que lo impuso en el a\u00f1o 1582. Este calendario no pudo librarse de los desfases provocados por el anterior, el calendario juliano, impuesto por Julio C\u00e9sar en el a\u00f1o 46 a.C. De este modo, en el actual calendario se suprimieron 10 d\u00edas, por lo que del 4 de octubre de 1582 se paso al 15 de octubre. Es decir, los d\u00edas del 5 al 14 de ese mes nunca existieron.<\/p>\n<p>Fue Julio C\u00e9sar quien decidi\u00f3 que los meses deber\u00edan durar 30 y 31 d\u00edas de forma m\u00e1s o menos intercalada. Pero, para que conseguir que el mes de su nacimiento (que recibi\u00f3 su nombre) tuviera 31 d\u00edas, opt\u00f3 por quitarle un d\u00eda a febrero que, en aquellos tiempos, era el \u00faltimo mes del a\u00f1o. Y a partir de ah\u00ed hizo tambi\u00e9n otro cambio importante, decidi\u00f3 que el a\u00f1o empezara en enero en lugar de marzo. El heredero del imperio romano, C\u00e9sar Augusto, considero que no pod\u00eda ser menos que su antecesor y, adem\u00e1s de poner su nombre al mes siguiente a julio, decidi\u00f3 que tambi\u00e9n tuviera 31 d\u00edas, quitando uno a febrero con lo que el segundo mes del a\u00f1o, que ahora se conoce como bisiesto, se quedaba con solo 28 d\u00edas.<\/p>\n<p>Cumplea\u00f1os especial para casi cinco millones de personas<\/p>\n<p>Este lunes 29 de febrero ser\u00e1 una ocasi\u00f3n especial de celebraci\u00f3n para m\u00e1s de 4.800.000 cumplea\u00f1os en todo el mundo, de los que 32.000 se encuentran en Espa\u00f1a. Son los conocidos como bisiestos, gente nacida en dicha fecha, entre ellos el secretario general del PSOE, Pedro S\u00e1nchez, el ciclista Rub\u00e9n Plaza o el Papa Pablo III. Tambi\u00e9n el personaje Superm\u00e1n es bisiesto. Y por \u00faltimo, el colmo de la casualidad: Sir James Wilson, un hombre que naci\u00f3 el 29 de febrero de 1812 y falleci\u00f3 el mismo d\u00eda de 1880.<\/p>\n<p>Por otra parte, el pueblo de Anthony, en Texas, Estados Unidos, es conocido como la Capital Mundial del A\u00f1o Bisiesto y acoge un festival que incluye una visita guiada a una cueva azteca, una fiesta en una granja de caballos y bailes en las plazas. El festival se celebra entre el 25 y el 29 de febrero.<\/p>\n<p>Fuente: lavozdegalicia.es<\/p>\n","protected":false},"excerpt":{"rendered":"<p>* Hasta hace algunos a\u00f1os era inevitable que en Nicaragua las personas mayores sintieran temor por el arribo de un calendario con 366 d\u00edas en vez de los 365 \u201cnormales\u201d. No es un recelo producto de nuestro provincianismo tercermundista, el miedo a lo funesto es mundial. \u00abA\u00f1o bisiesto, a\u00f1o siniestro\u00bb, reza el refranero y sentencia [&hellip;]<\/p>\n","protected":false},"author":1,"featured_media":43481,"comment_status":"open","ping_status":"open","sticky":false,"template":"","format":"standard","meta":{"om_disable_all_campaigns":false,"_monsterinsights_skip_tracking":false,"_monsterinsights_sitenote_active":false,"_monsterinsights_sitenote_note":"","_monsterinsights_sitenote_category":0,"footnotes":""},"categories":[10,3524],"tags":[],"class_list":["post-43480","post","type-post","status-publish","format-standard","has-post-thumbnail","hentry","category-cultura","category-noticas"],"aioseo_notices":[],"_links":{"self":[{"href":"https:\/\/elcronistadigital.com\/index.php?rest_route=\/wp\/v2\/posts\/43480","targetHints":{"allow":["GET"]}}],"collection":[{"href":"https:\/\/elcronistadigital.com\/index.php?rest_route=\/wp\/v2\/posts"}],"about":[{"href":"https:\/\/elcronistadigital.com\/index.php?rest_route=\/wp\/v2\/types\/post"}],"author":[{"embeddable":true,"href":"https:\/\/elcronistadigital.com\/index.php?rest_route=\/wp\/v2\/users\/1"}],"replies":[{"embeddable":true,"href":"https:\/\/elcronistadigital.com\/index.php?rest_route=%2Fwp%2Fv2%2Fcomments&post=43480"}],"version-history":[{"count":1,"href":"https:\/\/elcronistadigital.com\/index.php?rest_route=\/wp\/v2\/posts\/43480\/revisions"}],"predecessor-version":[{"id":43482,"href":"https:\/\/elcronistadigital.com\/index.php?rest_route=\/wp\/v2\/posts\/43480\/revisions\/43482"}],"wp:featuredmedia":[{"embeddable":true,"href":"https:\/\/elcronistadigital.com\/index.php?rest_route=\/wp\/v2\/media\/43481"}],"wp:attachment":[{"href":"https:\/\/elcronistadigital.com\/index.php?rest_route=%2Fwp%2Fv2%2Fmedia&parent=43480"}],"wp:term":[{"taxonomy":"category","embeddable":true,"href":"https:\/\/elcronistadigital.com\/index.php?rest_route=%2Fwp%2Fv2%2Fcategories&post=43480"},{"taxonomy":"post_tag","embeddable":true,"href":"https:\/\/elcronistadigital.com\/index.php?rest_route=%2Fwp%2Fv2%2Ftags&post=43480"}],"curies":[{"name":"wp","href":"https:\/\/api.w.org\/{rel}","templated":true}]}}