{"id":43558,"date":"2016-03-08T09:04:54","date_gmt":"2016-03-08T15:04:54","guid":{"rendered":"http:\/\/elcronistadigital.com\/?p=43558"},"modified":"2016-03-08T09:04:54","modified_gmt":"2016-03-08T15:04:54","slug":"ruben-dario-venerado-en-la-argentina","status":"publish","type":"post","link":"https:\/\/elcronistadigital.com\/?p=43558","title":{"rendered":"Rub\u00e9n Dar\u00edo venerado en la Argentina"},"content":{"rendered":"<div id=\"attachment_43559\" style=\"width: 310px\" class=\"wp-caption alignleft\"><a href=\"https:\/\/elcronistadigital.com\/wp-content\/uploads\/2016\/03\/dar\u00edo-muestra-documental-en-argentina.jpg\"><img loading=\"lazy\" decoding=\"async\" aria-describedby=\"caption-attachment-43559\" class=\"size-medium wp-image-43559\" alt=\"Una muestra de documentos de Rub\u00e9n Dar\u00edo en Argentina.\" src=\"https:\/\/elcronistadigital.com\/wp-content\/uploads\/2016\/03\/dar\u00edo-muestra-documental-en-argentina-300x169.jpg\" width=\"300\" height=\"169\" srcset=\"https:\/\/elcronistadigital.com\/wp-content\/uploads\/2016\/03\/dar\u00edo-muestra-documental-en-argentina-300x169.jpg 300w, https:\/\/elcronistadigital.com\/wp-content\/uploads\/2016\/03\/dar\u00edo-muestra-documental-en-argentina-342x192.jpg 342w, https:\/\/elcronistadigital.com\/wp-content\/uploads\/2016\/03\/dar\u00edo-muestra-documental-en-argentina.jpg 600w\" sizes=\"auto, (max-width: 300px) 100vw, 300px\" \/><\/a><p id=\"caption-attachment-43559\" class=\"wp-caption-text\">Una muestra de documentos de Rub\u00e9n Dar\u00edo en Argentina.<\/p><\/div>\n<p><span style=\"color: #993300;\"><em><strong>* Versos como \u201cJuventud, divino tesoro,\/ ya te vas para no volver.\/ Cuando quiero llorar, no lloro&#8230;\/ y a veces lloro sin querer\u201d podr\u00edan considerarse, casi, como patrimonio intangible de la humanidad, incluso fundamentales para la educaci\u00f3n emocional de aquellos que ignoren a su autor: el poeta nicarag\u00fcense Rub\u00e9n Dar\u00edo.<\/strong><\/em><\/span><\/p>\n<p>En una reuni\u00f3n de expertos en Buenos Aires se analiza la obra del nicarag\u00fcense que atraves\u00f3 las fronteras.<\/p>\n<p>Versos como \u201cJuventud, divino tesoro,\/ ya te vas para no volver.\/ Cuando quiero llorar, no lloro&#8230;\/ y a veces lloro sin querer\u201d podr\u00edan considerarse, casi, como patrimonio intangible de la humanidad, incluso fundamentales para la educaci\u00f3n emocional de aquellos que ignoren a su autor: el poeta nicarag\u00fcense Rub\u00e9n Dar\u00edo.<\/p>\n<p>A cien a\u00f1os de su muerte (ocurrida el 6 de febrero de 1916) sigue siendo, m\u00e1s all\u00e1 de modas, ismos y camarillas, \u201cel mayor bardo de Hispanoam\u00e9rica, tan raigalmente aut\u00f3ctono como plet\u00f3rico de connotaciones universales\u201d, como se\u00f1al\u00f3 en su momento el cr\u00edtico Angel Battistessa.<\/p>\n<p>Dar\u00edo fue el padre del modernismo, un movimiento nacido en Am\u00e9rica que cruz\u00f3 el refinamiento, el cosmopolitismo y el barroco.<\/p>\n<p>Por todo esto el lunes se inaugur\u00f3, en el Teatro Margarita Xirgu, el Congreso Internacional La sutura de los mundos, organizado por la Universidad Nacional de Tres de Febrero. Hasta el jueves, importantes especialistas disertar\u00e1n sobre los textos de Dar\u00edo, sus gestos engalanados y sus posiciones pol\u00edticas para volver a pensar en la trascendencia del escritor, \u201cla primera figura planetaria, capaz de dise\u00f1ar un pasado y un futuro americano, desde una perspectiva mundial\u201d, como arriesg\u00f3 Daniel Link en la apertura de las jornadas.<\/p>\n<p>En la conferencia inaugural Jorge Eduardo Arellano, estudioso del legado dariano e integrante de la Academia Nicarag\u00fcense de la Lengua, hizo un recorrido declamado por vida y obra \u201cde un alma buena con cuerpo de pecador\u201d que, en libros como Azul y Cantos de vida y esperanza, apuntal\u00f3 los pilares del proyecto modernista.<\/p>\n<p>En el programa del Congreso se destacan las participaciones de Sylvia Molloy, No\u00e9 Jitrik, Ra\u00fal Antelo, Graciela Montaldo, Graciela Nouzeilles y Diego Bentivegna, as\u00ed como las de investigadores extranjeros, como Roc\u00edo Oviedo P\u00e9rez, Adela Pineda Franco y Armando Vargas Araya.<\/p>\n<p>\u201cUna cosa es el modernismo continental y otra el modernismo dariano, que sobrepasa a los oropeles de la \u00e9poca y nos obliga a preguntarnos por qu\u00e9 a\u00fan est\u00e1 vivo\u201d, plante\u00f3 Link en la inauguraci\u00f3n. Por qu\u00e9, arrumbado su l\u00e9xico precioso, superados sus temas y a\u00fan desde\u00f1ada su po\u00e9tica sigue cantando empecinadamente con voz plena. \u201cTal vez \u2013concluy\u00f3 Link\u2013 porque lo que canta, en Dar\u00edo, es nuestro propio presente y nuestro propio mundo.\u201d<\/p>\n<p>Crear\u00e1n un archivo en la Argentina<\/p>\n<p>Hace m\u00e1s de sesenta a\u00f1os se reunieron los vol\u00famenes de la obra completa de Rub\u00e9n Dar\u00edo que, parad\u00f3jicamente, s\u00f3lo contienen el 60 por ciento de lo publicado por el poeta nicarag\u00fcense. Para revertir esta situaci\u00f3n, la Universidad de Tres de Febrero presentar\u00e1 hoy el proyecto del Archivo Rub\u00e9n Dar\u00edo, que dar\u00e1 sus primeros pasos con la digitalizaci\u00f3n de los m\u00e1s de seiscientos textos que Dar\u00edo escribi\u00f3 para el diario La Naci\u00f3n. Algunos de ellos integraron la serie \u201cLos raros\u201d, aunque varios perfiles, como el de Nietzsche, nunca se publicaron y terminaron siendo escasamente conocidos.<\/p>\n<p>Sabemos que la Argentina fue importante para el desarrollo intelectual de Dar\u00edo y, a su vez, \u00e9ste fue un factor determinante para el desarrollo cultural de la Argentina moderna en la \u00e9poca del primer centenario. Por esa raz\u00f3n, este proyecto on-line buscar\u00e1 conectar los diferentes archivos del mundo hispano dedicados a Dar\u00edo, como el de la Universidad Complutense de Madrid o el Archivo nicarag\u00fcense de Le\u00f3n y, de ese modo, concluir con un proyecto a\u00fan m\u00e1s ambicioso: la conformaci\u00f3n de las definitivas obras completas del escritor, que alcanzar\u00edan los veinte tomos. Es necesario. Con Rub\u00e9n Dar\u00edo, por primera vez en la historia del proceso intercultural de Espa\u00f1a y Am\u00e9rica, el nuevo mundo ocup\u00f3 el centro de la escena.<\/p>\n<p>Fuente: El Clar\u00edn.<\/p>\n","protected":false},"excerpt":{"rendered":"<p>* Versos como \u201cJuventud, divino tesoro,\/ ya te vas para no volver.\/ Cuando quiero llorar, no lloro&#8230;\/ y a veces lloro sin querer\u201d podr\u00edan considerarse, casi, como patrimonio intangible de la humanidad, incluso fundamentales para la educaci\u00f3n emocional de aquellos que ignoren a su autor: el poeta nicarag\u00fcense Rub\u00e9n Dar\u00edo. En una reuni\u00f3n de expertos [&hellip;]<\/p>\n","protected":false},"author":1,"featured_media":43559,"comment_status":"open","ping_status":"open","sticky":false,"template":"","format":"standard","meta":{"om_disable_all_campaigns":false,"_monsterinsights_skip_tracking":false,"_monsterinsights_sitenote_active":false,"_monsterinsights_sitenote_note":"","_monsterinsights_sitenote_category":0,"footnotes":""},"categories":[10,3524],"tags":[],"class_list":["post-43558","post","type-post","status-publish","format-standard","has-post-thumbnail","hentry","category-cultura","category-noticas"],"aioseo_notices":[],"_links":{"self":[{"href":"https:\/\/elcronistadigital.com\/index.php?rest_route=\/wp\/v2\/posts\/43558","targetHints":{"allow":["GET"]}}],"collection":[{"href":"https:\/\/elcronistadigital.com\/index.php?rest_route=\/wp\/v2\/posts"}],"about":[{"href":"https:\/\/elcronistadigital.com\/index.php?rest_route=\/wp\/v2\/types\/post"}],"author":[{"embeddable":true,"href":"https:\/\/elcronistadigital.com\/index.php?rest_route=\/wp\/v2\/users\/1"}],"replies":[{"embeddable":true,"href":"https:\/\/elcronistadigital.com\/index.php?rest_route=%2Fwp%2Fv2%2Fcomments&post=43558"}],"version-history":[{"count":1,"href":"https:\/\/elcronistadigital.com\/index.php?rest_route=\/wp\/v2\/posts\/43558\/revisions"}],"predecessor-version":[{"id":43560,"href":"https:\/\/elcronistadigital.com\/index.php?rest_route=\/wp\/v2\/posts\/43558\/revisions\/43560"}],"wp:featuredmedia":[{"embeddable":true,"href":"https:\/\/elcronistadigital.com\/index.php?rest_route=\/wp\/v2\/media\/43559"}],"wp:attachment":[{"href":"https:\/\/elcronistadigital.com\/index.php?rest_route=%2Fwp%2Fv2%2Fmedia&parent=43558"}],"wp:term":[{"taxonomy":"category","embeddable":true,"href":"https:\/\/elcronistadigital.com\/index.php?rest_route=%2Fwp%2Fv2%2Fcategories&post=43558"},{"taxonomy":"post_tag","embeddable":true,"href":"https:\/\/elcronistadigital.com\/index.php?rest_route=%2Fwp%2Fv2%2Ftags&post=43558"}],"curies":[{"name":"wp","href":"https:\/\/api.w.org\/{rel}","templated":true}]}}