{"id":43763,"date":"2016-04-18T10:07:40","date_gmt":"2016-04-18T16:07:40","guid":{"rendered":"http:\/\/elcronistadigital.com\/?p=43763"},"modified":"2016-04-18T10:07:40","modified_gmt":"2016-04-18T16:07:40","slug":"san-andres-a-puertas-de-un-gran-cambio-ya-o-ya","status":"publish","type":"post","link":"https:\/\/elcronistadigital.com\/?p=43763","title":{"rendered":"San Andr\u00e9s a puertas de un gran cambio: ya o ya"},"content":{"rendered":"<p><a href=\"https:\/\/elcronistadigital.com\/wp-content\/uploads\/2016\/04\/san-andr\u00e9s-1.jpg\"><img loading=\"lazy\" decoding=\"async\" class=\"alignleft size-full wp-image-43764\" alt=\"san andr\u00e9s 1\" src=\"https:\/\/elcronistadigital.com\/wp-content\/uploads\/2016\/04\/san-andr\u00e9s-1.jpg\" width=\"350\" height=\"214\" srcset=\"https:\/\/elcronistadigital.com\/wp-content\/uploads\/2016\/04\/san-andr\u00e9s-1.jpg 350w, https:\/\/elcronistadigital.com\/wp-content\/uploads\/2016\/04\/san-andr\u00e9s-1-300x183.jpg 300w, https:\/\/elcronistadigital.com\/wp-content\/uploads\/2016\/04\/san-andr\u00e9s-1-342x209.jpg 342w\" sizes=\"auto, (max-width: 350px) 100vw, 350px\" \/><\/a>Cristina Bendek<\/p>\n<p><span style=\"color: #993300;\"><em><strong>* \u00abEn el 2012 perdimos el mar, s\u00ed, irrecuperable. Pero ganamos la oportunidad de desenterrar el pasado, el entierro oculto que nos tiene divididos. El pa\u00eds entero est\u00e1 obligado a recordarlo, y tambi\u00e9n, a superarlo todo\u00bb.<\/strong><\/em><\/span><\/p>\n<p>Los grandes cambios se logran cuando se puede ver la realidad propia con perspectiva. San Andr\u00e9s est\u00e1 uno de esos momentos clave de la Historia. Por un lado, los desaciertos en el enfoque de la pol\u00edtica exterior colombiana, la atenci\u00f3n internacional por el proceso de paz y el posconflicto, y el caso en La Haya.<\/p>\n<p>De otro lado, la tensi\u00f3n mundial por el cambio clim\u00e1tico, la escalada de disturbios por la escasez de agua en la isla, junto con unas fracturas sociales que se agudizan; y todo en el marco de la era del poder digital de las redes sociales. Los factores coinciden generando la coyuntura ideal para cambios estructurales. La pregunta es, \u00bfestamos listos para aprovechar la oportunidad?<\/p>\n<p>Voy a ser lo m\u00e1s concreta que pueda para unir las piezas del rompecabezas. Me inspiraron dos nombramientos de j\u00f3venes isle\u00f1os que han construido carreras coherentes con el cargo que les ha sido confiado. El abogado constitucionalista de la Universidad Nacional, Fady Ort\u00edz Roca, que fue designado Consejero de Relaciones Exteriores en la embajada de Holanda. Su experiencia en asuntos de derechos territoriales del pueblo raizal, y de derechos humanos, lo hacen m\u00e1s que id\u00f3neo para la labor. El externadista isle\u00f1o Paulo Rodr\u00edguez, profesional en Gobierno y relaciones internacionales, y mejor a\u00fan, diplom\u00e1tico de carrera, que fue escogido c\u00f3nsul en Tegucigalpa, Honduras.<\/p>\n<p>Los nombramientos ocurren en un contexto de presi\u00f3n para Colombia. El proceso de paz ha atra\u00eddo intereses de toda clase a nivel mundial. Colombia tiene el conflicto armado interno de m\u00e1s larga duraci\u00f3n en el Mundo.<\/p>\n<p>Encima, la Corte Internacional de Justicia (CIJ) se declar\u00f3 competente y el Estado har\u00e1 lo posible para evitar otro fracaso diplom\u00e1tico en la defensa de su territorio, factor que podr\u00eda amenazar m\u00e1s su estabilidad institucional.<\/p>\n<p>En la Corte se est\u00e1 sentando jurisprudencia, fuente de Derecho Internacional. Para la CIJ es una oportunidad enorme estudiar la nueva demanda en un momento en el que los Estados se est\u00e1n retirando del Pacto de Bogot\u00e1, y restan importancia y competencia a los organismos internacionales. Los nuevos argumentos de la defensa colombiana son los recursos naturales y los derechos humanos de una poblaci\u00f3n en situaci\u00f3n de vulnerabilidad, dos temas que son prioritarios en la agenda global y que la corte tendr\u00e1 que considerar con cirujano cuidado.<\/p>\n<p>Los isle\u00f1os en el cuerpo diplom\u00e1tico tienen el reto y la oportunidad de mantenerse conectados con el nivel local, y hacer carrera a los intereses de lo que representan, como nunca antes, debido al activismo digital creciente en las islas. Entonces hablemos de lo local.<\/p>\n<p>Des\u00f3rdenes como los del Lynval y el Back Road escalar\u00e1n en los pr\u00f3ximos a\u00f1os si no se pone en marcha una alternativa sostenible dentro de este enredo. Sin importar el origen, pa\u00f1a, raizal, champe (rechazo el odio cargado con el que va esa palabra siempre), y el largo etc\u00e9tera posible de las absurdas etiquetas, la realidad es que no hay agua por m\u00e1s Proactiva que se quiera se\u00f1alar, la energ\u00eda el\u00e9ctrica es absurdamente cara, no hay qu\u00e9 hacer con los residuos s\u00f3lidos, cada vez hay menos peces en el mar, menos playa, etc\u00e9tera, etc\u00e9tera\u2026 y los remedios parecen venir en burro y administrarse a cuentagotas.<\/p>\n<p>Ahora, lo local y lo global. La pol\u00edtica exterior colombiana se repleg\u00f3 durante casi un siglo por el trauma de la p\u00e9rdida de Panam\u00e1, y la decisi\u00f3n fue asimilar culturalmente San Andr\u00e9s a Colombia, a las malas, con la perspectiva que ten\u00eda el gobierno nacional en 1912.<\/p>\n<p>Esto es una pol\u00edtica de Estado, la evidencia abunda, hace tiempo que no es un secreto, y ni siquiera deber\u00eda ser pol\u00e9mico mencionarlo. No es culpa de nadie que hoy viva en el territorio. La historia y el contexto de San Andr\u00e9s se excluyeron de los curr\u00edculos educativos, los hijos de los hijos nunca supimos lo que pas\u00f3 aqu\u00ed, ni a qu\u00e9 Caribe pertenec\u00edamos.<\/p>\n<p>En el 2012 perdimos el mar, s\u00ed, irrecuperable. Pero ganamos la oportunidad de desenterrar el pasado, el entierro oculto que nos tiene divididos. El pa\u00eds entero est\u00e1 obligado a recordarlo, y tambi\u00e9n, a superarlo todo. Dentro del proceso de reconstrucci\u00f3n de tejido social, de verdad justicia y reparaci\u00f3n que viene con una fase de desmovilizaci\u00f3n y de todo el contexto del posconflicto, San Andr\u00e9s tiene que estar presente.<\/p>\n<p>Es una semana que deja profundas reflexiones. Tenemos m\u00e1s ojos encima ahora que nunca. Es tiempo de coincidir y mirarnos en lo que nos une, y la crisis por recursos, por las buenas o por la mala, tendr\u00e1 que hacernos coincidir.<\/p>\n<p>El llamado es a abrirnos al debate y a validar las visiones de pasado, presente y futuro que tenemos todos. El panorama no se aclarar\u00e1 sin la perspectiva integral, think outside the box, please. Es una oportunidad para convertirnos con acciones creativas, en un ejemplo a nivel mundial.<\/p>\n","protected":false},"excerpt":{"rendered":"<p>Cristina Bendek * \u00abEn el 2012 perdimos el mar, s\u00ed, irrecuperable. Pero ganamos la oportunidad de desenterrar el pasado, el entierro oculto que nos tiene divididos. El pa\u00eds entero est\u00e1 obligado a recordarlo, y tambi\u00e9n, a superarlo todo\u00bb. Los grandes cambios se logran cuando se puede ver la realidad propia con perspectiva. San Andr\u00e9s est\u00e1 [&hellip;]<\/p>\n","protected":false},"author":1,"featured_media":43764,"comment_status":"open","ping_status":"open","sticky":false,"template":"","format":"standard","meta":{"om_disable_all_campaigns":false,"_monsterinsights_skip_tracking":false,"_monsterinsights_sitenote_active":false,"_monsterinsights_sitenote_note":"","_monsterinsights_sitenote_category":0,"footnotes":""},"categories":[12,3524],"tags":[],"class_list":["post-43763","post","type-post","status-publish","format-standard","has-post-thumbnail","hentry","category-blugs","category-noticas"],"aioseo_notices":[],"_links":{"self":[{"href":"https:\/\/elcronistadigital.com\/index.php?rest_route=\/wp\/v2\/posts\/43763","targetHints":{"allow":["GET"]}}],"collection":[{"href":"https:\/\/elcronistadigital.com\/index.php?rest_route=\/wp\/v2\/posts"}],"about":[{"href":"https:\/\/elcronistadigital.com\/index.php?rest_route=\/wp\/v2\/types\/post"}],"author":[{"embeddable":true,"href":"https:\/\/elcronistadigital.com\/index.php?rest_route=\/wp\/v2\/users\/1"}],"replies":[{"embeddable":true,"href":"https:\/\/elcronistadigital.com\/index.php?rest_route=%2Fwp%2Fv2%2Fcomments&post=43763"}],"version-history":[{"count":1,"href":"https:\/\/elcronistadigital.com\/index.php?rest_route=\/wp\/v2\/posts\/43763\/revisions"}],"predecessor-version":[{"id":43765,"href":"https:\/\/elcronistadigital.com\/index.php?rest_route=\/wp\/v2\/posts\/43763\/revisions\/43765"}],"wp:featuredmedia":[{"embeddable":true,"href":"https:\/\/elcronistadigital.com\/index.php?rest_route=\/wp\/v2\/media\/43764"}],"wp:attachment":[{"href":"https:\/\/elcronistadigital.com\/index.php?rest_route=%2Fwp%2Fv2%2Fmedia&parent=43763"}],"wp:term":[{"taxonomy":"category","embeddable":true,"href":"https:\/\/elcronistadigital.com\/index.php?rest_route=%2Fwp%2Fv2%2Fcategories&post=43763"},{"taxonomy":"post_tag","embeddable":true,"href":"https:\/\/elcronistadigital.com\/index.php?rest_route=%2Fwp%2Fv2%2Ftags&post=43763"}],"curies":[{"name":"wp","href":"https:\/\/api.w.org\/{rel}","templated":true}]}}