{"id":43883,"date":"2016-05-03T07:44:44","date_gmt":"2016-05-03T13:44:44","guid":{"rendered":"http:\/\/elcronistadigital.com\/?p=43883"},"modified":"2016-05-03T07:44:44","modified_gmt":"2016-05-03T13:44:44","slug":"dejo-licor-y-drogas-y-se-calzo-los-tenis-para-triunfar","status":"publish","type":"post","link":"https:\/\/elcronistadigital.com\/?p=43883","title":{"rendered":"Dej\u00f3 licor y drogas y se calz\u00f3 los tenis para triunfar"},"content":{"rendered":"<p><a href=\"https:\/\/elcronistadigital.com\/wp-content\/uploads\/2016\/05\/Yasser-Reyes.jpg\"><img loading=\"lazy\" decoding=\"async\" class=\"alignleft size-full wp-image-43884\" alt=\"Yasser Reyes\" src=\"https:\/\/elcronistadigital.com\/wp-content\/uploads\/2016\/05\/Yasser-Reyes.jpg\" width=\"450\" height=\"367\" srcset=\"https:\/\/elcronistadigital.com\/wp-content\/uploads\/2016\/05\/Yasser-Reyes.jpg 450w, https:\/\/elcronistadigital.com\/wp-content\/uploads\/2016\/05\/Yasser-Reyes-300x244.jpg 300w, https:\/\/elcronistadigital.com\/wp-content\/uploads\/2016\/05\/Yasser-Reyes-342x278.jpg 342w\" sizes=\"auto, (max-width: 450px) 100vw, 450px\" \/><\/a>El nicarag\u00fcense Yasser Reyes lleg\u00f3 a Costa Rica hace diez a\u00f1os, y tras superar el gusto por la marihuana y el licor, triunf\u00f3 el domingo 1 de mayo en la media marat\u00f3n de 21 kil\u00f3metros de la Carrera Internacional La Paz, celebrada en Costa Rica.<\/p>\n<p>Disputada entre La Sabana y Ciudad Col\u00f3n, la competencia represent\u00f3 la segunda victoria de la temporada para Reyes, quien a sus 28 a\u00f1os es uno de los hombres importantes en el equipo Coopenae, seg\u00fan se\u00f1ala el diario La Naci\u00f3n.<\/p>\n<p>A la llegada a Los Anonos, donde apenas se hab\u00edan corrido cuatro kil\u00f3metros, ya comenzaba a sacarle distancia a Roy Vargas y Jean L\u00f3pez, este \u00faltimo coequipero.<\/p>\n<p>\u00abEn la media del Estadio Nacional -el pasado 20 de marzo- Roy Vargas me gan\u00f3 en el cierre, y esta vez, conociendo lo bueno que es, no quise jugarme ning\u00fan chance, esta vez le di duro desde el inicio y gracias a Dios pude ganar\u00bb, expres\u00f3 Reyes en la meta.<\/p>\n<p>Al concluir, Reyes detuvo el cron\u00f3metro en una hora, siete minutos y 35 segundos, mientras que Roy Cachorro Vargas hizo 1:09:15, y Jean L\u00f3pez, 1:09:27.<\/p>\n<p>Reyes, curtido por la vida en caminos desolados y empinados, mostr\u00f3 su enorme coraz\u00f3n al sostener y ayudar a L\u00f3pez, que luego de pasar el control de meta no ten\u00eda fuerzas y se fue al suelo.<\/p>\n<p>\u00abNo era adicto, pero fumaba drogas y tomaba, y gracias a Dios y a la mano de personas que me apoyaron, como Coopenae, New Balance e Intelec, pude salir de eso; cuando llegu\u00e9 ac\u00e1 trabajaba en construcci\u00f3n, pero hace cinco a\u00f1os comenc\u00e9 a correr y ahora trabajo en la tienda Momia Sport de La Sabana, donde Leo Chac\u00f3n me dio la mano\u00bb, a\u00f1adi\u00f3.<\/p>\n<p>\u00abA veces uno se frustra porque no se dan las victorias, pero estas son las recompensas, s\u00e9 que Dios me da la fuerza para seguir&#8230; despu\u00e9s de cuatro meses de no ganar hoy le dio a mis patrocinadores la victoria\u00bb, a\u00f1adi\u00f3 el pinolero, casado con Karla Leiva y padre de Andrea y Katherine.<\/p>\n","protected":false},"excerpt":{"rendered":"<p>El nicarag\u00fcense Yasser Reyes lleg\u00f3 a Costa Rica hace diez a\u00f1os, y tras superar el gusto por la marihuana y el licor, triunf\u00f3 el domingo 1 de mayo en la media marat\u00f3n de 21 kil\u00f3metros de la Carrera Internacional La Paz, celebrada en Costa Rica. Disputada entre La Sabana y Ciudad Col\u00f3n, la competencia represent\u00f3 [&hellip;]<\/p>\n","protected":false},"author":1,"featured_media":43884,"comment_status":"open","ping_status":"open","sticky":false,"template":"","format":"standard","meta":{"om_disable_all_campaigns":false,"_monsterinsights_skip_tracking":false,"_monsterinsights_sitenote_active":false,"_monsterinsights_sitenote_note":"","_monsterinsights_sitenote_category":0,"footnotes":""},"categories":[3524],"tags":[],"class_list":["post-43883","post","type-post","status-publish","format-standard","has-post-thumbnail","hentry","category-noticas"],"aioseo_notices":[],"_links":{"self":[{"href":"https:\/\/elcronistadigital.com\/index.php?rest_route=\/wp\/v2\/posts\/43883","targetHints":{"allow":["GET"]}}],"collection":[{"href":"https:\/\/elcronistadigital.com\/index.php?rest_route=\/wp\/v2\/posts"}],"about":[{"href":"https:\/\/elcronistadigital.com\/index.php?rest_route=\/wp\/v2\/types\/post"}],"author":[{"embeddable":true,"href":"https:\/\/elcronistadigital.com\/index.php?rest_route=\/wp\/v2\/users\/1"}],"replies":[{"embeddable":true,"href":"https:\/\/elcronistadigital.com\/index.php?rest_route=%2Fwp%2Fv2%2Fcomments&post=43883"}],"version-history":[{"count":1,"href":"https:\/\/elcronistadigital.com\/index.php?rest_route=\/wp\/v2\/posts\/43883\/revisions"}],"predecessor-version":[{"id":43885,"href":"https:\/\/elcronistadigital.com\/index.php?rest_route=\/wp\/v2\/posts\/43883\/revisions\/43885"}],"wp:featuredmedia":[{"embeddable":true,"href":"https:\/\/elcronistadigital.com\/index.php?rest_route=\/wp\/v2\/media\/43884"}],"wp:attachment":[{"href":"https:\/\/elcronistadigital.com\/index.php?rest_route=%2Fwp%2Fv2%2Fmedia&parent=43883"}],"wp:term":[{"taxonomy":"category","embeddable":true,"href":"https:\/\/elcronistadigital.com\/index.php?rest_route=%2Fwp%2Fv2%2Fcategories&post=43883"},{"taxonomy":"post_tag","embeddable":true,"href":"https:\/\/elcronistadigital.com\/index.php?rest_route=%2Fwp%2Fv2%2Ftags&post=43883"}],"curies":[{"name":"wp","href":"https:\/\/api.w.org\/{rel}","templated":true}]}}