{"id":43886,"date":"2016-05-03T07:56:14","date_gmt":"2016-05-03T13:56:14","guid":{"rendered":"http:\/\/elcronistadigital.com\/?p=43886"},"modified":"2016-05-03T07:56:14","modified_gmt":"2016-05-03T13:56:14","slug":"policia-de-nicaragua-advierte-a-la-mara-salvatrucha","status":"publish","type":"post","link":"https:\/\/elcronistadigital.com\/?p=43886","title":{"rendered":"Polic\u00eda de Nicaragua advierte a la mara salvatrucha"},"content":{"rendered":"<div id=\"attachment_43887\" style=\"width: 460px\" class=\"wp-caption alignleft\"><a href=\"https:\/\/elcronistadigital.com\/wp-content\/uploads\/2016\/05\/polis-el-salvador.jpg\"><img loading=\"lazy\" decoding=\"async\" aria-describedby=\"caption-attachment-43887\" class=\"size-full wp-image-43887\" alt=\"Polic\u00edas de Centroam\u00e9rica reunidos en El Salvador. (Foto: La Prensa Gr\u00e1fica).\" src=\"https:\/\/elcronistadigital.com\/wp-content\/uploads\/2016\/05\/polis-el-salvador.jpg\" width=\"450\" height=\"298\" srcset=\"https:\/\/elcronistadigital.com\/wp-content\/uploads\/2016\/05\/polis-el-salvador.jpg 450w, https:\/\/elcronistadigital.com\/wp-content\/uploads\/2016\/05\/polis-el-salvador-300x198.jpg 300w, https:\/\/elcronistadigital.com\/wp-content\/uploads\/2016\/05\/polis-el-salvador-342x226.jpg 342w\" sizes=\"auto, (max-width: 450px) 100vw, 450px\" \/><\/a><p id=\"caption-attachment-43887\" class=\"wp-caption-text\">Polic\u00edas de Centroam\u00e9rica reunidos en El Salvador. (Foto: La Prensa Gr\u00e1fica).<\/p><\/div>\n<p>La Polic\u00eda de Nicaragua advirti\u00f3 que controlar\u00e1 y expulsar\u00e1 a los miembros de las maras salvadore\u00f1as que intenten establecerse en nuestro pa\u00eds a como lo est\u00e1n haciendo en naciones como Honduras, donde han incrementado el sicariato o asesinato por encargo.<\/p>\n<p>\u00abLa advertencia para los pandilleros que vayan desde El Salvador a Nicaragua es que los vamos a controlar y no vamos a permitir que permanezcan en nuestro pa\u00eds\u00bb, dijo el capit\u00e1n R\u00f3ger Espinal, quien participa junto a otros oficiales del istmo en la naci\u00f3n cuscatleca en un curso sobre \u201ccriminalidad de pandillas\u201d.<\/p>\n<p>Los representantes de los cuerpos policiales de la regi\u00f3n centroamericana confirmaron que han reforzado los controles para evitar la circulaci\u00f3n de pandilleros que intentan migrar desde El Salvador hacia los pa\u00edses vecinos.<\/p>\n<p>El representante de Honduras, C\u00e9sar Castellano, dijo que en los \u00faltimos 20 d\u00edas ha incrementado el sicariato y que una hip\u00f3tesis sobre ese incremento es la migraci\u00f3n de pandilleros salvadore\u00f1os.<\/p>\n<p>\u00abNuestro pa\u00eds (Honduras) ha reforzado los controles fronterizos para evitar el flujo de pandilleros que migran desde El Salvador, y esa podr\u00eda ser una de las hip\u00f3tesis para explicar que en los \u00faltimos veinte d\u00edas se ha incrementado el sicariato\u00bb, dijo Castellano y agreg\u00f3 que la Mara Salvatrucha (MS) es la mejor estructurada en ese pa\u00eds y que incluso se ha infiltrado en las instituciones estatales y adem\u00e1s tiene nexos con el narcotr\u00e1fico.<\/p>\n<p>El representante de Nicaragua, capit\u00e1n Roger Espinal, dijo que en su pa\u00eds todav\u00eda no se ha percibido un flujo de pandilleros desde El Salvador.<\/p>\n<p>\u00abLa advertencia para los pandilleros que vayan desde El Salvador a Nicaragua es que los vamos a controlar y no vamos a permitir que permanezcan en nuestro pa\u00eds\u00bb, dijo Espinal citado por La Prensa Gr\u00e1fica.<\/p>\n<p>Los representantes de estos pa\u00edses, y de M\u00e9xico y Rep\u00fablica Dominicana, est\u00e1n en El Salvador para intercambiar experiencias sobre c\u00f3mo abordan en sus territorios el combate a las pandillas. Adem\u00e1s, durante esta semana, ser\u00e1n capacitados sobre c\u00f3mo se organizan y operan las pandillas.<\/p>\n","protected":false},"excerpt":{"rendered":"<p>La Polic\u00eda de Nicaragua advirti\u00f3 que controlar\u00e1 y expulsar\u00e1 a los miembros de las maras salvadore\u00f1as que intenten establecerse en nuestro pa\u00eds a como lo est\u00e1n haciendo en naciones como Honduras, donde han incrementado el sicariato o asesinato por encargo. \u00abLa advertencia para los pandilleros que vayan desde El Salvador a Nicaragua es que los [&hellip;]<\/p>\n","protected":false},"author":1,"featured_media":43887,"comment_status":"open","ping_status":"open","sticky":false,"template":"","format":"standard","meta":{"om_disable_all_campaigns":false,"_monsterinsights_skip_tracking":false,"_monsterinsights_sitenote_active":false,"_monsterinsights_sitenote_note":"","_monsterinsights_sitenote_category":0,"footnotes":""},"categories":[3524,13],"tags":[],"class_list":["post-43886","post","type-post","status-publish","format-standard","has-post-thumbnail","hentry","category-noticas","category-portada"],"aioseo_notices":[],"_links":{"self":[{"href":"https:\/\/elcronistadigital.com\/index.php?rest_route=\/wp\/v2\/posts\/43886","targetHints":{"allow":["GET"]}}],"collection":[{"href":"https:\/\/elcronistadigital.com\/index.php?rest_route=\/wp\/v2\/posts"}],"about":[{"href":"https:\/\/elcronistadigital.com\/index.php?rest_route=\/wp\/v2\/types\/post"}],"author":[{"embeddable":true,"href":"https:\/\/elcronistadigital.com\/index.php?rest_route=\/wp\/v2\/users\/1"}],"replies":[{"embeddable":true,"href":"https:\/\/elcronistadigital.com\/index.php?rest_route=%2Fwp%2Fv2%2Fcomments&post=43886"}],"version-history":[{"count":2,"href":"https:\/\/elcronistadigital.com\/index.php?rest_route=\/wp\/v2\/posts\/43886\/revisions"}],"predecessor-version":[{"id":43889,"href":"https:\/\/elcronistadigital.com\/index.php?rest_route=\/wp\/v2\/posts\/43886\/revisions\/43889"}],"wp:featuredmedia":[{"embeddable":true,"href":"https:\/\/elcronistadigital.com\/index.php?rest_route=\/wp\/v2\/media\/43887"}],"wp:attachment":[{"href":"https:\/\/elcronistadigital.com\/index.php?rest_route=%2Fwp%2Fv2%2Fmedia&parent=43886"}],"wp:term":[{"taxonomy":"category","embeddable":true,"href":"https:\/\/elcronistadigital.com\/index.php?rest_route=%2Fwp%2Fv2%2Fcategories&post=43886"},{"taxonomy":"post_tag","embeddable":true,"href":"https:\/\/elcronistadigital.com\/index.php?rest_route=%2Fwp%2Fv2%2Ftags&post=43886"}],"curies":[{"name":"wp","href":"https:\/\/api.w.org\/{rel}","templated":true}]}}