{"id":43898,"date":"2016-05-03T10:13:35","date_gmt":"2016-05-03T16:13:35","guid":{"rendered":"http:\/\/elcronistadigital.com\/?p=43898"},"modified":"2016-05-03T10:13:35","modified_gmt":"2016-05-03T16:13:35","slug":"constancia-de-la-amistad-de-ruben-dario-y-juan-ramon-jimenez","status":"publish","type":"post","link":"https:\/\/elcronistadigital.com\/?p=43898","title":{"rendered":"Constancia de la amistad de Rub\u00e9n Dar\u00edo y Juan Ram\u00f3n Jim\u00e9nez"},"content":{"rendered":"<p><a href=\"https:\/\/elcronistadigital.com\/wp-content\/uploads\/2016\/05\/Dar\u00edo-y-Jim\u00e9nez.jpg\"><img loading=\"lazy\" decoding=\"async\" class=\"alignleft size-full wp-image-43899\" alt=\"Dar\u00edo y Jim\u00e9nez\" src=\"https:\/\/elcronistadigital.com\/wp-content\/uploads\/2016\/05\/Dar\u00edo-y-Jim\u00e9nez.jpg\" width=\"450\" height=\"267\" srcset=\"https:\/\/elcronistadigital.com\/wp-content\/uploads\/2016\/05\/Dar\u00edo-y-Jim\u00e9nez.jpg 450w, https:\/\/elcronistadigital.com\/wp-content\/uploads\/2016\/05\/Dar\u00edo-y-Jim\u00e9nez-300x178.jpg 300w, https:\/\/elcronistadigital.com\/wp-content\/uploads\/2016\/05\/Dar\u00edo-y-Jim\u00e9nez-342x202.jpg 342w\" sizes=\"auto, (max-width: 450px) 100vw, 450px\" \/><\/a>La Casa Museo Zenobia-Juan Ram\u00f3n Jim\u00e9nez en Huelva, Espa\u00f1a, ser\u00e1 durante este mes escenario de una muestra documental que pretende profundizar en la importante relaci\u00f3n de amistad que mantuvieron durante toda su vida el Nobel y Rub\u00e9n Dar\u00edo, de cuya muerte se conmemora este a\u00f1o su centenario.<\/p>\n<p>Los dos poetas, seg\u00fan ha informado la Fundaci\u00f3n Juan Ram\u00f3n Jim\u00e9nez en un comunicado, \u00aberan de car\u00e1cter y condici\u00f3n muy diferentes, pues Dar\u00edo se entregaba a los placeres mundanos, Juan Ram\u00f3n los rehu\u00eda\u00bb.<\/p>\n<p>Sin embargo, estas diferencias les acercaban, pues \u00abJim\u00e9nez ve\u00eda en Dar\u00edo al gran artista y al hombre bueno y noble en sus aspiraciones y Dar\u00edo descubri\u00f3 en Jim\u00e9nez, adem\u00e1s del genio po\u00e9tico, un idealismo muy alto y una profunda humanidad que no todos hab\u00edan advertido\u00bb.<\/p>\n<p>Ahora, con motivo de dicha efem\u00e9ride, y bajo el t\u00edtulo \u00abCien a\u00f1os sin Rub\u00e9n Dar\u00edo\u00bb, la Casa Museo del Nobel muestra los documentos m\u00e1s desconocidos de la relaci\u00f3n entre ambos.<\/p>\n<p>Entre ellos las primeras cartas que se cruzaron, la revista Helios, donde colabor\u00f3 Rub\u00e9n Dar\u00edo a instancias de Juan Ram\u00f3n, el poema mecanografiado y anotado de Juan Ram\u00f3n dedicado a su amigo cuando se enter\u00f3 de su fallecimiento o algunos poemas del nicarag\u00fcense que conservaba Juan Ram\u00f3n y que despu\u00e9s don\u00f3 a la Biblioteca del Congreso de Washington.<\/p>\n<p>A estos documentos se suman los bocetos de su proyecto para reunir en un libro toda la documentaci\u00f3n de su relaci\u00f3n con Rub\u00e9n Dar\u00edo, as\u00ed como algunos libros de Rub\u00e9n Dar\u00edo que conservaba Juan Ram\u00f3n en su biblioteca.<\/p>\n<p>Juan Ram\u00f3n descubri\u00f3 a Dar\u00edo all\u00e1 por 1889 a trav\u00e9s de unas revistas que le envi\u00f3 el poeta Francisco Villaespesa, el mismo que, a\u00f1os despu\u00e9s le enviara junto con el nicarag\u00fcense una tarjeta de Madrid invit\u00e1ndole a ir a la capital para alistarse en las filas de los j\u00f3venes poetas para la gran causa modernista, que el Nobel acept\u00f3.<\/p>\n<p>Juan Ram\u00f3n Jim\u00e9nez ten\u00eda dieciocho a\u00f1os, Rub\u00e9n Dar\u00edo treinta y tres y desde aquel momento la amistad durar\u00eda hasta la muerte del segundo, y despu\u00e9s se conservar\u00eda viva en la memoria de Juan Ram\u00f3n, pues seg\u00fan testimonios, el de Moguer lo evocaba en muchas ocasiones, en charlas literarias y conversaciones.<\/p>\n","protected":false},"excerpt":{"rendered":"<p>La Casa Museo Zenobia-Juan Ram\u00f3n Jim\u00e9nez en Huelva, Espa\u00f1a, ser\u00e1 durante este mes escenario de una muestra documental que pretende profundizar en la importante relaci\u00f3n de amistad que mantuvieron durante toda su vida el Nobel y Rub\u00e9n Dar\u00edo, de cuya muerte se conmemora este a\u00f1o su centenario. Los dos poetas, seg\u00fan ha informado la Fundaci\u00f3n [&hellip;]<\/p>\n","protected":false},"author":1,"featured_media":43899,"comment_status":"open","ping_status":"open","sticky":false,"template":"","format":"standard","meta":{"om_disable_all_campaigns":false,"_monsterinsights_skip_tracking":false,"_monsterinsights_sitenote_active":false,"_monsterinsights_sitenote_note":"","_monsterinsights_sitenote_category":0,"footnotes":""},"categories":[10,3524],"tags":[],"class_list":["post-43898","post","type-post","status-publish","format-standard","has-post-thumbnail","hentry","category-cultura","category-noticas"],"aioseo_notices":[],"_links":{"self":[{"href":"https:\/\/elcronistadigital.com\/index.php?rest_route=\/wp\/v2\/posts\/43898","targetHints":{"allow":["GET"]}}],"collection":[{"href":"https:\/\/elcronistadigital.com\/index.php?rest_route=\/wp\/v2\/posts"}],"about":[{"href":"https:\/\/elcronistadigital.com\/index.php?rest_route=\/wp\/v2\/types\/post"}],"author":[{"embeddable":true,"href":"https:\/\/elcronistadigital.com\/index.php?rest_route=\/wp\/v2\/users\/1"}],"replies":[{"embeddable":true,"href":"https:\/\/elcronistadigital.com\/index.php?rest_route=%2Fwp%2Fv2%2Fcomments&post=43898"}],"version-history":[{"count":1,"href":"https:\/\/elcronistadigital.com\/index.php?rest_route=\/wp\/v2\/posts\/43898\/revisions"}],"predecessor-version":[{"id":43900,"href":"https:\/\/elcronistadigital.com\/index.php?rest_route=\/wp\/v2\/posts\/43898\/revisions\/43900"}],"wp:featuredmedia":[{"embeddable":true,"href":"https:\/\/elcronistadigital.com\/index.php?rest_route=\/wp\/v2\/media\/43899"}],"wp:attachment":[{"href":"https:\/\/elcronistadigital.com\/index.php?rest_route=%2Fwp%2Fv2%2Fmedia&parent=43898"}],"wp:term":[{"taxonomy":"category","embeddable":true,"href":"https:\/\/elcronistadigital.com\/index.php?rest_route=%2Fwp%2Fv2%2Fcategories&post=43898"},{"taxonomy":"post_tag","embeddable":true,"href":"https:\/\/elcronistadigital.com\/index.php?rest_route=%2Fwp%2Fv2%2Ftags&post=43898"}],"curies":[{"name":"wp","href":"https:\/\/api.w.org\/{rel}","templated":true}]}}