{"id":43901,"date":"2016-05-03T13:38:52","date_gmt":"2016-05-03T19:38:52","guid":{"rendered":"http:\/\/elcronistadigital.com\/?p=43901"},"modified":"2016-05-03T13:38:52","modified_gmt":"2016-05-03T19:38:52","slug":"habra-mas-lluvias","status":"publish","type":"post","link":"https:\/\/elcronistadigital.com\/?p=43901","title":{"rendered":"Habr\u00e1 m\u00e1s lluvias"},"content":{"rendered":"<p><a href=\"https:\/\/elcronistadigital.com\/wp-content\/uploads\/2016\/05\/lluvias.jpg\"><img loading=\"lazy\" decoding=\"async\" class=\"alignleft size-medium wp-image-43902\" alt=\"lluvias\" src=\"https:\/\/elcronistadigital.com\/wp-content\/uploads\/2016\/05\/lluvias-300x169.jpg\" width=\"300\" height=\"169\" srcset=\"https:\/\/elcronistadigital.com\/wp-content\/uploads\/2016\/05\/lluvias-300x169.jpg 300w, https:\/\/elcronistadigital.com\/wp-content\/uploads\/2016\/05\/lluvias-342x192.jpg 342w, https:\/\/elcronistadigital.com\/wp-content\/uploads\/2016\/05\/lluvias.jpg 500w\" sizes=\"auto, (max-width: 300px) 100vw, 300px\" \/><\/a>Seguir\u00e1 lloviendo en el Pac\u00edfico y Centro del pa\u00eds, asegura el director de Meteorolog\u00eda del Instituto Nicarag\u00fcense de Estudios Territoriales (Ineter), Marcio Baca, tras explicar que continuar\u00e1n las bajas presiones en todo el territorio nacional.<\/p>\n<p>Al igual que en d\u00edas anteriores, dijo, las precipitaciones se estar\u00e1n presentando en horas de la tarde, noche y madrugada. Baca advirti\u00f3 que las lluvias podr\u00edan estar acompa\u00f1adas por vientos fuertes y tormentas el\u00e9ctricas.<\/p>\n<p>El Ineter permanece vigilante de un sistema de baja presi\u00f3n que est\u00e1 form\u00e1ndose en el Pac\u00edfico de Costa Rica, y sus posibles afectaciones en Nicaragua.<\/p>\n<p>El director de Meteorolog\u00eda reiter\u00f3 que las lluvias de los \u00faltimos d\u00edas no corresponden a un invierno ya establecido, sino a un per\u00edodo de transici\u00f3n entre la \u00e9poca seca y la \u00e9poca lluviosa.<\/p>\n","protected":false},"excerpt":{"rendered":"<p>Seguir\u00e1 lloviendo en el Pac\u00edfico y Centro del pa\u00eds, asegura el director de Meteorolog\u00eda del Instituto Nicarag\u00fcense de Estudios Territoriales (Ineter), Marcio Baca, tras explicar que continuar\u00e1n las bajas presiones en todo el territorio nacional. Al igual que en d\u00edas anteriores, dijo, las precipitaciones se estar\u00e1n presentando en horas de la tarde, noche y madrugada. [&hellip;]<\/p>\n","protected":false},"author":1,"featured_media":43902,"comment_status":"open","ping_status":"open","sticky":false,"template":"","format":"standard","meta":{"om_disable_all_campaigns":false,"_monsterinsights_skip_tracking":false,"_monsterinsights_sitenote_active":false,"_monsterinsights_sitenote_note":"","_monsterinsights_sitenote_category":0,"footnotes":""},"categories":[3],"tags":[],"class_list":["post-43901","post","type-post","status-publish","format-standard","has-post-thumbnail","hentry","category-nacionales"],"aioseo_notices":[],"_links":{"self":[{"href":"https:\/\/elcronistadigital.com\/index.php?rest_route=\/wp\/v2\/posts\/43901","targetHints":{"allow":["GET"]}}],"collection":[{"href":"https:\/\/elcronistadigital.com\/index.php?rest_route=\/wp\/v2\/posts"}],"about":[{"href":"https:\/\/elcronistadigital.com\/index.php?rest_route=\/wp\/v2\/types\/post"}],"author":[{"embeddable":true,"href":"https:\/\/elcronistadigital.com\/index.php?rest_route=\/wp\/v2\/users\/1"}],"replies":[{"embeddable":true,"href":"https:\/\/elcronistadigital.com\/index.php?rest_route=%2Fwp%2Fv2%2Fcomments&post=43901"}],"version-history":[{"count":1,"href":"https:\/\/elcronistadigital.com\/index.php?rest_route=\/wp\/v2\/posts\/43901\/revisions"}],"predecessor-version":[{"id":43903,"href":"https:\/\/elcronistadigital.com\/index.php?rest_route=\/wp\/v2\/posts\/43901\/revisions\/43903"}],"wp:featuredmedia":[{"embeddable":true,"href":"https:\/\/elcronistadigital.com\/index.php?rest_route=\/wp\/v2\/media\/43902"}],"wp:attachment":[{"href":"https:\/\/elcronistadigital.com\/index.php?rest_route=%2Fwp%2Fv2%2Fmedia&parent=43901"}],"wp:term":[{"taxonomy":"category","embeddable":true,"href":"https:\/\/elcronistadigital.com\/index.php?rest_route=%2Fwp%2Fv2%2Fcategories&post=43901"},{"taxonomy":"post_tag","embeddable":true,"href":"https:\/\/elcronistadigital.com\/index.php?rest_route=%2Fwp%2Fv2%2Ftags&post=43901"}],"curies":[{"name":"wp","href":"https:\/\/api.w.org\/{rel}","templated":true}]}}