{"id":43910,"date":"2016-05-05T08:31:35","date_gmt":"2016-05-05T14:31:35","guid":{"rendered":"http:\/\/elcronistadigital.com\/?p=43910"},"modified":"2016-05-05T08:32:32","modified_gmt":"2016-05-05T14:32:32","slug":"el-gen-que-nos-hace-viejos","status":"publish","type":"post","link":"https:\/\/elcronistadigital.com\/?p=43910","title":{"rendered":"El gen que nos hace ver viejos"},"content":{"rendered":"<p><a href=\"https:\/\/elcronistadigital.com\/wp-content\/uploads\/2016\/05\/gen-juventud.jpeg\"><img loading=\"lazy\" decoding=\"async\" class=\"alignleft size-medium wp-image-43911\" alt=\"gen juventud\" src=\"https:\/\/elcronistadigital.com\/wp-content\/uploads\/2016\/05\/gen-juventud-300x188.jpeg\" width=\"300\" height=\"188\" srcset=\"https:\/\/elcronistadigital.com\/wp-content\/uploads\/2016\/05\/gen-juventud-300x188.jpeg 300w, https:\/\/elcronistadigital.com\/wp-content\/uploads\/2016\/05\/gen-juventud-342x215.jpeg 342w, https:\/\/elcronistadigital.com\/wp-content\/uploads\/2016\/05\/gen-juventud.jpeg 858w\" sizes=\"auto, (max-width: 300px) 100vw, 300px\" \/><\/a>Un nuevo estudio ha puesto al descubierto la primera evidencia gen\u00e9tica que explica la diferencia entre la edad que reflejamos y la que realmente tenemos.<\/p>\n<p>Los cient\u00edficos esperan que descubrir los secretos que permiten a algunas personas lucir m\u00e1s j\u00f3venes que otras, conduzca a nuevos hallazgos para ayudar a que se vean m\u00e1s j\u00f3venes por m\u00e1s tiempo.<\/p>\n<p>Investigadores de Unilever, en conjunto con la Universidad Erasmus MC Medical Centre de Rotterdam y otros aliados, hicieron este descubrimiento a partir de un complejo estudio colaborativo sobre el envejecimiento.<\/p>\n<p>Durante el proyecto, m\u00e1s de 4.000 personas fueron evaluadas por su apariencia en fotograf\u00edas faciales, contemplando m\u00e1s de 100.000 evaluaciones de edad percibida (la edad que reflejan).<\/p>\n<p>Posteriormente el equipo examin\u00f3 m\u00e1s de 8 millones de variantes en el ADN de los participantes para investigar si los que lucen m\u00e1s j\u00f3venes en funci\u00f3n de su edad, presentan variantes diferentes en comparaci\u00f3n a los que parecen mayores a su edad real.<\/p>\n<p>Este estudio, el primero de este tipo, y publicado en la revista \u201cCurrent Biology\u201d, descubri\u00f3 que los individuos portadores de un tipo de gen llamado MC1R lucen dos a\u00f1os mayores en comparaci\u00f3n a aquellos con tipos diferentes.<\/p>\n<p>El Dr. David Gunn, Cient\u00edfico Senior de Unilever y uno de los l\u00edderes del estudio coment\u00f3:<\/p>\n<p>\u00abEsta investigaci\u00f3n es tremendamente emocionante y abre una nueva comprensi\u00f3n del por qu\u00e9 algunas personas mantienen una apariencia m\u00e1s joven a medida que envejecen. Al aprender los \u2018secretos\u2019 de los que se ven m\u00e1s j\u00f3venes para su edad, podemos encontrar formas innovadoras para ayudar a todos a mantener un aspecto m\u00e1s joven durante m\u00e1s tiempo.<\/p>\n<p>\u201cPor supuesto que hay m\u00e1s trabajo por hacer, pero tenemos la esperanza de que este descubrimiento pueda influenciar el futuro desarrollo de productos e innovaciones en Unilever\u201d.<\/p>\n<p>Otro l\u00edder del proyecto, el profesor Manfred Kayser de la Universidad Erasmus MC Medical Center de Rotterdam, indic\u00f3:<\/p>\n<p>\u00abEl descubrimiento de este primer gen relacionado con la edad percibida es importante, ya que abre la puerta para la identificaci\u00f3n de m\u00e1s, que sabemos que existen y que ahora ser\u00e1 posible encontrarlos.<\/p>\n<p>\u201cNuestro hallazgo representa un paso m\u00e1s en la comprensi\u00f3n de las diferencias en el envejecimiento de las personas y brinda nuevas pistas para identificar enlaces moleculares entre la edad percibida, la edad cronol\u00f3gica y la edad biol\u00f3gica. El siguiente paso es entender a nivel molecular por qu\u00e9 lucir m\u00e1s joven implica que eres m\u00e1s saludable, permitiendo eventualmente comprender el envejecimiento sano\u201d.<\/p>\n","protected":false},"excerpt":{"rendered":"<p>Un nuevo estudio ha puesto al descubierto la primera evidencia gen\u00e9tica que explica la diferencia entre la edad que reflejamos y la que realmente tenemos. Los cient\u00edficos esperan que descubrir los secretos que permiten a algunas personas lucir m\u00e1s j\u00f3venes que otras, conduzca a nuevos hallazgos para ayudar a que se vean m\u00e1s j\u00f3venes por [&hellip;]<\/p>\n","protected":false},"author":1,"featured_media":43911,"comment_status":"open","ping_status":"open","sticky":false,"template":"","format":"standard","meta":{"om_disable_all_campaigns":false,"_monsterinsights_skip_tracking":false,"_monsterinsights_sitenote_active":false,"_monsterinsights_sitenote_note":"","_monsterinsights_sitenote_category":0,"footnotes":""},"categories":[7],"tags":[],"class_list":["post-43910","post","type-post","status-publish","format-standard","has-post-thumbnail","hentry","category-salud-y-belleza"],"aioseo_notices":[],"_links":{"self":[{"href":"https:\/\/elcronistadigital.com\/index.php?rest_route=\/wp\/v2\/posts\/43910","targetHints":{"allow":["GET"]}}],"collection":[{"href":"https:\/\/elcronistadigital.com\/index.php?rest_route=\/wp\/v2\/posts"}],"about":[{"href":"https:\/\/elcronistadigital.com\/index.php?rest_route=\/wp\/v2\/types\/post"}],"author":[{"embeddable":true,"href":"https:\/\/elcronistadigital.com\/index.php?rest_route=\/wp\/v2\/users\/1"}],"replies":[{"embeddable":true,"href":"https:\/\/elcronistadigital.com\/index.php?rest_route=%2Fwp%2Fv2%2Fcomments&post=43910"}],"version-history":[{"count":2,"href":"https:\/\/elcronistadigital.com\/index.php?rest_route=\/wp\/v2\/posts\/43910\/revisions"}],"predecessor-version":[{"id":43913,"href":"https:\/\/elcronistadigital.com\/index.php?rest_route=\/wp\/v2\/posts\/43910\/revisions\/43913"}],"wp:featuredmedia":[{"embeddable":true,"href":"https:\/\/elcronistadigital.com\/index.php?rest_route=\/wp\/v2\/media\/43911"}],"wp:attachment":[{"href":"https:\/\/elcronistadigital.com\/index.php?rest_route=%2Fwp%2Fv2%2Fmedia&parent=43910"}],"wp:term":[{"taxonomy":"category","embeddable":true,"href":"https:\/\/elcronistadigital.com\/index.php?rest_route=%2Fwp%2Fv2%2Fcategories&post=43910"},{"taxonomy":"post_tag","embeddable":true,"href":"https:\/\/elcronistadigital.com\/index.php?rest_route=%2Fwp%2Fv2%2Ftags&post=43910"}],"curies":[{"name":"wp","href":"https:\/\/api.w.org\/{rel}","templated":true}]}}