{"id":43914,"date":"2016-05-05T08:43:14","date_gmt":"2016-05-05T14:43:14","guid":{"rendered":"http:\/\/elcronistadigital.com\/?p=43914"},"modified":"2016-05-05T08:43:14","modified_gmt":"2016-05-05T14:43:14","slug":"cij-pone-plazos-a-colombia-y-nicaragua-en-asunto-de-plataforma-continental","status":"publish","type":"post","link":"https:\/\/elcronistadigital.com\/?p=43914","title":{"rendered":"CIJ pone plazos a Colombia y Nicaragua en asunto de plataforma continental"},"content":{"rendered":"<p><a href=\"https:\/\/elcronistadigital.com\/wp-content\/uploads\/2016\/05\/cij.jpg\"><img loading=\"lazy\" decoding=\"async\" class=\"alignleft size-full wp-image-43915\" alt=\"cij\" src=\"https:\/\/elcronistadigital.com\/wp-content\/uploads\/2016\/05\/cij.jpg\" width=\"450\" height=\"253\" srcset=\"https:\/\/elcronistadigital.com\/wp-content\/uploads\/2016\/05\/cij.jpg 450w, https:\/\/elcronistadigital.com\/wp-content\/uploads\/2016\/05\/cij-300x168.jpg 300w, https:\/\/elcronistadigital.com\/wp-content\/uploads\/2016\/05\/cij-342x192.jpg 342w\" sizes=\"auto, (max-width: 450px) 100vw, 450px\" \/><\/a>La Corte Internacional de Justicia de La Haya (CIJ) emiti\u00f3 el mi\u00e9rcoles una comunicaci\u00f3n en la que notifica a los gobiernos de Nicaragua y Colombia que tienen un a\u00f1o, entre el 28 de septiembre del 2016 y el mismo d\u00eda del 2017, para presentar sus memorias sobre el diferendo lim\u00edtrofe con el que Managua busca ampliar su plataforma continental m\u00e1s all\u00e1 de 200 millas n\u00e1uticas, a lo que opone Bogot\u00e1.<\/p>\n<p>Este es un paso procedimental para la decisi\u00f3n que este tribunal internacional quiere tomar de fondo sobre el tema, ya que el pasado 17 de marzo se declar\u00f3 competente para conocer del caso a pesar de la oposici\u00f3n que Colombia puso al respecto.<\/p>\n<p>Esas memorias consisten en los argumentos jur\u00eddicos, pol\u00edticos y econ\u00f3micos, sin desconocer otros aspectos, que los gobiernos en disputa consideran como necesarios para determinar el sentido del fallo final. No obstante, esa fase final del proceso a\u00fan se puede tardar varios a\u00f1os.<\/p>\n<p>Nicaragua intenta ampliar su lecho marino en m\u00e1s de 200 millas n\u00e1uticas, lo que se traduce en que su jurisdicci\u00f3n lim\u00edtrofe podr\u00eda llegar, si La Haya falla a su favor, hasta aguas que hoy hacen parte de la soberan\u00eda colombiana y que est\u00e1n cercanas a las aguas de Cartagena.<\/p>\n<p>Sin embargo, esta nueva citaci\u00f3n de la CIJ no pasar\u00eda de ser un formalismo, ya que desde el mismo d\u00eda que esa instancia se declar\u00f3 competente para pronunciarse de fondo sobre esta disputa lim\u00edtrofe, la Casa de Nari\u00f1o advirti\u00f3 que no compart\u00eda la decisi\u00f3n y que no acudir\u00eda m\u00e1s ante ese tribunal.<\/p>\n<p>Las razones dadas por el presidente Juan Manuel Santos se basaban, entre otros argumentos, que Colombia renunci\u00f3 al Pacto de Bogot\u00e1 (lo que le da competencia jur\u00eddica a la CIJ sobre los Estados) desde el fallo adverso del 19 de noviembre del 2012 cuando gran parte de las aguas del mar Caribe fueron devueltas a Nicaragua.<\/p>\n<p>\u201cColombia no seguir\u00e1 compareciendo ante la Corte Internacional de Justicia en este asunto. Los colombianos pueden estar seguros, muy seguros, de que todos unidos vamos a seguir defendiendo hasta el \u00faltimo cent\u00edmetro de nuestro territorio\u201d, afirm\u00f3 Santos en su momento.<\/p>\n<p>Por su parte, el Gobierno respondi\u00f3 a la CIJ diciendo que la decisi\u00f3n de no comparecer \u00abno implica renunciar a hacer uso del derecho de defensa en el mencionado proceso, tal y como lo prev\u00e9 el art\u00edculo 53 del Estatuto de la Corte\u00bb.<\/p>\n","protected":false},"excerpt":{"rendered":"<p>La Corte Internacional de Justicia de La Haya (CIJ) emiti\u00f3 el mi\u00e9rcoles una comunicaci\u00f3n en la que notifica a los gobiernos de Nicaragua y Colombia que tienen un a\u00f1o, entre el 28 de septiembre del 2016 y el mismo d\u00eda del 2017, para presentar sus memorias sobre el diferendo lim\u00edtrofe con el que Managua busca [&hellip;]<\/p>\n","protected":false},"author":1,"featured_media":43915,"comment_status":"open","ping_status":"open","sticky":false,"template":"","format":"standard","meta":{"om_disable_all_campaigns":false,"_monsterinsights_skip_tracking":false,"_monsterinsights_sitenote_active":false,"_monsterinsights_sitenote_note":"","_monsterinsights_sitenote_category":0,"footnotes":""},"categories":[3524,13],"tags":[],"class_list":["post-43914","post","type-post","status-publish","format-standard","has-post-thumbnail","hentry","category-noticas","category-portada"],"aioseo_notices":[],"_links":{"self":[{"href":"https:\/\/elcronistadigital.com\/index.php?rest_route=\/wp\/v2\/posts\/43914","targetHints":{"allow":["GET"]}}],"collection":[{"href":"https:\/\/elcronistadigital.com\/index.php?rest_route=\/wp\/v2\/posts"}],"about":[{"href":"https:\/\/elcronistadigital.com\/index.php?rest_route=\/wp\/v2\/types\/post"}],"author":[{"embeddable":true,"href":"https:\/\/elcronistadigital.com\/index.php?rest_route=\/wp\/v2\/users\/1"}],"replies":[{"embeddable":true,"href":"https:\/\/elcronistadigital.com\/index.php?rest_route=%2Fwp%2Fv2%2Fcomments&post=43914"}],"version-history":[{"count":1,"href":"https:\/\/elcronistadigital.com\/index.php?rest_route=\/wp\/v2\/posts\/43914\/revisions"}],"predecessor-version":[{"id":43916,"href":"https:\/\/elcronistadigital.com\/index.php?rest_route=\/wp\/v2\/posts\/43914\/revisions\/43916"}],"wp:featuredmedia":[{"embeddable":true,"href":"https:\/\/elcronistadigital.com\/index.php?rest_route=\/wp\/v2\/media\/43915"}],"wp:attachment":[{"href":"https:\/\/elcronistadigital.com\/index.php?rest_route=%2Fwp%2Fv2%2Fmedia&parent=43914"}],"wp:term":[{"taxonomy":"category","embeddable":true,"href":"https:\/\/elcronistadigital.com\/index.php?rest_route=%2Fwp%2Fv2%2Fcategories&post=43914"},{"taxonomy":"post_tag","embeddable":true,"href":"https:\/\/elcronistadigital.com\/index.php?rest_route=%2Fwp%2Fv2%2Ftags&post=43914"}],"curies":[{"name":"wp","href":"https:\/\/api.w.org\/{rel}","templated":true}]}}