{"id":43929,"date":"2016-05-06T08:35:25","date_gmt":"2016-05-06T14:35:25","guid":{"rendered":"http:\/\/elcronistadigital.com\/?p=43929"},"modified":"2016-05-06T08:35:25","modified_gmt":"2016-05-06T14:35:25","slug":"nicaragua-fuera-de-fatales-estadisticas","status":"publish","type":"post","link":"https:\/\/elcronistadigital.com\/?p=43929","title":{"rendered":"Nicaragua fuera de fatales estad\u00edsticas"},"content":{"rendered":"<p><span style=\"color: #993300;\"><em><strong><a href=\"https:\/\/elcronistadigital.com\/wp-content\/uploads\/2016\/05\/violentos.jpg\"><img loading=\"lazy\" decoding=\"async\" class=\"alignleft size-full wp-image-43930\" alt=\"violentos\" src=\"https:\/\/elcronistadigital.com\/wp-content\/uploads\/2016\/05\/violentos.jpg\" width=\"400\" height=\"300\" srcset=\"https:\/\/elcronistadigital.com\/wp-content\/uploads\/2016\/05\/violentos.jpg 400w, https:\/\/elcronistadigital.com\/wp-content\/uploads\/2016\/05\/violentos-300x225.jpg 300w, https:\/\/elcronistadigital.com\/wp-content\/uploads\/2016\/05\/violentos-342x256.jpg 342w, https:\/\/elcronistadigital.com\/wp-content\/uploads\/2016\/05\/violentos-60x45.jpg 60w, https:\/\/elcronistadigital.com\/wp-content\/uploads\/2016\/05\/violentos-150x113.jpg 150w, https:\/\/elcronistadigital.com\/wp-content\/uploads\/2016\/05\/violentos-269x201.jpg 269w\" sizes=\"auto, (max-width: 400px) 100vw, 400px\" \/><\/a>* No existen grupos yihadistas en Centroam\u00e9rica y M\u00e9xico, sin embargo, somos la segunda regi\u00f3n m\u00e1s violenta del mundo con 34 mil fallecidos en 2015 por dicha causa, de los 167 mil muertos por dicha causa en territorios en conflicto. Nicaragua est\u00e1 fuera de ese infierno.<\/strong><\/em><\/span><\/p>\n<p>Uno de cada cinco muertos en conflictos violentos en el mundo pertenece a M\u00e9xico y Centroam\u00e9rica. Nicaragua no aparece en esa tr\u00e1gica estad\u00edstica publicada en el Informe sobre Conflictos Armados que public\u00f3 el jueves el Instituto Internacional de Estudios Estrat\u00e9gicos (IISS, por sus siglas en ingl\u00e9s), basado en Londres.<\/p>\n<p>El reporte, citado en Proceso, de M\u00e9xico, asegura que en esta regi\u00f3n murieron 34 mil de los 167 mil fallecidos en situaci\u00f3n de conflicto en el planeta.<\/p>\n<p>Con ello, el IISS asume que la llamada \u201cguerra contra el narcotr\u00e1fico\u201d coloca a M\u00e9xico y las naciones del Tri\u00e1ngulo Norte de Centroam\u00e9rica \u2013Honduras, Guatemala y El Salvador\u2013 dentro de la lista de pa\u00edses en situaci\u00f3n de conflicto armado.<\/p>\n<p>Y el n\u00famero de muertos en la regi\u00f3n se increment\u00f3, al pasar de 30 mil en 2014 a 34 mil en 2015, plantea el estudio.<\/p>\n<p>De acuerdo con IISS, M\u00e9xico y los pa\u00edses del Tri\u00e1ngulo Norte de Centroam\u00e9rica sumaron 99% de las v\u00edctimas de conflicto armado en el subcontinente, ya que las negociaciones de paz entre las Fuerzas Armadas Revolucionarias de Colombia (FARC) y el gobierno disminuyeron el n\u00famero de muertos de 500 a 350 entre 2014 y 2015.<\/p>\n<p>Fundada en 1958, la instituci\u00f3n result\u00f3 pesimista en cuanto a los conflictos en M\u00e9xico y Centroam\u00e9rica. \u201cLas v\u00edctimas de estos conflictos est\u00e1n a la par de Irak y Nigeria, aunque la mayor\u00eda de los enfrentamientos se lleven a cabo con armas ligeras\u201d, subraya el documento.<\/p>\n<p>Luego, a\u00f1ade que \u201cninguno de estos conflictos se acerca a una resoluci\u00f3n o un decrecimiento\u201d.<\/p>\n<p>Seg\u00fan los expertos, la regi\u00f3n latinoamericana result\u00f3 la segunda m\u00e1s letal del mundo en materia de muertes por conflictos armados, detr\u00e1s de Medio Oriente y \u00c1frica del Norte, donde los conflictos entre fuerzas gubernamentales y grupos insurgentes y yihadistas como el Estado Isl\u00e1mico mataron a 83 mil personas.<\/p>\n<p>El informe subraya que los conflictos que sacudieron Siria, Irak, Centroam\u00e9rica, M\u00e9xico, Afganist\u00e1n y Nigeria en 2015 causaron 80% de las v\u00edctimas a nivel global.<\/p>\n<p>\u201cDesde 2008 hubo un descenso en el n\u00famero de conflictos activos, pero un incremento importante en los muertos que han generado\u201d, alerta el IISS. Agrega que el n\u00famero de refugiados se dispar\u00f3 en los \u00faltimos tres a\u00f1os, al pasar de 33 millones en 2013 a 46 millones a mitades de 2015.<\/p>\n","protected":false},"excerpt":{"rendered":"<p>* No existen grupos yihadistas en Centroam\u00e9rica y M\u00e9xico, sin embargo, somos la segunda regi\u00f3n m\u00e1s violenta del mundo con 34 mil fallecidos en 2015 por dicha causa, de los 167 mil muertos por dicha causa en territorios en conflicto. Nicaragua est\u00e1 fuera de ese infierno. Uno de cada cinco muertos en conflictos violentos en [&hellip;]<\/p>\n","protected":false},"author":1,"featured_media":43930,"comment_status":"open","ping_status":"open","sticky":false,"template":"","format":"standard","meta":{"om_disable_all_campaigns":false,"_monsterinsights_skip_tracking":false,"_monsterinsights_sitenote_active":false,"_monsterinsights_sitenote_note":"","_monsterinsights_sitenote_category":0,"footnotes":""},"categories":[3524,13],"tags":[],"class_list":["post-43929","post","type-post","status-publish","format-standard","has-post-thumbnail","hentry","category-noticas","category-portada"],"aioseo_notices":[],"_links":{"self":[{"href":"https:\/\/elcronistadigital.com\/index.php?rest_route=\/wp\/v2\/posts\/43929","targetHints":{"allow":["GET"]}}],"collection":[{"href":"https:\/\/elcronistadigital.com\/index.php?rest_route=\/wp\/v2\/posts"}],"about":[{"href":"https:\/\/elcronistadigital.com\/index.php?rest_route=\/wp\/v2\/types\/post"}],"author":[{"embeddable":true,"href":"https:\/\/elcronistadigital.com\/index.php?rest_route=\/wp\/v2\/users\/1"}],"replies":[{"embeddable":true,"href":"https:\/\/elcronistadigital.com\/index.php?rest_route=%2Fwp%2Fv2%2Fcomments&post=43929"}],"version-history":[{"count":1,"href":"https:\/\/elcronistadigital.com\/index.php?rest_route=\/wp\/v2\/posts\/43929\/revisions"}],"predecessor-version":[{"id":43931,"href":"https:\/\/elcronistadigital.com\/index.php?rest_route=\/wp\/v2\/posts\/43929\/revisions\/43931"}],"wp:featuredmedia":[{"embeddable":true,"href":"https:\/\/elcronistadigital.com\/index.php?rest_route=\/wp\/v2\/media\/43930"}],"wp:attachment":[{"href":"https:\/\/elcronistadigital.com\/index.php?rest_route=%2Fwp%2Fv2%2Fmedia&parent=43929"}],"wp:term":[{"taxonomy":"category","embeddable":true,"href":"https:\/\/elcronistadigital.com\/index.php?rest_route=%2Fwp%2Fv2%2Fcategories&post=43929"},{"taxonomy":"post_tag","embeddable":true,"href":"https:\/\/elcronistadigital.com\/index.php?rest_route=%2Fwp%2Fv2%2Ftags&post=43929"}],"curies":[{"name":"wp","href":"https:\/\/api.w.org\/{rel}","templated":true}]}}