{"id":43932,"date":"2016-05-06T10:06:22","date_gmt":"2016-05-06T16:06:22","guid":{"rendered":"http:\/\/elcronistadigital.com\/?p=43932"},"modified":"2016-05-06T10:06:22","modified_gmt":"2016-05-06T16:06:22","slug":"al-rescate-de-las-semillas-criollas","status":"publish","type":"post","link":"https:\/\/elcronistadigital.com\/?p=43932","title":{"rendered":"Al rescate de las semillas criollas"},"content":{"rendered":"<p><a href=\"https:\/\/elcronistadigital.com\/wp-content\/uploads\/2016\/05\/semillas-criollas.jpg\"><img loading=\"lazy\" decoding=\"async\" class=\"alignleft size-full wp-image-43933\" alt=\"semillas criollas\" src=\"https:\/\/elcronistadigital.com\/wp-content\/uploads\/2016\/05\/semillas-criollas.jpg\" width=\"450\" height=\"337\" srcset=\"https:\/\/elcronistadigital.com\/wp-content\/uploads\/2016\/05\/semillas-criollas.jpg 450w, https:\/\/elcronistadigital.com\/wp-content\/uploads\/2016\/05\/semillas-criollas-300x224.jpg 300w, https:\/\/elcronistadigital.com\/wp-content\/uploads\/2016\/05\/semillas-criollas-342x256.jpg 342w, https:\/\/elcronistadigital.com\/wp-content\/uploads\/2016\/05\/semillas-criollas-60x45.jpg 60w, https:\/\/elcronistadigital.com\/wp-content\/uploads\/2016\/05\/semillas-criollas-150x113.jpg 150w, https:\/\/elcronistadigital.com\/wp-content\/uploads\/2016\/05\/semillas-criollas-269x201.jpg 269w\" sizes=\"auto, (max-width: 450px) 100vw, 450px\" \/><\/a>Carmen Herrera |Noticias Aliadas<\/p>\n<p>A pesar de ser el \u00fanico pa\u00eds centroamericano donde se proh\u00edbe el uso de semillas transg\u00e9nicas, existe la posibilidad de que se apruebe una ley que pondr\u00eda en riesgo la producci\u00f3n agroecol\u00f3gica.<\/p>\n<p>El uso de semillas criollas y acriolladas para la producci\u00f3n de m\u00e1s del 75% de granos b\u00e1sicos; la habilitaci\u00f3n de 408 bancos de semillas criollas en manos de peque\u00f1os productores y productoras; la aprobaci\u00f3n de la Ley 765 de Fomento a la Producci\u00f3n Agroecol\u00f3gica y Org\u00e1nica; la declaraci\u00f3n de 11 territorios libres de transg\u00e9nicos y la voluntad pol\u00edtica del gobierno, de organizaciones de sociedad civil y de agencias de cooperaci\u00f3n para apoyar pol\u00edticas p\u00fablicas de producci\u00f3n agroecol\u00f3gicas, forman parte de una estrategia que ha cobrado fuerza desde el 2008 a la fecha, para el rescate, conservaci\u00f3n, multiplicaci\u00f3n, mejoramiento, uso y consumo de variedades de semillas criollas y acriolladas como din\u00e1mica para resolver la soberan\u00eda y seguridad alimentaria del pa\u00eds.<\/p>\n<p>El rescate del uso de semillas criollas y acriolladas fue una iniciativa del Programa de Campesino a Campesino de la Uni\u00f3n Nacional de Agricultores y Ganaderos, (UNAG), que agrupa a peque\u00f1os y medianos productores, para su promoci\u00f3n y posicionamiento como alternativa agroecol\u00f3gica y evitar el uso de semillas transg\u00e9nicas.<\/p>\n<p>A partir de entonces se ha conformado un espacio denominado Alianza Semillas de Identidad que aglutina a m\u00e1s de 10 organizaciones de la sociedad civil que promueven acciones basadas en los conocimientos y pr\u00e1cticas agroecol\u00f3gicas locales. Por su parte, el Estado, a trav\u00e9s del Instituto Nicarag\u00fcense de Tecnolog\u00eda Agropecuaria, lleva a cabo proyectos de fomento a la producci\u00f3n agroecol\u00f3gica a nivel nacional.<\/p>\n<p>\u201cEste trabajo de rescate lo iniciamos en medio de dudas y ciertas batallas, pues mucha gente nos cuestionaba sobre el hecho de que promover esta iniciativa era sin\u00f3nimo de atraso, pobreza. La palabra criollo, tradicionalmente, tiene una connotaci\u00f3n de penuria. Fuimos cuestionados por instituciones del Estado. Nos miraban como poco serios, como que no \u00e9ramos lo suficientemente cient\u00edficos; sin embargo, con el tiempo, tanto las instancias del gobierno como organizaciones no gubernamentales y agencias de cooperaci\u00f3n se han sumado a este esfuerzo a trav\u00e9s de la investigaci\u00f3n y la promoci\u00f3n de tecnolog\u00edas agroecol\u00f3gicas, entre otras din\u00e1micas\u201d, expresa Jorge Ir\u00e1n V\u00e1squez, t\u00e9cnico nacional del Programa de Campesino a Campesino, a Noticias Aliadas.<\/p>\n<p>A pesar de estos cambios positivos en la visi\u00f3n de la promoci\u00f3n de las semillas criollas y acriolladas, falta vencer el tema de la reglamentaci\u00f3n y aportaci\u00f3n de recursos econ\u00f3micos para la aplicaci\u00f3n veraz del marco legal, detener el avance de la industria qu\u00edmica que tensiona y promueve la venta de semillas transg\u00e9nicas, superar las deficiencias del manejo del sistema productivo todav\u00eda prevaleciente en el uso de agroqu\u00edmicos como insumos para la recuperaci\u00f3n del suelo y el combate de plagas, as\u00ed como las deficiencias para el cultivo de agua, en un pa\u00eds que depende casi en su totalidad de la estaci\u00f3n lluviosa para la siembra de productos alimenticios y que enfrenta, desde hace tres a\u00f1os, una de las peores sequ\u00edas de su historia reciente, con el fen\u00f3meno de El Ni\u00f1o.<\/p>\n<p>\u201cLa producci\u00f3n campesina, adem\u00e1s, se ve afectada por las industrias transnacionales que influyen con la promoci\u00f3n de procesos agroindustriales que dependen de su oferta: maquinaria, insumo y semillas. Para el sector rural es dif\u00edcil establecer una lucha contra los insumos porque dependen de los agroqu\u00edmicos. En el caso de Nicaragua no hubo introducci\u00f3n de maquinaria para el sector productivo peque\u00f1o y en el caso de las semillas creadas en laboratorio, estas no han logrado penetrar para los productos de consumo b\u00e1sico\u201d, analiza Harold Calvo, promotor de la Alianza de Semillas de Identidad, en entrevista con Noticias Aliadas.<\/p>\n<p>Marco legal<\/p>\n<p>La Uni\u00f3n de Productores de Nicaragua (UPANIC), que aglutina a los grandes productores agropecuarios, ha hecho p\u00fablica su solicitud al gobierno de permitir la introducci\u00f3n de semillas transg\u00e9nicas y hacerse legalmente de la venta y consumo de semillas mejoradas y transg\u00e9nicas.<\/p>\n<p>\u201cUn 10% de semillas criollas es obtenida por el gobierno y la FAO para repartirlas a sus productores y productoras beneficiarias. Con esta cantidad se alcanza completar un 85% de la producci\u00f3n total con base en semillas criollas. A la fecha, en el pa\u00eds, s\u00f3lo se permite la importaci\u00f3n de productos transg\u00e9nicos para el alimento de animales, lo que significa que a trav\u00e9s de la carne de \u00e9stos, la poblaci\u00f3n consume transg\u00e9nicos\u201d, enfatiza Calvo.<\/p>\n<p>En cuanto al marco legal, seg\u00fan se desprende de la informaci\u00f3n dada por algunas organizaciones que promueven la agricultura ecol\u00f3gica, a pesar de que el gobierno del presidente Daniel Ortega ha apoyado la aprobaci\u00f3n de normas que protegen la producci\u00f3n org\u00e1nica, a la fecha leyes como la 807 de Conservaci\u00f3n y Utilizaci\u00f3n Sostenible de la Diversidad Biol\u00f3gica, referente a la protecci\u00f3n de la bioseguridad aprobada en el 2012, no est\u00e1 reglamentada, y el reciente anteproyecto de Ley de Regulaci\u00f3n, Producci\u00f3n e Importaci\u00f3n de Semillas, o Ley de Semillas, aun cuando no ha sido aprobado, deja varios de sus art\u00edculos abiertos a la posibilidad de la introducci\u00f3n de semillas transg\u00e9nicas al pa\u00eds, al proponer la obligatoriedad de certificar semillas madres.<\/p>\n<p>\u201cA la propuesta del anteproyecto de Ley de Semillas le hicimos una serie de mociones\u201d, aclara Calvo. \u201cEsa ley har\u00e1 que los productores entren en la ilegalidad, en el sentido de que quieren promover la producci\u00f3n de semillas madres vigilada por el estatal Instituto de Producci\u00f3n y Sanidad Agropecuaria. Las semillas criollas tienen miles de genes y de or\u00edgenes, es dif\u00edcil saber cu\u00e1l es la madre porque a diario la est\u00e1n cruzando. Lo que ellos quieren es que todas las semillas sean certificadas y vendidas para capturar el 75% que consume semillas criollas\u201d.<\/p>\n<p>Otro de los retos de importancia enfrentados por el sector rural, aun cuando hay avances en la utilizaci\u00f3n de semillas criollas para la siembra tanto de granos b\u00e1sicos como de hortalizas y frutas, no se complementa con el uso de otras herramientas agroecol\u00f3gicas.<\/p>\n<p>\u201cLas semillas criollas no son m\u00e1gicas. Estas debe estar acompa\u00f1adas, para hacer sostenible su uso, de pr\u00e1cticas agroecol\u00f3gicas integrales: uso de agua, suelo, organizaci\u00f3n comunitaria. La gente debe tener autonom\u00eda y soberan\u00eda para organizarse en funci\u00f3n de defender sus sistemas productivos aprendidos de sus antepasados\u201d, analiza V\u00e1squez.<\/p>\n<p>Proteger la biodiversidad<\/p>\n<p>Como logros obtenidos por la Alianza Semillas de Identidad, Erick Barrera, coordinador del proyecto \u201cRescate, preservaci\u00f3n y multiplicaci\u00f3n de Semillas Criollas\u201d de la Fundaci\u00f3n Dennis Ernesto Gonz\u00e1lez, destaca la aprobaci\u00f3n de 11 ordenanzas municipales \u201cpara la protecci\u00f3n y fomento de la biodiversidad, las semillas criollas y acriolladas y declarar Territorios Libres de Especies Transg\u00e9nicas\u201d y otras nueve ordenanzas municipales en proceso de aprobaci\u00f3n. Tambi\u00e9n destaca que el 50% de los bancos de semillas son cuidados y administrados por mujeres productoras; que haya designaciones de presupuestos municipales en las alcald\u00edas para la compra y promoci\u00f3n de semillas criollas y acriolladas para ser entregadas a sus poblaciones metas; y que existan m\u00e1s de 35,000 familias productoras de semillas criollas, integrantes de organizaciones de la Alianza.<\/p>\n<p>En cuanto al tema de investigaci\u00f3n, las organizaciones de la Alianza destacan la promoci\u00f3n de parcelas de fitomejoramiento de semillas criollas de frijol y ma\u00edz para adaptarlas al cambio clim\u00e1tico; convenios con universidades estatales; la realizaci\u00f3n de marchas a nivel nacional en demanda de dar cumplimiento al marco legal para la no introducci\u00f3n de semillas transg\u00e9nicas; y cabildeo para la reglamentaci\u00f3n de la Ley 807.<\/p>\n<p>La pr\u00e1ctica de la no quema para la siembra en un 90% a nivel nacional y la valoraci\u00f3n positiva que hace el actual gobierno al uso de las semillas criollas, tambi\u00e9n representan logros para la Alianza.<\/p>\n<p>Entre los retos que enfrentan est\u00e1n: la especializaci\u00f3n por rubros (ma\u00edz, frijoles, sorgo, arroz, entre otros) a los productores de semillas criollas y acriolladas; la conformaci\u00f3n de redes de bancos de semillas a nivel nacional; el establecimiento de modalidades de compra-venta y precio para las semillas criollas. Otros retos son la reglamentaci\u00f3n de la Ley 807 y trabajar en la reducci\u00f3n y\/o eliminaci\u00f3n de agroqu\u00edmicos para la producci\u00f3n de semillas criollas y acriolladas, ya que a la fecha todav\u00eda el 40% de los insumos utilizados en su producci\u00f3n son agroqu\u00edmicos, seg\u00fan t\u00e9cnicos de campo de las organizaciones de la Alianza.<\/p>\n<p>Asimismo, enfrentan la campa\u00f1a de las grandes empresas organizadas en el Consejo Superior de la Empresa Privada (COSEP), en cuanto a la afirmaci\u00f3n que han hecho recientemente a ra\u00edz del fen\u00f3meno de El Ni\u00f1o, de que \u201cla semilla transg\u00e9nica es la soluci\u00f3n para el cambio clim\u00e1tico\u201d, y la amenaza de la aprobaci\u00f3n de la Ley de Semillas que podr\u00eda permitir el ingreso de semillas transg\u00e9nicas en el \u00fanico pa\u00eds de la regi\u00f3n centroamericana que est\u00e1 prohibido su uso para la siembra de alimentos de consumo humano.<\/p>\n<p>Pero, el desaf\u00edo m\u00e1s sentido es el referido a la falta de conciencia de la poblaci\u00f3n en general que no hace la diferencia sobre la importancia de consumir y comprar productos org\u00e1nicos, en un pa\u00eds en que los peque\u00f1os agricultores llevan m\u00e1s de tres d\u00e9cadas apostando por la producci\u00f3n agroecol\u00f3gica de los principales rubros de la dieta nicarag\u00fcense: el ma\u00edz y los frijoles.<\/p>\n<p>\u201cTenemos una deuda pendiente con la poblaci\u00f3n, a la que no hemos sensibilizado sobre las bondades de consumir productos org\u00e1nicos tanto para su salud como para aportar al proceso de estimulaci\u00f3n de las y los campesinos que producen org\u00e1nicamente\u201d, reflexiona V\u00e1squez.<\/p>\n","protected":false},"excerpt":{"rendered":"<p>Carmen Herrera |Noticias Aliadas A pesar de ser el \u00fanico pa\u00eds centroamericano donde se proh\u00edbe el uso de semillas transg\u00e9nicas, existe la posibilidad de que se apruebe una ley que pondr\u00eda en riesgo la producci\u00f3n agroecol\u00f3gica. El uso de semillas criollas y acriolladas para la producci\u00f3n de m\u00e1s del 75% de granos b\u00e1sicos; la habilitaci\u00f3n [&hellip;]<\/p>\n","protected":false},"author":1,"featured_media":43933,"comment_status":"open","ping_status":"open","sticky":false,"template":"","format":"standard","meta":{"om_disable_all_campaigns":false,"_monsterinsights_skip_tracking":false,"_monsterinsights_sitenote_active":false,"_monsterinsights_sitenote_note":"","_monsterinsights_sitenote_category":0,"footnotes":""},"categories":[3524,13],"tags":[],"class_list":["post-43932","post","type-post","status-publish","format-standard","has-post-thumbnail","hentry","category-noticas","category-portada"],"aioseo_notices":[],"_links":{"self":[{"href":"https:\/\/elcronistadigital.com\/index.php?rest_route=\/wp\/v2\/posts\/43932","targetHints":{"allow":["GET"]}}],"collection":[{"href":"https:\/\/elcronistadigital.com\/index.php?rest_route=\/wp\/v2\/posts"}],"about":[{"href":"https:\/\/elcronistadigital.com\/index.php?rest_route=\/wp\/v2\/types\/post"}],"author":[{"embeddable":true,"href":"https:\/\/elcronistadigital.com\/index.php?rest_route=\/wp\/v2\/users\/1"}],"replies":[{"embeddable":true,"href":"https:\/\/elcronistadigital.com\/index.php?rest_route=%2Fwp%2Fv2%2Fcomments&post=43932"}],"version-history":[{"count":1,"href":"https:\/\/elcronistadigital.com\/index.php?rest_route=\/wp\/v2\/posts\/43932\/revisions"}],"predecessor-version":[{"id":43934,"href":"https:\/\/elcronistadigital.com\/index.php?rest_route=\/wp\/v2\/posts\/43932\/revisions\/43934"}],"wp:featuredmedia":[{"embeddable":true,"href":"https:\/\/elcronistadigital.com\/index.php?rest_route=\/wp\/v2\/media\/43933"}],"wp:attachment":[{"href":"https:\/\/elcronistadigital.com\/index.php?rest_route=%2Fwp%2Fv2%2Fmedia&parent=43932"}],"wp:term":[{"taxonomy":"category","embeddable":true,"href":"https:\/\/elcronistadigital.com\/index.php?rest_route=%2Fwp%2Fv2%2Fcategories&post=43932"},{"taxonomy":"post_tag","embeddable":true,"href":"https:\/\/elcronistadigital.com\/index.php?rest_route=%2Fwp%2Fv2%2Ftags&post=43932"}],"curies":[{"name":"wp","href":"https:\/\/api.w.org\/{rel}","templated":true}]}}