{"id":43936,"date":"2016-05-06T11:35:35","date_gmt":"2016-05-06T17:35:35","guid":{"rendered":"http:\/\/elcronistadigital.com\/?p=43936"},"modified":"2016-05-06T11:35:35","modified_gmt":"2016-05-06T17:35:35","slug":"megaterremoto-amenaza-a-estados-unidos","status":"publish","type":"post","link":"https:\/\/elcronistadigital.com\/?p=43936","title":{"rendered":"Megaterremoto amenaza a Estados Unidos"},"content":{"rendered":"<div id=\"attachment_43937\" style=\"width: 460px\" class=\"wp-caption alignleft\"><a href=\"https:\/\/elcronistadigital.com\/wp-content\/uploads\/2016\/05\/falla-de-san-andr\u00e9s.jpg\"><img loading=\"lazy\" decoding=\"async\" aria-describedby=\"caption-attachment-43937\" class=\"size-full wp-image-43937\" alt=\"La pavorosa falla de San Andr\u00e9s amenaza nuevamente a Estados Unidos, seg\u00fan expertos.\" src=\"https:\/\/elcronistadigital.com\/wp-content\/uploads\/2016\/05\/falla-de-san-andr\u00e9s.jpg\" width=\"450\" height=\"253\" srcset=\"https:\/\/elcronistadigital.com\/wp-content\/uploads\/2016\/05\/falla-de-san-andr\u00e9s.jpg 450w, https:\/\/elcronistadigital.com\/wp-content\/uploads\/2016\/05\/falla-de-san-andr\u00e9s-300x168.jpg 300w, https:\/\/elcronistadigital.com\/wp-content\/uploads\/2016\/05\/falla-de-san-andr\u00e9s-342x192.jpg 342w\" sizes=\"auto, (max-width: 450px) 100vw, 450px\" \/><\/a><p id=\"caption-attachment-43937\" class=\"wp-caption-text\">La pavorosa falla de San Andr\u00e9s amenaza nuevamente a Estados Unidos, seg\u00fan expertos.<\/p><\/div>\n<p>La falla de San Andr\u00e9s ha estado demasiado \u00abquieta\u00bb desde 1857, cuando gener\u00f3 un terremoto de 7,9 grados en la escala de Richter. Por eso, el director del Centro S\u00edsmico del Sur de California, Thomas Jordan, advirti\u00f3 que la falla est\u00e1 \u00abcargada y lista para temblar\u00bb, public\u00f3 Los Angeles Times.<\/p>\n<p>De acuerdo con el an\u00e1lisis de las placas tect\u00f3nicas, cada 100 a\u00f1os los sismos generan movimientos de unos 4,8 metros. En el caso de la falla de San Andr\u00e9s, detallaron que ha acumulado tensi\u00f3n de manera ininterrumpida durante m\u00e1s de un siglo.<\/p>\n<p>Por eso, Jordan advirti\u00f3 que las autoridades estatales deben estar preparadas para un eventual terremoto de por lo menos 8 grados en la escala de Richter, por lo que deber\u00edan reforzar sus edificios, acueductos y redes de telecomunicaciones.<\/p>\n<p>Seg\u00fan un informe elaborado en 2008 por el Servicio Geol\u00f3gico de EE.UU., un sismo de 7,8 grados en la zona sur de la falla de San Andr\u00e9s podr\u00eda causar la muerte de 1.800 personas, heridas a unas 50.000 y da\u00f1os por 200.000 millones de d\u00f3lares.<\/p>\n<p>Ese terremoto, recordaron los expertos, podr\u00eda extenderse durante unos dos minutos y afectar\u00eda especialmente el Valle de Coachella, Inland Empire y el valle del Ant\u00edlope, aunque tambi\u00e9n tendr\u00eda fuerte impacto en Los \u00c1ngeles.<\/p>\n","protected":false},"excerpt":{"rendered":"<p>La falla de San Andr\u00e9s ha estado demasiado \u00abquieta\u00bb desde 1857, cuando gener\u00f3 un terremoto de 7,9 grados en la escala de Richter. Por eso, el director del Centro S\u00edsmico del Sur de California, Thomas Jordan, advirti\u00f3 que la falla est\u00e1 \u00abcargada y lista para temblar\u00bb, public\u00f3 Los Angeles Times. De acuerdo con el an\u00e1lisis [&hellip;]<\/p>\n","protected":false},"author":1,"featured_media":43937,"comment_status":"open","ping_status":"open","sticky":false,"template":"","format":"standard","meta":{"om_disable_all_campaigns":false,"_monsterinsights_skip_tracking":false,"_monsterinsights_sitenote_active":false,"_monsterinsights_sitenote_note":"","_monsterinsights_sitenote_category":0,"footnotes":""},"categories":[3524],"tags":[],"class_list":["post-43936","post","type-post","status-publish","format-standard","has-post-thumbnail","hentry","category-noticas"],"aioseo_notices":[],"_links":{"self":[{"href":"https:\/\/elcronistadigital.com\/index.php?rest_route=\/wp\/v2\/posts\/43936","targetHints":{"allow":["GET"]}}],"collection":[{"href":"https:\/\/elcronistadigital.com\/index.php?rest_route=\/wp\/v2\/posts"}],"about":[{"href":"https:\/\/elcronistadigital.com\/index.php?rest_route=\/wp\/v2\/types\/post"}],"author":[{"embeddable":true,"href":"https:\/\/elcronistadigital.com\/index.php?rest_route=\/wp\/v2\/users\/1"}],"replies":[{"embeddable":true,"href":"https:\/\/elcronistadigital.com\/index.php?rest_route=%2Fwp%2Fv2%2Fcomments&post=43936"}],"version-history":[{"count":1,"href":"https:\/\/elcronistadigital.com\/index.php?rest_route=\/wp\/v2\/posts\/43936\/revisions"}],"predecessor-version":[{"id":43938,"href":"https:\/\/elcronistadigital.com\/index.php?rest_route=\/wp\/v2\/posts\/43936\/revisions\/43938"}],"wp:featuredmedia":[{"embeddable":true,"href":"https:\/\/elcronistadigital.com\/index.php?rest_route=\/wp\/v2\/media\/43937"}],"wp:attachment":[{"href":"https:\/\/elcronistadigital.com\/index.php?rest_route=%2Fwp%2Fv2%2Fmedia&parent=43936"}],"wp:term":[{"taxonomy":"category","embeddable":true,"href":"https:\/\/elcronistadigital.com\/index.php?rest_route=%2Fwp%2Fv2%2Fcategories&post=43936"},{"taxonomy":"post_tag","embeddable":true,"href":"https:\/\/elcronistadigital.com\/index.php?rest_route=%2Fwp%2Fv2%2Ftags&post=43936"}],"curies":[{"name":"wp","href":"https:\/\/api.w.org\/{rel}","templated":true}]}}