{"id":43954,"date":"2016-05-10T08:06:35","date_gmt":"2016-05-10T14:06:35","guid":{"rendered":"http:\/\/elcronistadigital.com\/?p=43954"},"modified":"2016-05-10T08:06:46","modified_gmt":"2016-05-10T14:06:46","slug":"nicaragua-celebra-71-aniversario-de-victoria-rusa-sobre-nazismo","status":"publish","type":"post","link":"https:\/\/elcronistadigital.com\/?p=43954","title":{"rendered":"Nicaragua celebra 71 aniversario de victoria rusa sobre nazismo"},"content":{"rendered":"<p><a href=\"https:\/\/elcronistadigital.com\/wp-content\/uploads\/2016\/05\/rusos-victoria.jpg\"><img loading=\"lazy\" decoding=\"async\" class=\"alignleft size-full wp-image-43955\" alt=\"rusos victoria\" src=\"https:\/\/elcronistadigital.com\/wp-content\/uploads\/2016\/05\/rusos-victoria.jpg\" width=\"450\" height=\"300\" srcset=\"https:\/\/elcronistadigital.com\/wp-content\/uploads\/2016\/05\/rusos-victoria.jpg 450w, https:\/\/elcronistadigital.com\/wp-content\/uploads\/2016\/05\/rusos-victoria-300x200.jpg 300w, https:\/\/elcronistadigital.com\/wp-content\/uploads\/2016\/05\/rusos-victoria-342x228.jpg 342w\" sizes=\"auto, (max-width: 450px) 100vw, 450px\" \/><\/a>Rusia detuvo y venci\u00f3 hace 71 a\u00f1os a la Alemania nazi de Adolfo Hitler durante la Segunda Guerra Mundial, acontecimiento sin parang\u00f3n que fue celebrado por el gobierno de Nicaragua el lunes.<\/p>\n<p>Aunque Estados Unidos ha tratado de cambiar los hechos hist\u00f3ricos intentando hacer creer que fue su intervenci\u00f3n de \u00faltima hora la que determin\u00f3 la victoria sobre las huestes criminales hitlerianas, lo cierto es que fueron los ej\u00e9rcitos bolcheviques los que sacaron de su territorio a los invasores y los persiguieron hasta Alemania, donde les asestaron el golpe final.<\/p>\n<p>El presidente Daniel Ortega le envi\u00f3 una misiva a su hom\u00f3logo ruso, Vladimir Putin, en la que expres\u00f3 sus \u00abm\u00e1s sinceras felicitaciones\u00bb por lo que catalog\u00f3 una \u00abgloriosa victoria del pueblo sovi\u00e9tico sobre los nazis\u00bb.<\/p>\n<p>Adem\u00e1s expres\u00f3 su reconocimiento por los aportes de Rusia al mantenimiento de la paz en el mundo, inform\u00f3 una fuente oficial.<\/p>\n<p>\u00abLos pueblos que valoramos profundamente la paz, el desarrollo arm\u00f3nico y la convivencia pac\u00edfica, respetuosa y solidaria entre las naciones de nuestro planeta, no podemos olvidar el significado del 9 de Mayo, rindiendo el justo y merecido homenaje a esos hombres y mujeres sovi\u00e9ticos que entregaron su vida\u00bb, anot\u00f3 Ortega en el mensaje.<\/p>\n<p>\u00abEsta lucha sigue siendo una constante, para consolidar esa completa y anhelada Paz, garant\u00eda para el desarrollo y la convivencia pac\u00edfica\u00bb, concluy\u00f3.<\/p>\n<p>En Rusia se celebra cada 9 de mayo el Desfile de la Victoria sobre la Alemania nazi, con el que se recuerda a los 26 millones de muertos que caus\u00f3 entre los pueblos de la Uni\u00f3n Sovi\u00e9tica la Segunda Guerra Mundial.<\/p>\n","protected":false},"excerpt":{"rendered":"<p>Rusia detuvo y venci\u00f3 hace 71 a\u00f1os a la Alemania nazi de Adolfo Hitler durante la Segunda Guerra Mundial, acontecimiento sin parang\u00f3n que fue celebrado por el gobierno de Nicaragua el lunes. Aunque Estados Unidos ha tratado de cambiar los hechos hist\u00f3ricos intentando hacer creer que fue su intervenci\u00f3n de \u00faltima hora la que determin\u00f3 [&hellip;]<\/p>\n","protected":false},"author":1,"featured_media":43955,"comment_status":"open","ping_status":"open","sticky":false,"template":"","format":"standard","meta":{"om_disable_all_campaigns":false,"_monsterinsights_skip_tracking":false,"_monsterinsights_sitenote_active":false,"_monsterinsights_sitenote_note":"","_monsterinsights_sitenote_category":0,"footnotes":""},"categories":[3524],"tags":[],"class_list":["post-43954","post","type-post","status-publish","format-standard","has-post-thumbnail","hentry","category-noticas"],"aioseo_notices":[],"_links":{"self":[{"href":"https:\/\/elcronistadigital.com\/index.php?rest_route=\/wp\/v2\/posts\/43954","targetHints":{"allow":["GET"]}}],"collection":[{"href":"https:\/\/elcronistadigital.com\/index.php?rest_route=\/wp\/v2\/posts"}],"about":[{"href":"https:\/\/elcronistadigital.com\/index.php?rest_route=\/wp\/v2\/types\/post"}],"author":[{"embeddable":true,"href":"https:\/\/elcronistadigital.com\/index.php?rest_route=\/wp\/v2\/users\/1"}],"replies":[{"embeddable":true,"href":"https:\/\/elcronistadigital.com\/index.php?rest_route=%2Fwp%2Fv2%2Fcomments&post=43954"}],"version-history":[{"count":1,"href":"https:\/\/elcronistadigital.com\/index.php?rest_route=\/wp\/v2\/posts\/43954\/revisions"}],"predecessor-version":[{"id":43956,"href":"https:\/\/elcronistadigital.com\/index.php?rest_route=\/wp\/v2\/posts\/43954\/revisions\/43956"}],"wp:featuredmedia":[{"embeddable":true,"href":"https:\/\/elcronistadigital.com\/index.php?rest_route=\/wp\/v2\/media\/43955"}],"wp:attachment":[{"href":"https:\/\/elcronistadigital.com\/index.php?rest_route=%2Fwp%2Fv2%2Fmedia&parent=43954"}],"wp:term":[{"taxonomy":"category","embeddable":true,"href":"https:\/\/elcronistadigital.com\/index.php?rest_route=%2Fwp%2Fv2%2Fcategories&post=43954"},{"taxonomy":"post_tag","embeddable":true,"href":"https:\/\/elcronistadigital.com\/index.php?rest_route=%2Fwp%2Fv2%2Ftags&post=43954"}],"curies":[{"name":"wp","href":"https:\/\/api.w.org\/{rel}","templated":true}]}}