{"id":43964,"date":"2016-05-10T10:18:16","date_gmt":"2016-05-10T16:18:16","guid":{"rendered":"http:\/\/elcronistadigital.com\/?p=43964"},"modified":"2016-05-10T10:18:16","modified_gmt":"2016-05-10T16:18:16","slug":"pellas-el-mayor-magnate-de-centroamerica","status":"publish","type":"post","link":"https:\/\/elcronistadigital.com\/?p=43964","title":{"rendered":"Pellas el mayor magnate de Centroam\u00e9rica"},"content":{"rendered":"<div id=\"attachment_43965\" style=\"width: 410px\" class=\"wp-caption alignleft\"><a href=\"https:\/\/elcronistadigital.com\/wp-content\/uploads\/2016\/05\/Carlos-Pellas.jpg\"><img loading=\"lazy\" decoding=\"async\" aria-describedby=\"caption-attachment-43965\" class=\"size-full wp-image-43965\" alt=\"Carlos Pellas es el principal magnate del Istmo, seg\u00fan Forbes.\" src=\"https:\/\/elcronistadigital.com\/wp-content\/uploads\/2016\/05\/Carlos-Pellas.jpg\" width=\"400\" height=\"305\" srcset=\"https:\/\/elcronistadigital.com\/wp-content\/uploads\/2016\/05\/Carlos-Pellas.jpg 400w, https:\/\/elcronistadigital.com\/wp-content\/uploads\/2016\/05\/Carlos-Pellas-300x228.jpg 300w, https:\/\/elcronistadigital.com\/wp-content\/uploads\/2016\/05\/Carlos-Pellas-342x260.jpg 342w, https:\/\/elcronistadigital.com\/wp-content\/uploads\/2016\/05\/Carlos-Pellas-60x45.jpg 60w, https:\/\/elcronistadigital.com\/wp-content\/uploads\/2016\/05\/Carlos-Pellas-150x113.jpg 150w\" sizes=\"auto, (max-width: 400px) 100vw, 400px\" \/><\/a><p id=\"caption-attachment-43965\" class=\"wp-caption-text\">Carlos Pellas es el principal magnate del Istmo, seg\u00fan Forbes.<\/p><\/div>\n<p>El nicarag\u00fcense Carlos Pellas, presidente de Grupo Pellas, es el magnate con la mayor fortuna en Centroam\u00e9rica, con activos totales por $1.200 millones e ingresos por $1.500 millones, seg\u00fan publica la revista Forbes.<\/p>\n<p>\u201cLa mayor\u00eda de las fortunas globales se achicaron, y en algunos casos las de los empresarios centroamericanos tambi\u00e9n observaron estancamientos con respecto a 2015\u201d, se\u00f1ala Forbes.<\/p>\n<p>El c\u00e1lculo de los ingresos y los activos totales fue tomado en algunos casos de los informes financieros anuales reportados a la Securities and Exchange Commission, de publicaciones en sus sitios web o de reportes emitidos por casas de bolsa locales de sus respectivos pa\u00edses.<\/p>\n<p>Este es el ranking de los primeros cinco:<\/p>\n<p>1. Carlos Pellas<\/p>\n<p>El presidente de Grupo Pellas y propietario de la marca de ron Flor de Ca\u00f1a, ostenta una fortuna de $2.700 millones, sumando sus ingresos y activos.<\/p>\n<p>Mantiene el primer lugar de la lista desde el a\u00f1o anterior, aunque en 2014 no figuraba entre las 12 personas m\u00e1s pudientes del istmo.<\/p>\n<p>2. Mario L\u00f3pez Estrada<\/p>\n<p>Preside la telef\u00f3nica Tigo en Guatemala, que posee el 54% del mercado en ese pa\u00eds y report\u00f3 ventas netas por m\u00e1s de $2.500 millones el a\u00f1o anterior.<br \/>\nLos activos de L\u00f3pez est\u00e1n valorados en $1.000 millones, aunque no se revelaron detalles de sus ingresos.<\/p>\n<p>3. Mohamad Yusuf Amdani<\/p>\n<p>Empresario hondure\u00f1o de origen pakistan\u00ed y presidente de Grupo Karim&#8217;s, compa\u00f1\u00eda l\u00edder de la industria textil en Centroam\u00e9rica que manufactura para JC Penney.<\/p>\n<p>El monto de su riqueza no fue revelado por Forbes.<\/p>\n<p>4. Ricardo Poma<\/p>\n<p>Sus activos est\u00e1n valorados en $1.300 millones y tiene inversiones por $145 millones en la regi\u00f3n.<\/p>\n<p>Dentro de su conglomerado, Grupo Poma aglutina negocios en hoteler\u00eda, bienes ra\u00edces, autom\u00f3viles y construcci\u00f3n.<\/p>\n<p>5. Roberto Kriete<\/p>\n<p>El salvadore\u00f1o es cofundador de Avianca Holdings y presidente de Grupo Kriete.<\/p>\n<p>Se estima que la aerol\u00ednea, con centros de operaci\u00f3n en Colombia, El Salvador y Per\u00fa, gener\u00f3 ingresos por $3.800 millones el a\u00f1o anterior.<\/p>\n","protected":false},"excerpt":{"rendered":"<p>El nicarag\u00fcense Carlos Pellas, presidente de Grupo Pellas, es el magnate con la mayor fortuna en Centroam\u00e9rica, con activos totales por $1.200 millones e ingresos por $1.500 millones, seg\u00fan publica la revista Forbes. \u201cLa mayor\u00eda de las fortunas globales se achicaron, y en algunos casos las de los empresarios centroamericanos tambi\u00e9n observaron estancamientos con respecto [&hellip;]<\/p>\n","protected":false},"author":1,"featured_media":43965,"comment_status":"open","ping_status":"open","sticky":false,"template":"","format":"standard","meta":{"om_disable_all_campaigns":false,"_monsterinsights_skip_tracking":false,"_monsterinsights_sitenote_active":false,"_monsterinsights_sitenote_note":"","_monsterinsights_sitenote_category":0,"footnotes":""},"categories":[4,3524,13],"tags":[],"class_list":["post-43964","post","type-post","status-publish","format-standard","has-post-thumbnail","hentry","category-economia","category-noticas","category-portada"],"aioseo_notices":[],"_links":{"self":[{"href":"https:\/\/elcronistadigital.com\/index.php?rest_route=\/wp\/v2\/posts\/43964","targetHints":{"allow":["GET"]}}],"collection":[{"href":"https:\/\/elcronistadigital.com\/index.php?rest_route=\/wp\/v2\/posts"}],"about":[{"href":"https:\/\/elcronistadigital.com\/index.php?rest_route=\/wp\/v2\/types\/post"}],"author":[{"embeddable":true,"href":"https:\/\/elcronistadigital.com\/index.php?rest_route=\/wp\/v2\/users\/1"}],"replies":[{"embeddable":true,"href":"https:\/\/elcronistadigital.com\/index.php?rest_route=%2Fwp%2Fv2%2Fcomments&post=43964"}],"version-history":[{"count":1,"href":"https:\/\/elcronistadigital.com\/index.php?rest_route=\/wp\/v2\/posts\/43964\/revisions"}],"predecessor-version":[{"id":43966,"href":"https:\/\/elcronistadigital.com\/index.php?rest_route=\/wp\/v2\/posts\/43964\/revisions\/43966"}],"wp:featuredmedia":[{"embeddable":true,"href":"https:\/\/elcronistadigital.com\/index.php?rest_route=\/wp\/v2\/media\/43965"}],"wp:attachment":[{"href":"https:\/\/elcronistadigital.com\/index.php?rest_route=%2Fwp%2Fv2%2Fmedia&parent=43964"}],"wp:term":[{"taxonomy":"category","embeddable":true,"href":"https:\/\/elcronistadigital.com\/index.php?rest_route=%2Fwp%2Fv2%2Fcategories&post=43964"},{"taxonomy":"post_tag","embeddable":true,"href":"https:\/\/elcronistadigital.com\/index.php?rest_route=%2Fwp%2Fv2%2Ftags&post=43964"}],"curies":[{"name":"wp","href":"https:\/\/api.w.org\/{rel}","templated":true}]}}