{"id":43970,"date":"2016-05-11T07:13:22","date_gmt":"2016-05-11T13:13:22","guid":{"rendered":"http:\/\/elcronistadigital.com\/?p=43970"},"modified":"2016-05-11T07:13:22","modified_gmt":"2016-05-11T13:13:22","slug":"panama-y-nicaragua-con-las-mejores-perspectivas-economicas","status":"publish","type":"post","link":"https:\/\/elcronistadigital.com\/?p=43970","title":{"rendered":"Panam\u00e1 y Nicaragua con las mejores perspectivas econ\u00f3micas"},"content":{"rendered":"<p><a href=\"https:\/\/elcronistadigital.com\/wp-content\/uploads\/2016\/05\/crecimiento.jpg\"><img loading=\"lazy\" decoding=\"async\" class=\"alignleft size-full wp-image-43971\" alt=\"crecimiento\" src=\"https:\/\/elcronistadigital.com\/wp-content\/uploads\/2016\/05\/crecimiento.jpg\" width=\"420\" height=\"336\" srcset=\"https:\/\/elcronistadigital.com\/wp-content\/uploads\/2016\/05\/crecimiento.jpg 420w, https:\/\/elcronistadigital.com\/wp-content\/uploads\/2016\/05\/crecimiento-300x240.jpg 300w, https:\/\/elcronistadigital.com\/wp-content\/uploads\/2016\/05\/crecimiento-342x273.jpg 342w\" sizes=\"auto, (max-width: 420px) 100vw, 420px\" \/><\/a>La Secretar\u00eda de Integraci\u00f3n Econ\u00f3mica Centroamericana (SIECA), dio a conocer el estudio Panorama Econ\u00f3mico y Perspectivas Comerciales de Centroam\u00e9rica en 2016, en el que se se\u00f1ala que entre los pa\u00edses con proyecciones de crecimiento m\u00e1s altas en la regi\u00f3n, se encuentran Panam\u00e1 con 6.1% y Nicaragua con 4.5%.<\/p>\n<p>En el documento se presenta un an\u00e1lisis de las condiciones econ\u00f3micas y financieras mundiales, su impacto sobre los flujos comerciales globales y de Centroam\u00e9rica, as\u00ed como sobre las perspectivas de crecimiento de la regi\u00f3n en el a\u00f1o en curso.<\/p>\n<p>El documento resalta que la econom\u00eda regional en el 2016 podr\u00e1 sobrellevar la desaceleraci\u00f3n observada en los mercados emergentes, aunque su crecimiento sea moderado hacia el mediano plazo producto del deterioro de las condiciones financieras mundiales.<\/p>\n<p>Hacia 2016 se prev\u00e9 un modesto repunte del crecimiento econ\u00f3mico regional alrededor del 4.3%, luego de observar un crecimiento del 4.1% en 2015.<\/p>\n<p>En el caso de Panam\u00e1 y Nicaragua, en ambos casos la perspectiva de crecimiento de sus econom\u00edas se ubica por encima del umbral centroamericano.<\/p>\n<p>Seg\u00fan el Fondo Monetario Internacional, en el caso de Panam\u00e1 las perspectivas se auspician por los efectos positivos derivados de la ampliaci\u00f3n del Canal de Panam\u00e1, y en le caso de Nicaragua por la previsi\u00f3n de una pol\u00edtica fiscal m\u00e1s expansiva.<\/p>\n","protected":false},"excerpt":{"rendered":"<p>La Secretar\u00eda de Integraci\u00f3n Econ\u00f3mica Centroamericana (SIECA), dio a conocer el estudio Panorama Econ\u00f3mico y Perspectivas Comerciales de Centroam\u00e9rica en 2016, en el que se se\u00f1ala que entre los pa\u00edses con proyecciones de crecimiento m\u00e1s altas en la regi\u00f3n, se encuentran Panam\u00e1 con 6.1% y Nicaragua con 4.5%. En el documento se presenta un an\u00e1lisis [&hellip;]<\/p>\n","protected":false},"author":1,"featured_media":43971,"comment_status":"open","ping_status":"open","sticky":false,"template":"","format":"standard","meta":{"om_disable_all_campaigns":false,"_monsterinsights_skip_tracking":false,"_monsterinsights_sitenote_active":false,"_monsterinsights_sitenote_note":"","_monsterinsights_sitenote_category":0,"footnotes":""},"categories":[4,3524],"tags":[],"class_list":["post-43970","post","type-post","status-publish","format-standard","has-post-thumbnail","hentry","category-economia","category-noticas"],"aioseo_notices":[],"_links":{"self":[{"href":"https:\/\/elcronistadigital.com\/index.php?rest_route=\/wp\/v2\/posts\/43970","targetHints":{"allow":["GET"]}}],"collection":[{"href":"https:\/\/elcronistadigital.com\/index.php?rest_route=\/wp\/v2\/posts"}],"about":[{"href":"https:\/\/elcronistadigital.com\/index.php?rest_route=\/wp\/v2\/types\/post"}],"author":[{"embeddable":true,"href":"https:\/\/elcronistadigital.com\/index.php?rest_route=\/wp\/v2\/users\/1"}],"replies":[{"embeddable":true,"href":"https:\/\/elcronistadigital.com\/index.php?rest_route=%2Fwp%2Fv2%2Fcomments&post=43970"}],"version-history":[{"count":1,"href":"https:\/\/elcronistadigital.com\/index.php?rest_route=\/wp\/v2\/posts\/43970\/revisions"}],"predecessor-version":[{"id":43972,"href":"https:\/\/elcronistadigital.com\/index.php?rest_route=\/wp\/v2\/posts\/43970\/revisions\/43972"}],"wp:featuredmedia":[{"embeddable":true,"href":"https:\/\/elcronistadigital.com\/index.php?rest_route=\/wp\/v2\/media\/43971"}],"wp:attachment":[{"href":"https:\/\/elcronistadigital.com\/index.php?rest_route=%2Fwp%2Fv2%2Fmedia&parent=43970"}],"wp:term":[{"taxonomy":"category","embeddable":true,"href":"https:\/\/elcronistadigital.com\/index.php?rest_route=%2Fwp%2Fv2%2Fcategories&post=43970"},{"taxonomy":"post_tag","embeddable":true,"href":"https:\/\/elcronistadigital.com\/index.php?rest_route=%2Fwp%2Fv2%2Ftags&post=43970"}],"curies":[{"name":"wp","href":"https:\/\/api.w.org\/{rel}","templated":true}]}}