{"id":43973,"date":"2016-05-11T07:56:58","date_gmt":"2016-05-11T13:56:58","guid":{"rendered":"http:\/\/elcronistadigital.com\/?p=43973"},"modified":"2016-05-11T07:56:58","modified_gmt":"2016-05-11T13:56:58","slug":"costa-rica-manipulo-y-sobredimensiono-conflicto-con-nicaragua","status":"publish","type":"post","link":"https:\/\/elcronistadigital.com\/?p=43973","title":{"rendered":"Costa Rica manipul\u00f3 y sobredimension\u00f3 conflicto con Nicaragua"},"content":{"rendered":"<div id=\"attachment_43974\" style=\"width: 510px\" class=\"wp-caption alignleft\"><a href=\"https:\/\/elcronistadigital.com\/wp-content\/uploads\/2016\/05\/trocha-tica-1.jpg\"><img loading=\"lazy\" decoding=\"async\" aria-describedby=\"caption-attachment-43974\" class=\"size-full wp-image-43974\" alt=\"La trocha fronteriza que mand\u00f3 construir Laura Chinchilla a orillas del r\u00edo San Juan, es una muestra incomprensible del actuar de los pol\u00edticos ticos.\" src=\"https:\/\/elcronistadigital.com\/wp-content\/uploads\/2016\/05\/trocha-tica-1.jpg\" width=\"500\" height=\"374\" srcset=\"https:\/\/elcronistadigital.com\/wp-content\/uploads\/2016\/05\/trocha-tica-1.jpg 500w, https:\/\/elcronistadigital.com\/wp-content\/uploads\/2016\/05\/trocha-tica-1-300x224.jpg 300w, https:\/\/elcronistadigital.com\/wp-content\/uploads\/2016\/05\/trocha-tica-1-342x255.jpg 342w, https:\/\/elcronistadigital.com\/wp-content\/uploads\/2016\/05\/trocha-tica-1-60x45.jpg 60w, https:\/\/elcronistadigital.com\/wp-content\/uploads\/2016\/05\/trocha-tica-1-150x113.jpg 150w, https:\/\/elcronistadigital.com\/wp-content\/uploads\/2016\/05\/trocha-tica-1-269x201.jpg 269w\" sizes=\"auto, (max-width: 500px) 100vw, 500px\" \/><\/a><p id=\"caption-attachment-43974\" class=\"wp-caption-text\">La trocha fronteriza que mand\u00f3 construir Laura Chinchilla a orillas del r\u00edo San Juan, es una muestra incomprensible del actuar de los pol\u00edticos ticos.<\/p><\/div>\n<p><span style=\"color: #993300;\"><em><strong>* Especialista en Derecho y catedr\u00e1tico tico aclara que Nicaragua nunca pretendi\u00f3 invadir o instalar personas en isla Calero, y cuestion\u00f3 \u201cqu\u00e9 es lo que esconde ese sobredimensionar geogr\u00e1ficamente una zona, sino es una clar\u00edsima necesidad de utilizar, provocar y azuzar un poco m\u00e1s a la opini\u00f3n p\u00fablica\u201d.<\/strong><\/em><\/span><\/p>\n<p>Elizabeth Rojas Arias, ODI-UCR*<\/p>\n<p>En los \u00faltimos veinte a\u00f1os las relaciones diplom\u00e1ticas entre los gobiernos de Costa Rica y Nicaragua han presentado roces legales e interferencias causadas por la actuaci\u00f3n de ambos estados con respecto a la navegaci\u00f3n por el r\u00edo San Juan.<\/p>\n<p>A pesar de que el tratado de l\u00edmites dejaba muy claro desde el siglo XIX cu\u00e1les eran las prerrogativas de ambos pa\u00edses en la zona fronteriza, en los \u00faltimos seis a\u00f1os Costa Rica ha acudido tres veces a la Corte Internacional de Justicia para dirimir las diferencias con su vecino del norte.<\/p>\n<p>El abogado Nicol\u00e1s Boeglin Naumovic, de la Facultad de Derecho, y la profesora de la Escuela de Ciencias Pol\u00edticas, Argentina Artavia Medrano, expusieron sus puntos de vista sobre este tema en un foro organizado por la Escuela de Ciencias Pol\u00edticas de la Universidad de Costa Rica y de la Escuela de Relaciones Internacionales de la Universidad Nacional.<\/p>\n<p>Ambos especialistas consideran que de haber un mejor tratamiento diplom\u00e1tico de este conflicto fronterizo, Costa Rica se hubiera ahorrado muchos millones de d\u00f3lares en honorarios de abogados anglosajones o franceses conocedores del derecho internacional, por un lado, y por otro se dedicar\u00edan esfuerzos en mejorar las condiciones de las poblaciones fronterizas que comparten la desventaja de ser pobres por el olvido en el que las tienen ambas naciones.<\/p>\n<p>El Dr. Boeglin calific\u00f3 de ocurrencia y de espect\u00e1culo el que Costa Rica haya tenido que desgastarse en la Corte Internacional, por la imprudencia de Ed\u00e9n Pastora de incursionar en Isla Portillo, ampar\u00e1ndose en un mapa err\u00f3neo de Google.<\/p>\n<p>Record\u00f3 que el punto en discusi\u00f3n es isla Portillos, aunque periodistas o funcionarios de la Canciller\u00eda cuando se refieren a la presencia de Ed\u00e9n Pastora en territorio nacional hablen de isla Calero. El especialista aclar\u00f3 que Nicaragua nunca pretendi\u00f3 invadir o instalar personas en isla Calero, y se cuestion\u00f3 \u201cque es lo que esconde ese sobredimensionar geogr\u00e1ficamente una zona sino es una clar\u00edsima necesidad de utilizar, provocar y azuzar un poco m\u00e1s a la opini\u00f3n p\u00fablica\u201d.<\/p>\n<p>Boeglin lament\u00f3 que en el 2010 no existiera ni la voluntad pol\u00edtica ni los canales de comunicaci\u00f3n diplom\u00e1ticos funcionando, para evitar llegar a la mediaci\u00f3n internacional.<\/p>\n<p>Tambi\u00e9n expuso como un hecho incomprensible la construcci\u00f3n de la Ruta 1856, porque considera que este tipo de l\u00edneas de comunicaci\u00f3n en las fronteras solo se usan en el caso de que haya peligro de invasi\u00f3n. Puso como ejemplo las fronteras de Israel, Corea, Estados Unidos y M\u00e9xico y en su momento la de Berl\u00edn.<\/p>\n<p>\u201cUna ruta que empieza en puesto Delta y en vez de ir donde est\u00e1 el problema toma hacia la otra direcci\u00f3n con 160 kil\u00f3metros de carretera que bordea el r\u00edo San Juan\u201d no tiene una explicaci\u00f3n, para ello, dijo el abogado, tuvo que desplegarse \u201cuna estrategia de comunicaci\u00f3n que logr\u00f3 justificar ante la opini\u00f3n p\u00fablica esta ocurrencia\u201d.<\/p>\n<p>A\u00f1adi\u00f3 que, por el contrario, lo que ocasion\u00f3 esta ruta fue el darle la posibilidad a Nicaragua de que acusara a Costa Rica de construir una carretera sin estudios de impacto ambiental, para lo que efectivamente la Corte de La Haya le dio la raz\u00f3n.<\/p>\n<p>M\u00e1s all\u00e1 del r\u00edo San Juan<\/p>\n<p>La Licda. Argentina Artavia manifest\u00f3 que los ultimos 20 a\u00f1os las administraciones de Rodr\u00edguez Echeverr\u00eda (1998-2002) Pacheco de la Espriella (2002-2006) y Chinchilla Miranda (2010-2014) establecieron relaciones con Nicaragua que se podr\u00edan calificar de distendidas y con di\u00e1logos t\u00edmidos, mientras que las administraciones de Arias S\u00e1nchez (2006-2010) y la actual de Sol\u00eds Rivera han sido de contensi\u00f3n (foto Karla Richmond).<\/p>\n<p>Por su parte, la profesora Argentina Artavia Medrano analiz\u00f3 los aspectos hist\u00f3ricos y sociales que han mediado para que no se logre una conciliaci\u00f3n diplom\u00e1tica entre ambos pa\u00edses, a pesar de que sus zonas fronterizas comparten las mismas problem\u00e1ticas de exclusi\u00f3n y marginalidad y por lo tanto se consideran hermanos.<\/p>\n<p>El significado que tiene el r\u00edo San Juan para los costarricenses y nicarag\u00fcenses es muy distinto, mientras que para Costa Rica el San Juan es un l\u00edmite natural con Nicaragua, para los vecinos del norte representa una posibilidad de progreso y riqueza, de acuerdo con un estudio realizado por el Dr. Alberto Cort\u00e9s Ramos sobre los imaginarios diferenciados que tienen ticos y nicas sobre lo que representa el r\u00edo fronterizo, seg\u00fan cit\u00f3 Artavia.<\/p>\n<p>\u201cEl r\u00edo San Juan tradicionalmente, y eso es pr\u00e1cticamente desde el siglo pasado, ha producido incomprensi\u00f3n en ambas partes, hay un discurso nacionalista, chauvinista y patriotero por parte de ambos gobiernos\u201d a\u00f1adi\u00f3 la conferencista.<\/p>\n<p>Adem\u00e1s, para los nicarag\u00fcenses, en su imaginario Costa Rica tiene un inter\u00e9s expansionistas desde la \u00e9poca de la colonia.<\/p>\n<p>La Licda. Artavia Medrano, no obstante manifest\u00f3 que las identidades comunes y los v\u00ednculos cotidianos que tienen los pobladores a ambos lados de la frontera es una oportunidad para que los gobiernos de Costa Rica y Nicaragua utilicen el desarrollo regional para la integraci\u00f3n bilateral.<\/p>\n<p>Tambi\u00e9n considera que la participaci\u00f3n de un organismo internacional en los di\u00e1logos bilaterales podr\u00eda contribuir a que se establezcan v\u00ednculos m\u00e1s all\u00e1 del San Juan y se logre cooperaci\u00f3n en \u00e1reas como la educaci\u00f3n y la salud. Mencion\u00f3 el trabajo que en a\u00f1os anteriores se ha logrado concretar con el apoyo del DAAD, Naciones Unidas, el gobierno espa\u00f1ol en el aspecto social y econ\u00f3mico, as\u00ed como la intervenci\u00f3n de la UICN para la conservaci\u00f3n ambiental en la regi\u00f3n.<\/p>\n<p>Asimismo existen temas pendientes que ambos pa\u00edses tendr\u00edan que sentarse a analizar y negociar como son: la migraci\u00f3n, la cooperaci\u00f3n, el desarrollo humano sostenible, las seguridad en lo que respecta al narcotr\u00e1fico, la trata de personas y el trasiego del patrimonio cultural, entre otros aspectos, concluy\u00f3 la acad\u00e9mica.<\/p>\n<p>*Fuente: ElPa\u00eds.cr<\/p>\n","protected":false},"excerpt":{"rendered":"<p>* Especialista en Derecho y catedr\u00e1tico tico aclara que Nicaragua nunca pretendi\u00f3 invadir o instalar personas en isla Calero, y cuestion\u00f3 \u201cqu\u00e9 es lo que esconde ese sobredimensionar geogr\u00e1ficamente una zona, sino es una clar\u00edsima necesidad de utilizar, provocar y azuzar un poco m\u00e1s a la opini\u00f3n p\u00fablica\u201d. Elizabeth Rojas Arias, ODI-UCR* En los \u00faltimos [&hellip;]<\/p>\n","protected":false},"author":1,"featured_media":43974,"comment_status":"open","ping_status":"open","sticky":false,"template":"","format":"standard","meta":{"om_disable_all_campaigns":false,"_monsterinsights_skip_tracking":false,"_monsterinsights_sitenote_active":false,"_monsterinsights_sitenote_note":"","_monsterinsights_sitenote_category":0,"footnotes":""},"categories":[3524,13],"tags":[],"class_list":["post-43973","post","type-post","status-publish","format-standard","has-post-thumbnail","hentry","category-noticas","category-portada"],"aioseo_notices":[],"_links":{"self":[{"href":"https:\/\/elcronistadigital.com\/index.php?rest_route=\/wp\/v2\/posts\/43973","targetHints":{"allow":["GET"]}}],"collection":[{"href":"https:\/\/elcronistadigital.com\/index.php?rest_route=\/wp\/v2\/posts"}],"about":[{"href":"https:\/\/elcronistadigital.com\/index.php?rest_route=\/wp\/v2\/types\/post"}],"author":[{"embeddable":true,"href":"https:\/\/elcronistadigital.com\/index.php?rest_route=\/wp\/v2\/users\/1"}],"replies":[{"embeddable":true,"href":"https:\/\/elcronistadigital.com\/index.php?rest_route=%2Fwp%2Fv2%2Fcomments&post=43973"}],"version-history":[{"count":1,"href":"https:\/\/elcronistadigital.com\/index.php?rest_route=\/wp\/v2\/posts\/43973\/revisions"}],"predecessor-version":[{"id":43975,"href":"https:\/\/elcronistadigital.com\/index.php?rest_route=\/wp\/v2\/posts\/43973\/revisions\/43975"}],"wp:featuredmedia":[{"embeddable":true,"href":"https:\/\/elcronistadigital.com\/index.php?rest_route=\/wp\/v2\/media\/43974"}],"wp:attachment":[{"href":"https:\/\/elcronistadigital.com\/index.php?rest_route=%2Fwp%2Fv2%2Fmedia&parent=43973"}],"wp:term":[{"taxonomy":"category","embeddable":true,"href":"https:\/\/elcronistadigital.com\/index.php?rest_route=%2Fwp%2Fv2%2Fcategories&post=43973"},{"taxonomy":"post_tag","embeddable":true,"href":"https:\/\/elcronistadigital.com\/index.php?rest_route=%2Fwp%2Fv2%2Ftags&post=43973"}],"curies":[{"name":"wp","href":"https:\/\/api.w.org\/{rel}","templated":true}]}}