{"id":43976,"date":"2016-05-11T08:36:16","date_gmt":"2016-05-11T14:36:16","guid":{"rendered":"http:\/\/elcronistadigital.com\/?p=43976"},"modified":"2016-05-11T08:36:16","modified_gmt":"2016-05-11T14:36:16","slug":"exjefe-de-policia-de-honduras-se-refugia-en-managua","status":"publish","type":"post","link":"https:\/\/elcronistadigital.com\/?p=43976","title":{"rendered":"Exjefe de Polic\u00eda de Honduras se refugia en Managua"},"content":{"rendered":"<div id=\"attachment_43977\" style=\"width: 310px\" class=\"wp-caption alignleft\"><a href=\"https:\/\/elcronistadigital.com\/wp-content\/uploads\/2016\/05\/Ricardo-Ram\u00edrez-del-Cid.jpg\"><img loading=\"lazy\" decoding=\"async\" aria-describedby=\"caption-attachment-43977\" class=\"size-medium wp-image-43977\" alt=\"Ricardo Ram\u00edrez del Cid, exjefe de la Polic\u00eda Nacional de Honduras.\" src=\"https:\/\/elcronistadigital.com\/wp-content\/uploads\/2016\/05\/Ricardo-Ram\u00edrez-del-Cid-300x223.jpg\" width=\"300\" height=\"223\" srcset=\"https:\/\/elcronistadigital.com\/wp-content\/uploads\/2016\/05\/Ricardo-Ram\u00edrez-del-Cid-300x223.jpg 300w, https:\/\/elcronistadigital.com\/wp-content\/uploads\/2016\/05\/Ricardo-Ram\u00edrez-del-Cid-342x254.jpg 342w, https:\/\/elcronistadigital.com\/wp-content\/uploads\/2016\/05\/Ricardo-Ram\u00edrez-del-Cid-60x45.jpg 60w, https:\/\/elcronistadigital.com\/wp-content\/uploads\/2016\/05\/Ricardo-Ram\u00edrez-del-Cid-150x113.jpg 150w, https:\/\/elcronistadigital.com\/wp-content\/uploads\/2016\/05\/Ricardo-Ram\u00edrez-del-Cid-269x201.jpg 269w, https:\/\/elcronistadigital.com\/wp-content\/uploads\/2016\/05\/Ricardo-Ram\u00edrez-del-Cid.jpg 482w\" sizes=\"auto, (max-width: 300px) 100vw, 300px\" \/><\/a><p id=\"caption-attachment-43977\" class=\"wp-caption-text\">Ricardo Ram\u00edrez del Cid, exjefe de la Polic\u00eda Nacional de Honduras.<\/p><\/div>\n<p>El exdirector de la Polic\u00eda Nacional de Honduras, Ricardo Ram\u00edrez del Cid, dio a conocer que actualmente vive en Managua, Nicaragua, por motivos de seguridad y salud mental. En abril de 2014, sicarios desconocidos asesinaron en Tegucigalpa a un hijo de 17 a\u00f1os del exmilitar y a sus dos escoltas.<\/p>\n<p>El exjefe policial volvi\u00f3 a desmentir las acusaciones en su contra que lo llevaron a la separaci\u00f3n de su cargo por determinaci\u00f3n de la Comisi\u00f3n Especial para la Depuraci\u00f3n y Transformaci\u00f3n de la instituci\u00f3n armada de su pa\u00eds.<\/p>\n<p>\u00abYo doy la cara, he estado anuente de cualquier autoridad que lo requiera y me siento limpio, esos se\u00f1alamientos hacen da\u00f1o enormemente al interior de la familia, los amigos y en general a la poblaci\u00f3n; los que no lo conocen a uno lo satanizan como delincuente o criminal\u00bb, declar\u00f3.<\/p>\n<p>El exjerarca policial agreg\u00f3 que \u00absinceramente yo no me he retirado de la Polic\u00eda solo por seguridad, no por otra cosa; hasta pena me da cobrar sin trabajar, pero por cuestiones de seguridad me he mantenido, porque le da protecci\u00f3n las armas que uno puede tener del Estado\u00bb.<\/p>\n<p>El pasado 21 de abril, la comisi\u00f3n depuradora comunic\u00f3 la suspensi\u00f3n tanto del comisionado general Ram\u00edrez del Cid as\u00ed como la de Ram\u00f3n Sabill\u00f3n Pineda por estar se\u00f1alados p\u00fablicamente en actos sujetos a investigaci\u00f3n por autoridades correspondientes.<\/p>\n<p>Un informe publicado por EL HERALDO y que posteriormente divulg\u00f3 The New York Times, vincula a los generales Jos\u00e9 Luis Mu\u00f1\u00f3z Licona al igual que a Ricardo Ram\u00edrez del Cid con el cartel del Atl\u00e1ntico, que habr\u00eda planificado y ejecutado el asesinato del zar antidrogas, Juli\u00e1n Ar\u00edstides Gonz\u00e1lez Ir\u00edas.<\/p>\n<p>Vive en Managua por seguridad<\/p>\n<p>Ram\u00edrez del Cid precis\u00f3 que con el actual ministro de Seguridad, Juli\u00e1n Pacheco Tinoco realiz\u00f3 gestiones para mudarse con su familia a Managua, Nicaragua, por motivos de seguridad.<\/p>\n<p>\u00abMe mov\u00ed a Managua y me enga\u00f1aron, se me ofreci\u00f3 un puesto diplom\u00e1tico y no se dio nunca, a tal grado que yo todav\u00eda vivo all\u00e1 con mi familia por cuestiones de salud mental; tengo dos hijo de 16 y 11 a\u00f1os que todo esto les causa temor\u00bb, relat\u00f3.<\/p>\n<p>El exuniformado asegur\u00f3 que puede caminar por la calle sin ning\u00fan inconveniente con delincuentes, cuyo problema en particular ha sido a lo interno de la instituci\u00f3n, as\u00ed como en los gobiernos.<\/p>\n<p>Por otro lado, destac\u00f3 que a ra\u00edz de un operativo en Juticalpa, el expresidente de la Rep\u00fablica, Porfirio Lobo Sosa le reclam\u00f3 durante su gesti\u00f3n.<\/p>\n<p>El exoficial detall\u00f3 que \u00abfue al presidente Lobo que no le gust\u00f3 y \u00e9l me llam\u00f3 al tel\u00e9fono cuando estaba en Juticalpa y me reclam\u00f3, me dijo que por qu\u00e9 no esper\u00e9 el d\u00eda siguiente; yo entiendo por qu\u00e9 hab\u00eda entrado, pero poco me import\u00f3, yo dije es mi trabajo y no me voy a quedar callado, ni me voy a sentir mal conmigo mismo, aqu\u00ed es de enfrentar todo\u00bb.<\/p>\n<p>Estrategia<\/p>\n<p>\u00abCuando vienen este tipo de se\u00f1alamientos como este que inicio en EL HERALDO como una pel\u00edcula, novela y luego lo publican en un peri\u00f3dico estadounidense, todo tiene su estrategia y uno la sabe porque conoce de leyes y sabe qu\u00e9 estrategia se est\u00e1 utilizando\u00bb, indic\u00f3 el exjefe policial.<\/p>\n<p>Reconoci\u00f3 que ning\u00fan medio nacional hubiera publicado nombres ya que se expondr\u00edan a una demanda, distinto a un diario extranjero que las leyes son diferentes y no se podr\u00eda comprobar con facilidad la mal intenci\u00f3n por parte de un periodista, lo cual ser\u00eda un proceso engorroso y caro.<\/p>\n<p>\u00abDesde que asumimos la Direcci\u00f3n de la Polic\u00eda en el 2011, nunca negamos los problemas internos de la misma, pero era tan dif\u00edcil, uno le hac\u00eda planteamientos a las autoridades de ese momento y pues no hab\u00eda eco, es bien dif\u00edcil poder hacer algo en ese momento y nunca llegamos a nada\u00bb, sostuvo Ram\u00edrez de Cid.<\/p>\n<p>Adem\u00e1s, puntualiz\u00f3 que durante su gesti\u00f3n percib\u00eda un ataque externo a la Polic\u00eda, por lo cual se\u00f1al\u00f3 directamente al extitular de la Secretar\u00eda de Seguridad, \u00d3scar \u00c1lvarez.<\/p>\n","protected":false},"excerpt":{"rendered":"<p>El exdirector de la Polic\u00eda Nacional de Honduras, Ricardo Ram\u00edrez del Cid, dio a conocer que actualmente vive en Managua, Nicaragua, por motivos de seguridad y salud mental. En abril de 2014, sicarios desconocidos asesinaron en Tegucigalpa a un hijo de 17 a\u00f1os del exmilitar y a sus dos escoltas. El exjefe policial volvi\u00f3 a [&hellip;]<\/p>\n","protected":false},"author":1,"featured_media":43977,"comment_status":"open","ping_status":"open","sticky":false,"template":"","format":"standard","meta":{"om_disable_all_campaigns":false,"_monsterinsights_skip_tracking":false,"_monsterinsights_sitenote_active":false,"_monsterinsights_sitenote_note":"","_monsterinsights_sitenote_category":0,"footnotes":""},"categories":[3524,13],"tags":[],"class_list":["post-43976","post","type-post","status-publish","format-standard","has-post-thumbnail","hentry","category-noticas","category-portada"],"aioseo_notices":[],"_links":{"self":[{"href":"https:\/\/elcronistadigital.com\/index.php?rest_route=\/wp\/v2\/posts\/43976","targetHints":{"allow":["GET"]}}],"collection":[{"href":"https:\/\/elcronistadigital.com\/index.php?rest_route=\/wp\/v2\/posts"}],"about":[{"href":"https:\/\/elcronistadigital.com\/index.php?rest_route=\/wp\/v2\/types\/post"}],"author":[{"embeddable":true,"href":"https:\/\/elcronistadigital.com\/index.php?rest_route=\/wp\/v2\/users\/1"}],"replies":[{"embeddable":true,"href":"https:\/\/elcronistadigital.com\/index.php?rest_route=%2Fwp%2Fv2%2Fcomments&post=43976"}],"version-history":[{"count":1,"href":"https:\/\/elcronistadigital.com\/index.php?rest_route=\/wp\/v2\/posts\/43976\/revisions"}],"predecessor-version":[{"id":43978,"href":"https:\/\/elcronistadigital.com\/index.php?rest_route=\/wp\/v2\/posts\/43976\/revisions\/43978"}],"wp:featuredmedia":[{"embeddable":true,"href":"https:\/\/elcronistadigital.com\/index.php?rest_route=\/wp\/v2\/media\/43977"}],"wp:attachment":[{"href":"https:\/\/elcronistadigital.com\/index.php?rest_route=%2Fwp%2Fv2%2Fmedia&parent=43976"}],"wp:term":[{"taxonomy":"category","embeddable":true,"href":"https:\/\/elcronistadigital.com\/index.php?rest_route=%2Fwp%2Fv2%2Fcategories&post=43976"},{"taxonomy":"post_tag","embeddable":true,"href":"https:\/\/elcronistadigital.com\/index.php?rest_route=%2Fwp%2Fv2%2Ftags&post=43976"}],"curies":[{"name":"wp","href":"https:\/\/api.w.org\/{rel}","templated":true}]}}