{"id":43979,"date":"2016-05-11T08:48:47","date_gmt":"2016-05-11T14:48:47","guid":{"rendered":"http:\/\/elcronistadigital.com\/?p=43979"},"modified":"2016-05-11T08:48:47","modified_gmt":"2016-05-11T14:48:47","slug":"muerte-del-elefante-en-nicaragua-oportunidad-de-rectificar","status":"publish","type":"post","link":"https:\/\/elcronistadigital.com\/?p=43979","title":{"rendered":"Muerte del elefante en Nicaragua: \u00bfoportunidad de rectificar?"},"content":{"rendered":"<div id=\"attachment_43980\" style=\"width: 410px\" class=\"wp-caption alignleft\"><a href=\"https:\/\/elcronistadigital.com\/wp-content\/uploads\/2016\/05\/elefante.jpg\"><img loading=\"lazy\" decoding=\"async\" aria-describedby=\"caption-attachment-43980\" class=\"size-full wp-image-43980\" alt=\"Uno de los elefantes del circo Renato, que opera en Nicaragua debido a que no puede hacerlo en M\u00e9xico ni pa\u00edses vecinos.\" src=\"https:\/\/elcronistadigital.com\/wp-content\/uploads\/2016\/05\/elefante.jpg\" width=\"400\" height=\"299\" srcset=\"https:\/\/elcronistadigital.com\/wp-content\/uploads\/2016\/05\/elefante.jpg 400w, https:\/\/elcronistadigital.com\/wp-content\/uploads\/2016\/05\/elefante-300x224.jpg 300w, https:\/\/elcronistadigital.com\/wp-content\/uploads\/2016\/05\/elefante-342x255.jpg 342w, https:\/\/elcronistadigital.com\/wp-content\/uploads\/2016\/05\/elefante-60x45.jpg 60w, https:\/\/elcronistadigital.com\/wp-content\/uploads\/2016\/05\/elefante-150x113.jpg 150w, https:\/\/elcronistadigital.com\/wp-content\/uploads\/2016\/05\/elefante-269x201.jpg 269w\" sizes=\"auto, (max-width: 400px) 100vw, 400px\" \/><\/a><p id=\"caption-attachment-43980\" class=\"wp-caption-text\">Uno de los elefantes del circo Renato, que opera en Nicaragua debido a que no puede hacerlo en M\u00e9xico ni pa\u00edses vecinos.<\/p><\/div>\n<p>Dr. Enrique Rimbaud<\/p>\n<p>La muerte de la cr\u00eda de elefante en manos y responsabilidad del Circo Renato nos llama poderosamente a movernos con responsabilidad y premura.<\/p>\n<p>Por un lado tenemos la enorme tristeza y preocupaci\u00f3n de que una especie en v\u00edas de extinci\u00f3n, una especie magn\u00edfica como son los elefantes, muera en manos de torturadores, cretinos in\u00fatiles de una sociedad en decadencia, como son los cirqueros, quienes por algo ya han sido prohibidos en casi todos los pa\u00edses de este mundo y todos nuestros vecinos\u2026 M\u00e9xico, Guatemala, Honduras, El Salvador, Costa Rica y Panam\u00e1 tienen los circos con animales prohibidos, por eso es que vagan sin rumbo ni horizonte por todo nuestro territorio, porque en Nicaragua a\u00fan no se han prohibido.<\/p>\n<p>Fundaci\u00f3n A.Mar.Te. en noviembre del a\u00f1o 2013 le plante\u00f3 a la Asamblea Nacional que se modificara la Ley 747 prohibiendo los circos con animales, a lo que a\u00fan no hemos tenido respuesta.<\/p>\n<p>Cuando en todo el mundo m\u00faltiples organizaciones internacionales, gubernamentales y privadas se dedican de lleno a la conservaci\u00f3n de la especie y al quiebre del tr\u00e1fico de marfil, el Circo Renato se da el lujo de perder una vida valiosa, patrimonio de la humanidad y del mundo, solo porque hay confusi\u00f3n de diagn\u00f3stico y de tratamiento.<\/p>\n<p>En la reuni\u00f3n mantenida con el diputado Wilfredo Navarro el 16 de abril, tanto Fundaci\u00f3n ADAN, Fundaci\u00f3n A.Mar.Te. y Fundaci\u00f3n Rescatando Huellas le planteamos nuestra preocupaci\u00f3n por el tema circos, pero a\u00fan no tenemos respuesta.<\/p>\n<p>No podemos desaprovechar como pa\u00eds responsable esta oportunidad, prohibamos de una buena vez los circos con animales y enviemos todos sus animales a santuarios de todo el mundo que generosamente aceptar\u00e1n a estas v\u00edctimas del maltrato y la tortura, como son los animales de circo.<\/p>\n<p>Adem\u00e1s, \u00a1hay que pedir explicaciones! \u00bfSe hizo la autopsia por parte de las autoridades? El IPSA pudo acceder al cad\u00e1ver para determinar causa de muerte y responsabilidad.<\/p>\n<p>\u00a1No a los circos con animales, prohib\u00e1moslos de una vez por todas asumiendo los compromisos que el pa\u00eds tiene firmados!<\/p>\n","protected":false},"excerpt":{"rendered":"<p>Dr. Enrique Rimbaud La muerte de la cr\u00eda de elefante en manos y responsabilidad del Circo Renato nos llama poderosamente a movernos con responsabilidad y premura. Por un lado tenemos la enorme tristeza y preocupaci\u00f3n de que una especie en v\u00edas de extinci\u00f3n, una especie magn\u00edfica como son los elefantes, muera en manos de torturadores, [&hellip;]<\/p>\n","protected":false},"author":1,"featured_media":43980,"comment_status":"open","ping_status":"open","sticky":false,"template":"","format":"standard","meta":{"om_disable_all_campaigns":false,"_monsterinsights_skip_tracking":false,"_monsterinsights_sitenote_active":false,"_monsterinsights_sitenote_note":"","_monsterinsights_sitenote_category":0,"footnotes":""},"categories":[3,12],"tags":[],"class_list":["post-43979","post","type-post","status-publish","format-standard","has-post-thumbnail","hentry","category-nacionales","category-blugs"],"aioseo_notices":[],"_links":{"self":[{"href":"https:\/\/elcronistadigital.com\/index.php?rest_route=\/wp\/v2\/posts\/43979","targetHints":{"allow":["GET"]}}],"collection":[{"href":"https:\/\/elcronistadigital.com\/index.php?rest_route=\/wp\/v2\/posts"}],"about":[{"href":"https:\/\/elcronistadigital.com\/index.php?rest_route=\/wp\/v2\/types\/post"}],"author":[{"embeddable":true,"href":"https:\/\/elcronistadigital.com\/index.php?rest_route=\/wp\/v2\/users\/1"}],"replies":[{"embeddable":true,"href":"https:\/\/elcronistadigital.com\/index.php?rest_route=%2Fwp%2Fv2%2Fcomments&post=43979"}],"version-history":[{"count":1,"href":"https:\/\/elcronistadigital.com\/index.php?rest_route=\/wp\/v2\/posts\/43979\/revisions"}],"predecessor-version":[{"id":43981,"href":"https:\/\/elcronistadigital.com\/index.php?rest_route=\/wp\/v2\/posts\/43979\/revisions\/43981"}],"wp:featuredmedia":[{"embeddable":true,"href":"https:\/\/elcronistadigital.com\/index.php?rest_route=\/wp\/v2\/media\/43980"}],"wp:attachment":[{"href":"https:\/\/elcronistadigital.com\/index.php?rest_route=%2Fwp%2Fv2%2Fmedia&parent=43979"}],"wp:term":[{"taxonomy":"category","embeddable":true,"href":"https:\/\/elcronistadigital.com\/index.php?rest_route=%2Fwp%2Fv2%2Fcategories&post=43979"},{"taxonomy":"post_tag","embeddable":true,"href":"https:\/\/elcronistadigital.com\/index.php?rest_route=%2Fwp%2Fv2%2Ftags&post=43979"}],"curies":[{"name":"wp","href":"https:\/\/api.w.org\/{rel}","templated":true}]}}