{"id":43982,"date":"2016-05-11T09:44:41","date_gmt":"2016-05-11T15:44:41","guid":{"rendered":"http:\/\/elcronistadigital.com\/?p=43982"},"modified":"2016-05-11T09:44:41","modified_gmt":"2016-05-11T15:44:41","slug":"capturan-en-nicaragua-a-dos-policias-hondurenos-con-un-millon-de-dolares","status":"publish","type":"post","link":"https:\/\/elcronistadigital.com\/?p=43982","title":{"rendered":"Capturan en Nicaragua a dos polic\u00edas hondure\u00f1os con un mill\u00f3n de d\u00f3lares"},"content":{"rendered":"<div id=\"attachment_43983\" style=\"width: 460px\" class=\"wp-caption alignleft\"><a href=\"https:\/\/elcronistadigital.com\/wp-content\/uploads\/2016\/05\/polic\u00edas-hondure\u00f1os.jpg\"><img loading=\"lazy\" decoding=\"async\" aria-describedby=\"caption-attachment-43983\" class=\"size-full wp-image-43983\" alt=\"Esta foto ha sido publicada por varios medios de prensa de Honduras, que aseguran que dos de los sujetos que aparecen son polic\u00edas activos de dicho pa\u00eds.\" src=\"https:\/\/elcronistadigital.com\/wp-content\/uploads\/2016\/05\/polic\u00edas-hondure\u00f1os.jpg\" width=\"450\" height=\"386\" srcset=\"https:\/\/elcronistadigital.com\/wp-content\/uploads\/2016\/05\/polic\u00edas-hondure\u00f1os.jpg 450w, https:\/\/elcronistadigital.com\/wp-content\/uploads\/2016\/05\/polic\u00edas-hondure\u00f1os-300x257.jpg 300w, https:\/\/elcronistadigital.com\/wp-content\/uploads\/2016\/05\/polic\u00edas-hondure\u00f1os-342x293.jpg 342w, https:\/\/elcronistadigital.com\/wp-content\/uploads\/2016\/05\/polic\u00edas-hondure\u00f1os-234x200.jpg 234w\" sizes=\"auto, (max-width: 450px) 100vw, 450px\" \/><\/a><p id=\"caption-attachment-43983\" class=\"wp-caption-text\">Esta foto ha sido publicada por varios medios de prensa de Honduras, que aseguran que dos de los sujetos que aparecen son polic\u00edas activos de dicho pa\u00eds.<\/p><\/div>\n<p>Medios de prensa de Honduras informaron que dos polic\u00edas activos de ese pa\u00eds fueron capturados este mi\u00e9rcoles en Managua, Nicaragua, con un mill\u00f3n de d\u00f3lares, equivalentes a 22 millones de lempiras.<\/p>\n<p>La cantidad de dinero y el hecho de que este fuera portado por dos agentes del orden en dos cajas para cervezas, ha provocado gran revuelo en la naci\u00f3n vecina, aquejada por la violencia del crimen organizado y la corrupci\u00f3n en las filas policiales.<\/p>\n<p>Los polic\u00edas hondure\u00f1os fueron identificados como Emilson Montenegro y el otro solo conocido como Flores, inform\u00f3 el canal de televisi\u00f3n HCH.<\/p>\n<p>Seg\u00fan informaci\u00f3n preliminar, los detenidos, asignados en la frontera El Guasaule, transportaban el dinero en dos cajas de cervezas.<\/p>\n<p>Los polic\u00edas, que andaban vestidos de civil, fueron detenidos junto a otro hombre de quien se desconoce su identidad.<\/p>\n","protected":false},"excerpt":{"rendered":"<p>Medios de prensa de Honduras informaron que dos polic\u00edas activos de ese pa\u00eds fueron capturados este mi\u00e9rcoles en Managua, Nicaragua, con un mill\u00f3n de d\u00f3lares, equivalentes a 22 millones de lempiras. La cantidad de dinero y el hecho de que este fuera portado por dos agentes del orden en dos cajas para cervezas, ha provocado [&hellip;]<\/p>\n","protected":false},"author":1,"featured_media":43983,"comment_status":"open","ping_status":"open","sticky":false,"template":"","format":"standard","meta":{"om_disable_all_campaigns":false,"_monsterinsights_skip_tracking":false,"_monsterinsights_sitenote_active":false,"_monsterinsights_sitenote_note":"","_monsterinsights_sitenote_category":0,"footnotes":""},"categories":[3524,13],"tags":[],"class_list":["post-43982","post","type-post","status-publish","format-standard","has-post-thumbnail","hentry","category-noticas","category-portada"],"aioseo_notices":[],"_links":{"self":[{"href":"https:\/\/elcronistadigital.com\/index.php?rest_route=\/wp\/v2\/posts\/43982","targetHints":{"allow":["GET"]}}],"collection":[{"href":"https:\/\/elcronistadigital.com\/index.php?rest_route=\/wp\/v2\/posts"}],"about":[{"href":"https:\/\/elcronistadigital.com\/index.php?rest_route=\/wp\/v2\/types\/post"}],"author":[{"embeddable":true,"href":"https:\/\/elcronistadigital.com\/index.php?rest_route=\/wp\/v2\/users\/1"}],"replies":[{"embeddable":true,"href":"https:\/\/elcronistadigital.com\/index.php?rest_route=%2Fwp%2Fv2%2Fcomments&post=43982"}],"version-history":[{"count":1,"href":"https:\/\/elcronistadigital.com\/index.php?rest_route=\/wp\/v2\/posts\/43982\/revisions"}],"predecessor-version":[{"id":43984,"href":"https:\/\/elcronistadigital.com\/index.php?rest_route=\/wp\/v2\/posts\/43982\/revisions\/43984"}],"wp:featuredmedia":[{"embeddable":true,"href":"https:\/\/elcronistadigital.com\/index.php?rest_route=\/wp\/v2\/media\/43983"}],"wp:attachment":[{"href":"https:\/\/elcronistadigital.com\/index.php?rest_route=%2Fwp%2Fv2%2Fmedia&parent=43982"}],"wp:term":[{"taxonomy":"category","embeddable":true,"href":"https:\/\/elcronistadigital.com\/index.php?rest_route=%2Fwp%2Fv2%2Fcategories&post=43982"},{"taxonomy":"post_tag","embeddable":true,"href":"https:\/\/elcronistadigital.com\/index.php?rest_route=%2Fwp%2Fv2%2Ftags&post=43982"}],"curies":[{"name":"wp","href":"https:\/\/api.w.org\/{rel}","templated":true}]}}