{"id":43986,"date":"2016-05-12T06:43:11","date_gmt":"2016-05-12T12:43:11","guid":{"rendered":"http:\/\/elcronistadigital.com\/?p=43986"},"modified":"2016-05-12T06:43:11","modified_gmt":"2016-05-12T12:43:11","slug":"senado-brasileno-aplica-golpe-a-dilma-rousseff","status":"publish","type":"post","link":"https:\/\/elcronistadigital.com\/?p=43986","title":{"rendered":"Senado brasile\u00f1o aplica golpe a Dilma Rousseff"},"content":{"rendered":"<div id=\"attachment_43987\" style=\"width: 285px\" class=\"wp-caption alignleft\"><a href=\"https:\/\/elcronistadigital.com\/wp-content\/uploads\/2016\/05\/Dilma-Rousseff.jpg\"><img loading=\"lazy\" decoding=\"async\" aria-describedby=\"caption-attachment-43987\" class=\"size-full wp-image-43987\" alt=\"Dilma Rousseff es v\u00edctima de un juicio pol\u00ectico alentado por la derecha brasile\u00f1a.\" src=\"https:\/\/elcronistadigital.com\/wp-content\/uploads\/2016\/05\/Dilma-Rousseff.jpg\" width=\"275\" height=\"183\" \/><\/a><p id=\"caption-attachment-43987\" class=\"wp-caption-text\">Dilma Rousseff es v\u00edctima de un juicio pol\u00ectico alentado por la derecha brasile\u00f1a.<\/p><\/div>\n<p>El Senado brasile\u00f1o dio luz verde este jueves al juicio pol\u00edtico contra Dilma Rousseff, que ser\u00e1 suspendida de la Presidencia del pa\u00eds durante 180 d\u00edas y sustituida de forma interina por el vicepresidente Michel Temer, mientras la C\u00e1mara define si destituye a la primera mujer que ha llegado al poder en Brasil.<\/p>\n<p>Tras una sesi\u00f3n maratoniana, que se prolong\u00f3 durante 20 horas y media, la votaci\u00f3n fue: 55 se pronunciaron a favor de apartar a Rousseff, 22 en contra y 4 se ausentaron.<\/p>\n<p>Roussseff fue acusada por un \u00abcrimen de responsabilidad\u00bb, el maquillaje de las cuentas p\u00fablicas, una pr\u00e1ctica habitual en los gobiernos brasile\u00f1os de todos los signos pol\u00edticos y que, a ojos de la Justicia, no constituye un delito.<\/p>\n<p>La oposici\u00f3n logr\u00f3 superar su objetivo de llegar a 54 votos, equivalentes a la mayor\u00eda calificada de dos tercios que, una vez que concluya el juicio, ser\u00e1 necesaria para que Rousseff sea finalmente destituida.<\/p>\n<p>El Gobierno y el Partido de los Trabajadores (PT) agotaron todas las posibilidades para tratar de frenar el proceso hasta el \u00faltimo minuto recurriendo incluso al Tribunal Supremo, que a primeras horas del mi\u00e9rcoles aval\u00f3 el desarrollo del procedimiento y rechaz\u00f3 un recurso de la Abogac\u00eda General del Estado.<\/p>\n<p>No hubo sorpresas durante una jornada en la que sus se\u00f1or\u00edas se ajustaron a sus respectivos guiones y, en la mayor\u00eda de los casos, utilizaron sus intervenciones m\u00e1s para justificarse ante su electorado con la vista puesta en las pr\u00f3ximas elecciones municipales que para debatir en profundidad las causas que han llevado a la separaci\u00f3n de Rousseff del poder.<\/p>\n<p>S\u00f3lo los miembros del PT y algunos de sus escasos aliados defendieron a la mandataria e insistieron en calificar de \u00abgolpe\u00bb la maniobra que ha llevado al hasta hoy vicepresidente Temer a la Presidencia.<\/p>\n<p>El abogado del Estado, Jos\u00e9 Eduardo Cardozo, insisti\u00f3 en que el \u00abimpeachment\u00bb carece de sustento legal y advirti\u00f3 de que con su aprobaci\u00f3n \u00abBrasil se transformar\u00e1 en la mayor rep\u00fablica bananera del planeta\u00bb.<\/p>\n<p>Entre los partidarios del impeachment, durante la sesi\u00f3n se sucedieron las cr\u00edticas al maquillaje de las cuentas p\u00fablicas y las encendidas condenas contra la corrupci\u00f3n, aunque sus se\u00f1or\u00edas evitaron mencionar que cerca del 60 por ciento de los senadores tiene cuentas pendientes con la Justicia.<\/p>\n<p>El propio presidente de la C\u00e1mara Alta, Renan Calheiros, uno de los protagonistas del impulso al juicio pol\u00edtico contra la presidenta, tiene una decena de causas en los tribunales.<\/p>\n<p>Calheiros admiti\u00f3 esta madrugada que el impeachment es \u00abun factor de inestabilidad\u00bb y abog\u00f3 por revisar la ley en el futuro para \u00abgarantizar la seguridad jur\u00eddica\u00bb.<\/p>\n<p>\u00abCada cual tendr\u00e1 que responder ante la historia por sus aciertos y errores en este proceso\u00bb, dijo antes de dar paso a la votaci\u00f3n.<\/p>\n<p>Para el senador Fernando Collor de Mello, quien renunci\u00f3 a la Presidencia en 1992 cuando se enfrentaba a un proceso de destituci\u00f3n por corrupci\u00f3n, que el sistema pol\u00edtico \u00abest\u00e1 en ruinas\u00bb.<\/p>\n<p>Collor, que renunci\u00f3 antes de ser destituido en medio de un esc\u00e1ndalo que sacudi\u00f3 al pa\u00eds pero fue absuelto por la Justicia dos a\u00f1os despu\u00e9s, revel\u00f3 que avis\u00f3 a Rousseff del proceso que se le ven\u00eda encima y le ofreci\u00f3 su consejo, pero no fue escuchado.<\/p>\n<p>La decisi\u00f3n del Senado supone la separaci\u00f3n autom\u00e1tica de Rousseff, a la que se le notificar\u00e1 formalmente en las pr\u00f3ximas horas y tendr\u00e1 que abandonar Planalto, la sede del Ejecutivo.<\/p>\n<p>Se atrincherar\u00e1 en la residencia presidencial, la Alvorada, durante los seis meses que se tomar\u00e1 el Senado para avanzar en el juicio pol\u00edtico y definir si la exonera, y la permite volver al cargo, o la destituye.<\/p>\n","protected":false},"excerpt":{"rendered":"<p>El Senado brasile\u00f1o dio luz verde este jueves al juicio pol\u00edtico contra Dilma Rousseff, que ser\u00e1 suspendida de la Presidencia del pa\u00eds durante 180 d\u00edas y sustituida de forma interina por el vicepresidente Michel Temer, mientras la C\u00e1mara define si destituye a la primera mujer que ha llegado al poder en Brasil. Tras una sesi\u00f3n [&hellip;]<\/p>\n","protected":false},"author":1,"featured_media":43987,"comment_status":"open","ping_status":"open","sticky":false,"template":"","format":"standard","meta":{"om_disable_all_campaigns":false,"_monsterinsights_skip_tracking":false,"_monsterinsights_sitenote_active":false,"_monsterinsights_sitenote_note":"","_monsterinsights_sitenote_category":0,"footnotes":""},"categories":[3524,13],"tags":[],"class_list":["post-43986","post","type-post","status-publish","format-standard","has-post-thumbnail","hentry","category-noticas","category-portada"],"aioseo_notices":[],"_links":{"self":[{"href":"https:\/\/elcronistadigital.com\/index.php?rest_route=\/wp\/v2\/posts\/43986","targetHints":{"allow":["GET"]}}],"collection":[{"href":"https:\/\/elcronistadigital.com\/index.php?rest_route=\/wp\/v2\/posts"}],"about":[{"href":"https:\/\/elcronistadigital.com\/index.php?rest_route=\/wp\/v2\/types\/post"}],"author":[{"embeddable":true,"href":"https:\/\/elcronistadigital.com\/index.php?rest_route=\/wp\/v2\/users\/1"}],"replies":[{"embeddable":true,"href":"https:\/\/elcronistadigital.com\/index.php?rest_route=%2Fwp%2Fv2%2Fcomments&post=43986"}],"version-history":[{"count":1,"href":"https:\/\/elcronistadigital.com\/index.php?rest_route=\/wp\/v2\/posts\/43986\/revisions"}],"predecessor-version":[{"id":43988,"href":"https:\/\/elcronistadigital.com\/index.php?rest_route=\/wp\/v2\/posts\/43986\/revisions\/43988"}],"wp:featuredmedia":[{"embeddable":true,"href":"https:\/\/elcronistadigital.com\/index.php?rest_route=\/wp\/v2\/media\/43987"}],"wp:attachment":[{"href":"https:\/\/elcronistadigital.com\/index.php?rest_route=%2Fwp%2Fv2%2Fmedia&parent=43986"}],"wp:term":[{"taxonomy":"category","embeddable":true,"href":"https:\/\/elcronistadigital.com\/index.php?rest_route=%2Fwp%2Fv2%2Fcategories&post=43986"},{"taxonomy":"post_tag","embeddable":true,"href":"https:\/\/elcronistadigital.com\/index.php?rest_route=%2Fwp%2Fv2%2Ftags&post=43986"}],"curies":[{"name":"wp","href":"https:\/\/api.w.org\/{rel}","templated":true}]}}