{"id":43992,"date":"2016-05-12T07:14:27","date_gmt":"2016-05-12T13:14:27","guid":{"rendered":"http:\/\/elcronistadigital.com\/?p=43992"},"modified":"2016-05-12T07:14:27","modified_gmt":"2016-05-12T13:14:27","slug":"amenaza-de-tres-grandes-huracanes","status":"publish","type":"post","link":"https:\/\/elcronistadigital.com\/?p=43992","title":{"rendered":"Amenaza de tres grandes huracanes"},"content":{"rendered":"<p><a href=\"https:\/\/elcronistadigital.com\/wp-content\/uploads\/2016\/05\/huracanes.png\"><img loading=\"lazy\" decoding=\"async\" class=\"alignleft size-full wp-image-43993\" alt=\"huracanes\" src=\"https:\/\/elcronistadigital.com\/wp-content\/uploads\/2016\/05\/huracanes.png\" width=\"400\" height=\"200\" srcset=\"https:\/\/elcronistadigital.com\/wp-content\/uploads\/2016\/05\/huracanes.png 400w, https:\/\/elcronistadigital.com\/wp-content\/uploads\/2016\/05\/huracanes-300x150.png 300w, https:\/\/elcronistadigital.com\/wp-content\/uploads\/2016\/05\/huracanes-342x171.png 342w\" sizes=\"auto, (max-width: 400px) 100vw, 400px\" \/><\/a>Tres huracanes de gran categor\u00eda podr\u00edan golpear este a\u00f1o el caribe de Nicaragua, seg\u00fan el especialista en meteorolog\u00eda, Agust\u00edn Moreira.<\/p>\n<p>La temporada de huracanes inicia en junio, de acuerdo a las predicciones del Centro Nacional de Huracanes, y Moreira explic\u00f3 que las perspectivas clim\u00e1ticas en el continente se describen por el incremento de la temperatura en las zonas del Caribe y la disminuci\u00f3n de la temperatura en las zonas del Pac\u00edfico.<\/p>\n<p>Moreira se\u00f1al\u00f3 que eso se debe a la entrada del fen\u00f3meno de la Ni\u00f1a.<\/p>\n<p>El Sinapred prepara el primer simulacro de hurac\u00e1n que se realizar\u00e1 este viernes 13, en las regiones aut\u00f3nomas norte y sur. Moreira anunci\u00f3 que este jueves las autoridades presentar\u00e1n un informe especial sobre las afectaciones del fen\u00f3meno de la Ni\u00f1a en Nicaragua.<\/p>\n","protected":false},"excerpt":{"rendered":"<p>Tres huracanes de gran categor\u00eda podr\u00edan golpear este a\u00f1o el caribe de Nicaragua, seg\u00fan el especialista en meteorolog\u00eda, Agust\u00edn Moreira. La temporada de huracanes inicia en junio, de acuerdo a las predicciones del Centro Nacional de Huracanes, y Moreira explic\u00f3 que las perspectivas clim\u00e1ticas en el continente se describen por el incremento de la temperatura [&hellip;]<\/p>\n","protected":false},"author":1,"featured_media":43993,"comment_status":"open","ping_status":"open","sticky":false,"template":"","format":"standard","meta":{"om_disable_all_campaigns":false,"_monsterinsights_skip_tracking":false,"_monsterinsights_sitenote_active":false,"_monsterinsights_sitenote_note":"","_monsterinsights_sitenote_category":0,"footnotes":""},"categories":[3524,13],"tags":[],"class_list":["post-43992","post","type-post","status-publish","format-standard","has-post-thumbnail","hentry","category-noticas","category-portada"],"aioseo_notices":[],"_links":{"self":[{"href":"https:\/\/elcronistadigital.com\/index.php?rest_route=\/wp\/v2\/posts\/43992","targetHints":{"allow":["GET"]}}],"collection":[{"href":"https:\/\/elcronistadigital.com\/index.php?rest_route=\/wp\/v2\/posts"}],"about":[{"href":"https:\/\/elcronistadigital.com\/index.php?rest_route=\/wp\/v2\/types\/post"}],"author":[{"embeddable":true,"href":"https:\/\/elcronistadigital.com\/index.php?rest_route=\/wp\/v2\/users\/1"}],"replies":[{"embeddable":true,"href":"https:\/\/elcronistadigital.com\/index.php?rest_route=%2Fwp%2Fv2%2Fcomments&post=43992"}],"version-history":[{"count":1,"href":"https:\/\/elcronistadigital.com\/index.php?rest_route=\/wp\/v2\/posts\/43992\/revisions"}],"predecessor-version":[{"id":43994,"href":"https:\/\/elcronistadigital.com\/index.php?rest_route=\/wp\/v2\/posts\/43992\/revisions\/43994"}],"wp:featuredmedia":[{"embeddable":true,"href":"https:\/\/elcronistadigital.com\/index.php?rest_route=\/wp\/v2\/media\/43993"}],"wp:attachment":[{"href":"https:\/\/elcronistadigital.com\/index.php?rest_route=%2Fwp%2Fv2%2Fmedia&parent=43992"}],"wp:term":[{"taxonomy":"category","embeddable":true,"href":"https:\/\/elcronistadigital.com\/index.php?rest_route=%2Fwp%2Fv2%2Fcategories&post=43992"},{"taxonomy":"post_tag","embeddable":true,"href":"https:\/\/elcronistadigital.com\/index.php?rest_route=%2Fwp%2Fv2%2Ftags&post=43992"}],"curies":[{"name":"wp","href":"https:\/\/api.w.org\/{rel}","templated":true}]}}