{"id":44011,"date":"2016-05-18T11:59:43","date_gmt":"2016-05-18T17:59:43","guid":{"rendered":"http:\/\/elcronistadigital.com\/?p=44011"},"modified":"2016-05-18T11:59:43","modified_gmt":"2016-05-18T17:59:43","slug":"cafe-especial-nica-se-promocionara-en-europa","status":"publish","type":"post","link":"https:\/\/elcronistadigital.com\/?p=44011","title":{"rendered":"Caf\u00e9 especial nica se promocionar\u00e1 en Europa"},"content":{"rendered":"<p><a href=\"https:\/\/elcronistadigital.com\/wp-content\/uploads\/2016\/05\/caf\u00e9-especial.jpg\"><img loading=\"lazy\" decoding=\"async\" class=\"alignleft size-medium wp-image-44012\" alt=\"caf\u00e9 especial\" src=\"https:\/\/elcronistadigital.com\/wp-content\/uploads\/2016\/05\/caf\u00e9-especial-300x220.jpg\" width=\"300\" height=\"220\" srcset=\"https:\/\/elcronistadigital.com\/wp-content\/uploads\/2016\/05\/caf\u00e9-especial-300x220.jpg 300w, https:\/\/elcronistadigital.com\/wp-content\/uploads\/2016\/05\/caf\u00e9-especial-342x251.jpg 342w, https:\/\/elcronistadigital.com\/wp-content\/uploads\/2016\/05\/caf\u00e9-especial-60x45.jpg 60w, https:\/\/elcronistadigital.com\/wp-content\/uploads\/2016\/05\/caf\u00e9-especial-90x65.jpg 90w, https:\/\/elcronistadigital.com\/wp-content\/uploads\/2016\/05\/caf\u00e9-especial.jpg 528w\" sizes=\"auto, (max-width: 300px) 100vw, 300px\" \/><\/a>Nicaragua promover\u00e1 sus caf\u00e9s especiales en la pr\u00f3xima edici\u00f3n de la feria de la Asociaci\u00f3n de Caf\u00e9 Especial de Europa, \u00abMundo del Caf\u00e9 2016\u00bb, que se realizar\u00e1 del 23 al 25 de junio pr\u00f3ximos en Dubl\u00edn, Irlanda, inform\u00f3 una fuente oficial.<\/p>\n<p>La delegaci\u00f3n nicarag\u00fcense que participar\u00e1 en esa feria buscar\u00e1 establecer contactos claves con compradores internacionales a fin de explorar potenciales oportunidades de negocios, indic\u00f3 la estatal Agencia Oficial de Promoci\u00f3n de Inversiones y Exportaciones de Nicaragua (ProNicaragua), citada por Efe.<\/p>\n<p>El evento de la Asociaci\u00f3n de Caf\u00e9 Especial de Europa (SCAE, por sus siglas en ingl\u00e9s), es el m\u00e1s grande de Europa en su tipo y una de las ferias m\u00e1s prestigiosas del mundo que re\u00fane a miles de profesionales y entusiastas del caf\u00e9 por tres d\u00edas para celebrar el caf\u00e9 especial, destac\u00f3 la entidad estatal.<\/p>\n<p>Nicaragua promover\u00e1 su caf\u00e9 de calidad mundial en ese evento por segundo a\u00f1o consecutivo, agreg\u00f3 la fuente. La delegaci\u00f3n estar\u00e1 compuesta por empresas nicarag\u00fcenses productoras de caf\u00e9s especiales.<\/p>\n<p>Esa nueva participaci\u00f3n en SCAE 2016 surge a ra\u00edz de la exitosa experiencia de las empresas nicarag\u00fcenses en la edici\u00f3n 2015, en la cual se generaron contactos de negocios y se conocieron tendencias en el consumo del caf\u00e9 en el mercado europeo, anot\u00f3 ProNicaragua.<\/p>\n<p>Paralelamente, las firmas europeas, representantes de compradores mayoristas, mostraron inter\u00e9s en conocer m\u00e1s sobre Nicaragua y su oferta de caf\u00e9 de alta calidad, de acuerdo a la informaci\u00f3n.<\/p>\n<p>En 2015, las exportaciones de caf\u00e9 alcanzaron los 392 millones de d\u00f3lares, mostrando un leve decrecimiento del 0,8 % en comparaci\u00f3n con el 2014, debido principalmente a la volatilidad en el precio internacional del caf\u00e9, seg\u00fan cifras oficiales.<\/p>\n<p>El caf\u00e9 es el principal producto de exportaci\u00f3n hacia el mercado europeo.<\/p>\n","protected":false},"excerpt":{"rendered":"<p>Nicaragua promover\u00e1 sus caf\u00e9s especiales en la pr\u00f3xima edici\u00f3n de la feria de la Asociaci\u00f3n de Caf\u00e9 Especial de Europa, \u00abMundo del Caf\u00e9 2016\u00bb, que se realizar\u00e1 del 23 al 25 de junio pr\u00f3ximos en Dubl\u00edn, Irlanda, inform\u00f3 una fuente oficial. La delegaci\u00f3n nicarag\u00fcense que participar\u00e1 en esa feria buscar\u00e1 establecer contactos claves con compradores [&hellip;]<\/p>\n","protected":false},"author":1,"featured_media":44012,"comment_status":"open","ping_status":"open","sticky":false,"template":"","format":"standard","meta":{"om_disable_all_campaigns":false,"_monsterinsights_skip_tracking":false,"_monsterinsights_sitenote_active":false,"_monsterinsights_sitenote_note":"","_monsterinsights_sitenote_category":0,"footnotes":""},"categories":[4,3524],"tags":[],"class_list":["post-44011","post","type-post","status-publish","format-standard","has-post-thumbnail","hentry","category-economia","category-noticas"],"aioseo_notices":[],"_links":{"self":[{"href":"https:\/\/elcronistadigital.com\/index.php?rest_route=\/wp\/v2\/posts\/44011","targetHints":{"allow":["GET"]}}],"collection":[{"href":"https:\/\/elcronistadigital.com\/index.php?rest_route=\/wp\/v2\/posts"}],"about":[{"href":"https:\/\/elcronistadigital.com\/index.php?rest_route=\/wp\/v2\/types\/post"}],"author":[{"embeddable":true,"href":"https:\/\/elcronistadigital.com\/index.php?rest_route=\/wp\/v2\/users\/1"}],"replies":[{"embeddable":true,"href":"https:\/\/elcronistadigital.com\/index.php?rest_route=%2Fwp%2Fv2%2Fcomments&post=44011"}],"version-history":[{"count":1,"href":"https:\/\/elcronistadigital.com\/index.php?rest_route=\/wp\/v2\/posts\/44011\/revisions"}],"predecessor-version":[{"id":44013,"href":"https:\/\/elcronistadigital.com\/index.php?rest_route=\/wp\/v2\/posts\/44011\/revisions\/44013"}],"wp:featuredmedia":[{"embeddable":true,"href":"https:\/\/elcronistadigital.com\/index.php?rest_route=\/wp\/v2\/media\/44012"}],"wp:attachment":[{"href":"https:\/\/elcronistadigital.com\/index.php?rest_route=%2Fwp%2Fv2%2Fmedia&parent=44011"}],"wp:term":[{"taxonomy":"category","embeddable":true,"href":"https:\/\/elcronistadigital.com\/index.php?rest_route=%2Fwp%2Fv2%2Fcategories&post=44011"},{"taxonomy":"post_tag","embeddable":true,"href":"https:\/\/elcronistadigital.com\/index.php?rest_route=%2Fwp%2Fv2%2Ftags&post=44011"}],"curies":[{"name":"wp","href":"https:\/\/api.w.org\/{rel}","templated":true}]}}