{"id":44014,"date":"2016-05-19T08:04:38","date_gmt":"2016-05-19T14:04:38","guid":{"rendered":"http:\/\/elcronistadigital.com\/?p=44014"},"modified":"2016-05-19T08:04:38","modified_gmt":"2016-05-19T14:04:38","slug":"maradona-saludo-aniversario-121-de-sandino","status":"publish","type":"post","link":"https:\/\/elcronistadigital.com\/?p=44014","title":{"rendered":"Maradona salud\u00f3 aniversario 121 de Sandino"},"content":{"rendered":"<div id=\"attachment_44015\" style=\"width: 460px\" class=\"wp-caption alignleft\"><a href=\"https:\/\/elcronistadigital.com\/wp-content\/uploads\/2016\/05\/Daniel-y-Maradona.jpg\"><img loading=\"lazy\" decoding=\"async\" aria-describedby=\"caption-attachment-44015\" class=\"size-full wp-image-44015\" alt=\"El presidente Daniel Ortega y el astro argentino del f\u00fatbol, Diergo Armando Maradona.\" src=\"https:\/\/elcronistadigital.com\/wp-content\/uploads\/2016\/05\/Daniel-y-Maradona.jpg\" width=\"450\" height=\"300\" srcset=\"https:\/\/elcronistadigital.com\/wp-content\/uploads\/2016\/05\/Daniel-y-Maradona.jpg 450w, https:\/\/elcronistadigital.com\/wp-content\/uploads\/2016\/05\/Daniel-y-Maradona-300x200.jpg 300w, https:\/\/elcronistadigital.com\/wp-content\/uploads\/2016\/05\/Daniel-y-Maradona-342x228.jpg 342w\" sizes=\"auto, (max-width: 450px) 100vw, 450px\" \/><\/a><p id=\"caption-attachment-44015\" class=\"wp-caption-text\">El presidente Daniel Ortega y el astro argentino del f\u00fatbol, Diergo Armando Maradona.<\/p><\/div>\n<p>El Gobierno de Nicaragua divulg\u00f3 el mi\u00e9rcoles un saludo del astro argentino del f\u00fatbol, Diego Armando Maradona, por el aniversario n\u00famero 121 del natalicio del m\u00e1ximo h\u00e9roe nicarag\u00fcense, Augusto C. Sandino.<\/p>\n<p>\u00abMe adhiero al aniversario 121 de Sandino, de un sandinista: Diego Maradona\u00bb, dijo el futbolista, en un mensaje de voz, dado a conocer por la Presidencia a trav\u00e9s de medios del Gobierno.<\/p>\n<p>En abril pasado Maradona recibi\u00f3 en Managua la orden Augusto C. Sandino en grado de Gran Batalla, de San Jacinto, la m\u00e1xima condecoraci\u00f3n que otorga el Gobierno de Nicaragua.<\/p>\n<p>El presidente nicarag\u00fcense, Daniel Ortega, resolvi\u00f3 reconocer a Maradona por ser \u00abun ciudadano del planeta con vocaci\u00f3n solidaria y libertaria\u00bb.<\/p>\n<p>Sandino (1895-1934) es considerado el mayor h\u00e9roe de Nicaragua por haberse opuesto a una intervenci\u00f3n militar estadounidense en los a\u00f1os 20 del siglo pasado, por expulsar del pa\u00eds a los \u00abmarines\u00bb, as\u00ed como por ser la inspiraci\u00f3n de la revoluci\u00f3n popular que derroc\u00f3 a la dictadura de la familia Somoza en 1979.<\/p>\n","protected":false},"excerpt":{"rendered":"<p>El Gobierno de Nicaragua divulg\u00f3 el mi\u00e9rcoles un saludo del astro argentino del f\u00fatbol, Diego Armando Maradona, por el aniversario n\u00famero 121 del natalicio del m\u00e1ximo h\u00e9roe nicarag\u00fcense, Augusto C. Sandino. \u00abMe adhiero al aniversario 121 de Sandino, de un sandinista: Diego Maradona\u00bb, dijo el futbolista, en un mensaje de voz, dado a conocer por [&hellip;]<\/p>\n","protected":false},"author":1,"featured_media":44015,"comment_status":"open","ping_status":"open","sticky":false,"template":"","format":"standard","meta":{"om_disable_all_campaigns":false,"_monsterinsights_skip_tracking":false,"_monsterinsights_sitenote_active":false,"_monsterinsights_sitenote_note":"","_monsterinsights_sitenote_category":0,"footnotes":""},"categories":[3524],"tags":[],"class_list":["post-44014","post","type-post","status-publish","format-standard","has-post-thumbnail","hentry","category-noticas"],"aioseo_notices":[],"_links":{"self":[{"href":"https:\/\/elcronistadigital.com\/index.php?rest_route=\/wp\/v2\/posts\/44014","targetHints":{"allow":["GET"]}}],"collection":[{"href":"https:\/\/elcronistadigital.com\/index.php?rest_route=\/wp\/v2\/posts"}],"about":[{"href":"https:\/\/elcronistadigital.com\/index.php?rest_route=\/wp\/v2\/types\/post"}],"author":[{"embeddable":true,"href":"https:\/\/elcronistadigital.com\/index.php?rest_route=\/wp\/v2\/users\/1"}],"replies":[{"embeddable":true,"href":"https:\/\/elcronistadigital.com\/index.php?rest_route=%2Fwp%2Fv2%2Fcomments&post=44014"}],"version-history":[{"count":1,"href":"https:\/\/elcronistadigital.com\/index.php?rest_route=\/wp\/v2\/posts\/44014\/revisions"}],"predecessor-version":[{"id":44016,"href":"https:\/\/elcronistadigital.com\/index.php?rest_route=\/wp\/v2\/posts\/44014\/revisions\/44016"}],"wp:featuredmedia":[{"embeddable":true,"href":"https:\/\/elcronistadigital.com\/index.php?rest_route=\/wp\/v2\/media\/44015"}],"wp:attachment":[{"href":"https:\/\/elcronistadigital.com\/index.php?rest_route=%2Fwp%2Fv2%2Fmedia&parent=44014"}],"wp:term":[{"taxonomy":"category","embeddable":true,"href":"https:\/\/elcronistadigital.com\/index.php?rest_route=%2Fwp%2Fv2%2Fcategories&post=44014"},{"taxonomy":"post_tag","embeddable":true,"href":"https:\/\/elcronistadigital.com\/index.php?rest_route=%2Fwp%2Fv2%2Ftags&post=44014"}],"curies":[{"name":"wp","href":"https:\/\/api.w.org\/{rel}","templated":true}]}}