{"id":44023,"date":"2016-05-19T09:51:14","date_gmt":"2016-05-19T15:51:14","guid":{"rendered":"http:\/\/elcronistadigital.com\/?p=44023"},"modified":"2016-05-19T09:51:14","modified_gmt":"2016-05-19T15:51:14","slug":"jornada-medica-de-comando-sur-en-nicaragua","status":"publish","type":"post","link":"https:\/\/elcronistadigital.com\/?p=44023","title":{"rendered":"Jornada m\u00e9dica de Comando Sur en Nicaragua"},"content":{"rendered":"<p><a href=\"https:\/\/elcronistadigital.com\/wp-content\/uploads\/2016\/05\/comando-sur.jpg\"><img loading=\"lazy\" decoding=\"async\" class=\"alignleft size-full wp-image-44024\" alt=\"comando sur\" src=\"https:\/\/elcronistadigital.com\/wp-content\/uploads\/2016\/05\/comando-sur.jpg\" width=\"350\" height=\"262\" srcset=\"https:\/\/elcronistadigital.com\/wp-content\/uploads\/2016\/05\/comando-sur.jpg 350w, https:\/\/elcronistadigital.com\/wp-content\/uploads\/2016\/05\/comando-sur-300x224.jpg 300w, https:\/\/elcronistadigital.com\/wp-content\/uploads\/2016\/05\/comando-sur-342x256.jpg 342w, https:\/\/elcronistadigital.com\/wp-content\/uploads\/2016\/05\/comando-sur-60x45.jpg 60w, https:\/\/elcronistadigital.com\/wp-content\/uploads\/2016\/05\/comando-sur-150x113.jpg 150w, https:\/\/elcronistadigital.com\/wp-content\/uploads\/2016\/05\/comando-sur-269x201.jpg 269w\" sizes=\"auto, (max-width: 350px) 100vw, 350px\" \/><\/a>Un grupo militar del Comando Sur de los Estados Unidos inici\u00f3 el mi\u00e9rcoles una jornada m\u00e9dica en una comunidad pobre de la Regi\u00f3n Aut\u00f3noma del Caribe Norte (RACN) de Nicaragua, en la que prev\u00e9n beneficiar a unas 800 personas.<\/p>\n<p>La jornada m\u00e9dica, de dos d\u00edas, se realiza en la comunidad rural de Alamikamba, municipio de Prinzapolka, uno de los m\u00e1s pobres de Nicaragua.<\/p>\n<p>En esa jornada m\u00e9dica participan 60 personas de la Fuerza de Tarea Conjunta-Bravo, incluyendo las tripulaciones a\u00e9reas, m\u00e9dicos, enfermeras y apoyo de seguridad al Ej\u00e9rcito de Nicaragua, seg\u00fan la embajada estadounidense en Managua.<\/p>\n<p>Por parte de Nicaragua participan 16 m\u00e9dicos y enfermeras provenientes del Ministerio de Salud y del Ej\u00e9rcito nicarag\u00fcense.<\/p>\n<p>En total, se pretende beneficiar a unas 800 personas, a las que adem\u00e1s de la atenci\u00f3n m\u00e9dica se les proporcionar\u00e1 medicina para su tratamiento.<\/p>\n<p>Helic\u00f3pteros de la Fuerza de Tarea Conjunta Bravo apoyan la jornada de asistencia humanitaria.<\/p>\n<p>Diario El Mundo abre este espacio de opiniones para que se pueda debatir, construir ideas y fomentar la reflexi\u00f3n. Por eso, pedimos que se evite hacer uso de ataques ofensivos, que incluyan malas palabras,<br \/>\nde lo contrario nos reservamos el derecho de publicaci\u00f3n.<\/p>\n<p>Recuerde que este es un medio que est\u00e1 para generar opini\u00f3n constructiva.<\/p>\n","protected":false},"excerpt":{"rendered":"<p>Un grupo militar del Comando Sur de los Estados Unidos inici\u00f3 el mi\u00e9rcoles una jornada m\u00e9dica en una comunidad pobre de la Regi\u00f3n Aut\u00f3noma del Caribe Norte (RACN) de Nicaragua, en la que prev\u00e9n beneficiar a unas 800 personas. La jornada m\u00e9dica, de dos d\u00edas, se realiza en la comunidad rural de Alamikamba, municipio de [&hellip;]<\/p>\n","protected":false},"author":1,"featured_media":44024,"comment_status":"open","ping_status":"open","sticky":false,"template":"","format":"standard","meta":{"om_disable_all_campaigns":false,"_monsterinsights_skip_tracking":false,"_monsterinsights_sitenote_active":false,"_monsterinsights_sitenote_note":"","_monsterinsights_sitenote_category":0,"footnotes":""},"categories":[3524],"tags":[],"class_list":["post-44023","post","type-post","status-publish","format-standard","has-post-thumbnail","hentry","category-noticas"],"aioseo_notices":[],"_links":{"self":[{"href":"https:\/\/elcronistadigital.com\/index.php?rest_route=\/wp\/v2\/posts\/44023","targetHints":{"allow":["GET"]}}],"collection":[{"href":"https:\/\/elcronistadigital.com\/index.php?rest_route=\/wp\/v2\/posts"}],"about":[{"href":"https:\/\/elcronistadigital.com\/index.php?rest_route=\/wp\/v2\/types\/post"}],"author":[{"embeddable":true,"href":"https:\/\/elcronistadigital.com\/index.php?rest_route=\/wp\/v2\/users\/1"}],"replies":[{"embeddable":true,"href":"https:\/\/elcronistadigital.com\/index.php?rest_route=%2Fwp%2Fv2%2Fcomments&post=44023"}],"version-history":[{"count":1,"href":"https:\/\/elcronistadigital.com\/index.php?rest_route=\/wp\/v2\/posts\/44023\/revisions"}],"predecessor-version":[{"id":44025,"href":"https:\/\/elcronistadigital.com\/index.php?rest_route=\/wp\/v2\/posts\/44023\/revisions\/44025"}],"wp:featuredmedia":[{"embeddable":true,"href":"https:\/\/elcronistadigital.com\/index.php?rest_route=\/wp\/v2\/media\/44024"}],"wp:attachment":[{"href":"https:\/\/elcronistadigital.com\/index.php?rest_route=%2Fwp%2Fv2%2Fmedia&parent=44023"}],"wp:term":[{"taxonomy":"category","embeddable":true,"href":"https:\/\/elcronistadigital.com\/index.php?rest_route=%2Fwp%2Fv2%2Fcategories&post=44023"},{"taxonomy":"post_tag","embeddable":true,"href":"https:\/\/elcronistadigital.com\/index.php?rest_route=%2Fwp%2Fv2%2Ftags&post=44023"}],"curies":[{"name":"wp","href":"https:\/\/api.w.org\/{rel}","templated":true}]}}